{"id":5897,"date":"2017-03-22T16:05:00","date_gmt":"2017-03-22T15:05:00","guid":{"rendered":""},"modified":"2024-11-12T13:39:43","modified_gmt":"2024-11-12T12:39:43","slug":"mocion-sobre-o-deixar-facer-un-hotel-na","status":"publish","type":"post","link":"https:\/\/blogs.amarinha.gal\/ribadeando\/2017\/03\/22\/mocion-sobre-o-deixar-facer-un-hotel-na\/","title":{"rendered":"Moci\u00f3n sobre o deixar facer un hotel na illa Pancha (PSOE, 20170316)"},"content":{"rendered":"<p>A semana pasada, o grupo municipal socialista presentou unha moci\u00f3n para ser levada \u00f3 pleno que se pretende para ma\u00f1\u00e1 xoves, \u00e1s 20:30 horas. Temos entendido que non se levar\u00e1, co que a \u00fanica alternativa para tratala en data pr\u00f3xima (en caso de que faigan as\u00ed) ser\u00e1 solicitar o metela de urxencia. Algo que o alcalde pode preguntar \u00f3 pleno en calquera momento do mesmo (normalmente, \u00f3 comezo ou&nbsp; \u00f3 final).<\/p>\n<p>Cremos que o apoio ou rexeitamento da moci\u00f3n dar\u00e1 unha idea do pensamento do alcalde e dos concelleiros sobre as irregularidades denunciadas por &#8216;por Nuestro Faro&#8217; e manifestadas de xeito claro polo defensor del Pueblo.<\/p>\n<p>Ma\u00f1\u00e1, despois das oito, a resposta.<\/p>\n<p><a href=\"https:\/\/blogger.googleusercontent.com\/img\/b\/R29vZ2xl\/AVvXsEguOVDlsJ9oZXwbddrzek0SEMKU2gMnls2TI0yZFVi10ubcaJ933R7uI3pNvmXFrG7PIUzEKtVUIhmNqN_O-6Rtwu2hLz5lXswR9Wpo_d-rTAKY4uYpOe4o-Weqth225ZlAhgskGA\/s2048\/illa+Pancha+e+pen%25C3%25ADnsula.png\" imageanchor=\"1\" style=\"margin-left: 1em; margin-right: 1em;\"><img decoding=\"async\" src=\"https:\/\/blogger.googleusercontent.com\/img\/b\/R29vZ2xl\/AVvXsEguOVDlsJ9oZXwbddrzek0SEMKU2gMnls2TI0yZFVi10ubcaJ933R7uI3pNvmXFrG7PIUzEKtVUIhmNqN_O-6Rtwu2hLz5lXswR9Wpo_d-rTAKY4uYpOe4o-Weqth225ZlAhgskGA\/s2048\/illa+Pancha+e+pen%25C3%25ADnsula.png\" \/><\/a><\/p>\n<p>O texto da moci\u00f3n:<\/p>\n<p><a href=\"https:\/\/www.scribd.com\/document\/342701189\/20170316-Mocion-Hotel-Faro-Illa-Pancha\">https:\/\/www.scribd.com\/document\/342701189\/20170316-Mocion-Hotel-Faro-Illa-Pancha<\/a><\/p>\n<p>ou<\/p>\n<p><a href=\"http:\/\/issuu.com\/agremon\/docs\/20170316_mocion_hotel_faro_illa_pan\">http:\/\/issuu.com\/agremon\/docs\/20170316_mocion_hotel_faro_illa_pan<\/a><\/p>\n<p>Ou podes vela aqu\u00ed:<\/p>\n<p>En Scribd:<\/p>\n<p><a href=\"https:\/\/www.scribd.com\/document\/342701189\/20170316-Mocion-Hotel-Faro-Illa-Pancha#from_embed\" style=\"text-decoration: underline;\" title=\"View 20170316 Mocion Hotel Faro Illa Pancha on Scribd\">20170316 Mocion Hotel Faro Illa Pancha<\/a> by <a href=\"https:\/\/www.scribd.com\/user\/14916324\/Antonio-Gregorio#from_embed\" style=\"text-decoration: underline;\" title=\"View Antonio Gregorio's profile on Scribd\">Antonio Gregorio<\/a> on Scribd<\/p>\n<p>En issuu:<\/p>\n<p><script async=\"true\" src=\"\/\/e.issuu.com\/embed.js\" type=\"text\/javascript\"><\/script><\/p>\n","protected":false},"excerpt":{"rendered":"<p>A semana pasada, o grupo municipal socialista presentou unha moci\u00f3n para ser levada \u00f3 pleno que se pretende para ma\u00f1\u00e1 xoves, \u00e1s 20:30 horas. Temos entendido que non se levar\u00e1, co que a \u00fanica alternativa para tratala en data pr\u00f3xima (en caso de que faigan as\u00ed) ser\u00e1 solicitar o metela de urxencia. Algo que o [&hellip;]<\/p>\n","protected":false},"author":3,"featured_media":0,"comment_status":"open","ping_status":"closed","sticky":false,"template":"","format":"standard","meta":{"activitypub_content_warning":"","activitypub_content_visibility":"","activitypub_max_image_attachments":3,"activitypub_interaction_policy_quote":"anyone","activitypub_status":"federated","footnotes":""},"categories":[1],"tags":[37,26,42,13],"class_list":["post-5897","post","type-post","status-publish","format-standard","hentry","category-sen-categoria","tag-illa-pancha","tag-medio","tag-plenos","tag-politica"],"_links":{"self":[{"href":"https:\/\/blogs.amarinha.gal\/ribadeando\/wp-json\/wp\/v2\/posts\/5897","targetHints":{"allow":["GET"]}}],"collection":[{"href":"https:\/\/blogs.amarinha.gal\/ribadeando\/wp-json\/wp\/v2\/posts"}],"about":[{"href":"https:\/\/blogs.amarinha.gal\/ribadeando\/wp-json\/wp\/v2\/types\/post"}],"author":[{"embeddable":true,"href":"https:\/\/blogs.amarinha.gal\/ribadeando\/wp-json\/wp\/v2\/users\/3"}],"replies":[{"embeddable":true,"href":"https:\/\/blogs.amarinha.gal\/ribadeando\/wp-json\/wp\/v2\/comments?post=5897"}],"version-history":[{"count":0,"href":"https:\/\/blogs.amarinha.gal\/ribadeando\/wp-json\/wp\/v2\/posts\/5897\/revisions"}],"wp:attachment":[{"href":"https:\/\/blogs.amarinha.gal\/ribadeando\/wp-json\/wp\/v2\/media?parent=5897"}],"wp:term":[{"taxonomy":"category","embeddable":true,"href":"https:\/\/blogs.amarinha.gal\/ribadeando\/wp-json\/wp\/v2\/categories?post=5897"},{"taxonomy":"post_tag","embeddable":true,"href":"https:\/\/blogs.amarinha.gal\/ribadeando\/wp-json\/wp\/v2\/tags?post=5897"}],"curies":[{"name":"wp","href":"https:\/\/api.w.org\/{rel}","templated":true}]}}