{"id":5864,"date":"2017-04-26T12:34:00","date_gmt":"2017-04-26T10:34:00","guid":{"rendered":""},"modified":"2024-11-12T13:38:45","modified_gmt":"2024-11-12T12:38:45","slug":"os-aventados-20-anos-cazando-o-vento-da","status":"publish","type":"post","link":"https:\/\/blogs.amarinha.gal\/ribadeando\/2017\/04\/26\/os-aventados-20-anos-cazando-o-vento-da\/","title":{"rendered":"Os Aventados: 20 anos cazando o vento da cultura"},"content":{"rendered":"<p>Di o tango de Carlitos Gardel, interpretado por Eugenio Del Valle que &#8220;veinte a\u00f1os no son nada&#8230;&#8221;. Pero dende 1997 te\u00f1en pasado unhas cuantas primaveras e moitos compa\u00f1eiros\/as de singladura na procura do<a href=\"https:\/\/gl.wikipedia.org\/wiki\/V%C3%A9laro_de_ouro\"> V\u00e9laro de Ouro<\/a>, que para n\u00f3s sempre ser\u00e1 o patrimonio hist\u00f3rico-cultural-ecol\u00f3xico da nosa fermosa Britonia.<\/p>\n<p>Aqueles Aventados que vi\u00f1eron de Euskadi: O poeta Gregorio San Ju\u00e1n; o novelista Amado G\u00f3mez Ugarte; o director de cine Kepa Sojo; o historiador Ant\u00f3n S\u00e1ez de Santa Mar\u00eda. A ceramista de Cantabria, Ana Bedia. O pintor Felipe Criado. O escultor Quique Guerra. O mari\u00f1eiro Alberto Pillado. Manuel P\u00e9rez Outeda; Pedro San Jos\u00e9; Jes\u00fas Murados; Modesto Rivera; o Mestre -Don Francisco Rivera Cas\u00e1s-. Todos deixaron a s\u00faa impronta dende o faro da Atalaia \u00e1s Reais F\u00e1bricas de Sargadelos.<\/p>\n<p>Temos Aventados dende a R\u00eda de Ribadeo ata o faro de A Estaca de Bares, pasando por Mondo\u00f1edo e Lugo. Ceramistas, pintores, escultores, profesores, enxe\u00f1eiros, poetas, historiadores, fot\u00f3grafos, dibuxantes, cronistas, m\u00fasicos, capit\u00e1ns de buque, escritores, cami\u00f1antes, mari\u00f1eiros, xentes de chuvia e calma, comprometidos co pa\u00eds, rebeldes fronte \u00e1s inxusticias, dispostos a cambiar o mundo coa palabra e o voto. Dispo\u00f1eemos de c\u00f3nsules de A Mari\u00f1a en Madrid, Alcal\u00e1 de Henares, El Escorial, Barcelona, nos catro puntos cardinais da sinal da cruz, e no lume de San Telmo a proa, ou nas adegas de popa preparadas para a creatividade, coas amuras listas para cacear no medio do oc\u00e9ano da vida.<\/p>\n<p>Pintores como Guerreiro que dan vida a estaci\u00f3ns emocionadas polas despedidas. Fot\u00f3grafos como Fabi\u00e1n Reino, que como Robert Capa, inmoviliza cada instante da vida en Mondo\u00f1edo. Ceramistas como Sito Otero Regal, Picassiano capaz de recrear nun mural a entrada dun cabalo nuna cacharrer\u00eda. Poetas como Paco Rivas, que transforman cada gota do salseiro Cant\u00e1brico na estrofa dun poema. Investigadores como o Cronista Oficial de Viveiro,- Carlos Nuevo Cal- capaz de saber e compartir, como ningu\u00e9n, a vida e o esp\u00edrito de Maruja Mallo, aquela galega universal que namorou \u00e1 xeneraci\u00f3n do 27. E para non perdernos, capit\u00e1ns de mil singladuras entre portos e tempestades, como Andr\u00e9s D\u00edaz Ferro -digno sucesor do seu pai El Rubito-.<\/p>\n<p>Como di Vicente Miguez dos &#8220;Chitones&#8221; de Celeiro, vivimos inmersos nun mar de cultura e, coidados, queridos, protexidos poas fillas da mar, as nosas damas Dulcineas. Mary Boix, dende Mor\u00e1s. Chus L\u00f3pez Laje, dende Foz e Mondo\u00f1edo. Chefa Penabad e Esperanza P\u00e9rez Camba dende San Xo\u00e1n de Covas. Mari Cruz Otero contarallo \u00f3s seus alumnos e Federico Mon, far\u00e1 de imparcial escribano para Cervo-Sargadelos.<\/p>\n<p>E dar\u00e1n fe cos seus apuntes para a paisaxe, Roque Fanego, Pablo Livio, Hip\u00f3lito Xeada, Juanel. Mentres a cr\u00f3nica far\u00e1a Suso de Foz, coa m\u00fasica de fondo que interpretan Lino Rico, David Cat\u00e1, Carmen Lillo e Maika Alonso.<\/p>\n<p>Non volo perdades. Este s\u00e1bado \u00faltimo de abril, cumprimos catro lustros cazando a ese Nordeste tan de aqu\u00ed&#8230; E se algu\u00e9n se indisp\u00f3ne, temos \u00f3 Galeno Aventado Dr. Gordo Fraile, coa s\u00faa alma dividida entre La Rioja espa\u00f1ola e o seu Santiago de Chile.<\/p>\n<table align=\"center\" cellpadding=\"0\" cellspacing=\"0\" class=\"tr-caption-container\" style=\"margin-left: auto; margin-right: auto; text-align: center;\">\n<tbody>\n<tr>\n<td style=\"text-align: center;\"><a href=\"https:\/\/blogger.googleusercontent.com\/img\/b\/R29vZ2xl\/AVvXsEitt3UncNoTa0JSXK7XRg0uxTS4CCZWvuc3tsfkrnn4s7XxnENTI8dDv3LAyR9yVKBJCrY3NGGcm-Bk6A6p095ZulfyPxsa14AcWXrxiA4iBx5ZUjumvQx4DxH2asqQMV-ZOnC3oQ\/s2048\/S_Cibrao1.jpg\" imageanchor=\"1\" style=\"margin-left: auto; margin-right: auto;\"><img decoding=\"async\" src=\"https:\/\/blogger.googleusercontent.com\/img\/b\/R29vZ2xl\/AVvXsEitt3UncNoTa0JSXK7XRg0uxTS4CCZWvuc3tsfkrnn4s7XxnENTI8dDv3LAyR9yVKBJCrY3NGGcm-Bk6A6p095ZulfyPxsa14AcWXrxiA4iBx5ZUjumvQx4DxH2asqQMV-ZOnC3oQ\/s2048\/S_Cibrao1.jpg\" \/><\/a><\/td>\n<\/tr>\n<tr>\n<td class=\"tr-caption\" style=\"text-align: center;\">Aventados, nunha actividade no museo do mar de S. Cibrao<\/td>\n<\/tr>\n<\/tbody>\n<\/table>\n","protected":false},"excerpt":{"rendered":"<p>Di o tango de Carlitos Gardel, interpretado por Eugenio Del Valle que &#8220;veinte a\u00f1os no son nada&#8230;&#8221;. Pero dende 1997 te\u00f1en pasado unhas cuantas primaveras e moitos compa\u00f1eiros\/as de singladura na procura do V\u00e9laro de Ouro, que para n\u00f3s sempre ser\u00e1 o patrimonio hist\u00f3rico-cultural-ecol\u00f3xico da nosa fermosa Britonia. Aqueles Aventados que vi\u00f1eron de Euskadi: O [&hellip;]<\/p>\n","protected":false},"author":3,"featured_media":0,"comment_status":"open","ping_status":"closed","sticky":false,"template":"","format":"standard","meta":{"activitypub_content_warning":"","activitypub_content_visibility":"","activitypub_max_image_attachments":3,"activitypub_interaction_policy_quote":"anyone","activitypub_status":"federated","footnotes":""},"categories":[1],"tags":[14],"class_list":["post-5864","post","type-post","status-publish","format-standard","hentry","category-sen-categoria","tag-pablo-mosquera"],"_links":{"self":[{"href":"https:\/\/blogs.amarinha.gal\/ribadeando\/wp-json\/wp\/v2\/posts\/5864","targetHints":{"allow":["GET"]}}],"collection":[{"href":"https:\/\/blogs.amarinha.gal\/ribadeando\/wp-json\/wp\/v2\/posts"}],"about":[{"href":"https:\/\/blogs.amarinha.gal\/ribadeando\/wp-json\/wp\/v2\/types\/post"}],"author":[{"embeddable":true,"href":"https:\/\/blogs.amarinha.gal\/ribadeando\/wp-json\/wp\/v2\/users\/3"}],"replies":[{"embeddable":true,"href":"https:\/\/blogs.amarinha.gal\/ribadeando\/wp-json\/wp\/v2\/comments?post=5864"}],"version-history":[{"count":0,"href":"https:\/\/blogs.amarinha.gal\/ribadeando\/wp-json\/wp\/v2\/posts\/5864\/revisions"}],"wp:attachment":[{"href":"https:\/\/blogs.amarinha.gal\/ribadeando\/wp-json\/wp\/v2\/media?parent=5864"}],"wp:term":[{"taxonomy":"category","embeddable":true,"href":"https:\/\/blogs.amarinha.gal\/ribadeando\/wp-json\/wp\/v2\/categories?post=5864"},{"taxonomy":"post_tag","embeddable":true,"href":"https:\/\/blogs.amarinha.gal\/ribadeando\/wp-json\/wp\/v2\/tags?post=5864"}],"curies":[{"name":"wp","href":"https:\/\/api.w.org\/{rel}","templated":true}]}}