{"id":5855,"date":"2017-05-03T18:41:00","date_gmt":"2017-05-03T16:41:00","guid":{"rendered":""},"modified":"2024-11-12T13:38:24","modified_gmt":"2024-11-12T12:38:24","slug":"un-chamamento-participacion-en-igualdade","status":"publish","type":"post","link":"https:\/\/blogs.amarinha.gal\/ribadeando\/2017\/05\/03\/un-chamamento-participacion-en-igualdade\/","title":{"rendered":"Un chamamento \u00e1 participaci\u00f3n en igualdade"},"content":{"rendered":"<p>Remato de recibir o aviso. As xornadas de violencia de x\u00e9nero deste ano est\u00e1n en marcha. O aviso \u00e9 con pouca antelaci\u00f3n: son este fin de semana. Deixo embaixo o cartel e o folleto para o programa e a inscrici\u00f3n (ampliables)<\/p>\n<p><a href=\"https:\/\/blogger.googleusercontent.com\/img\/b\/R29vZ2xl\/AVvXsEiopTl9DJnHZaiEvJ9-tiMbMM5snD07zTUFWzrEiPtlTEp9jCRpejc7bdq36nO0RkXYbfYTtQkHUH-8W2X2ReGBszwbbakkj-LmUzTiyY5Q7Ds35J9aI4YiewGrr89ZubN3xHFkBQ\/s2048\/xornadas+violencia+de+xenero.jpg\" imageanchor=\"1\" style=\"margin-left: 1em; margin-right: 1em;\"><img decoding=\"async\" src=\"https:\/\/blogger.googleusercontent.com\/img\/b\/R29vZ2xl\/AVvXsEiopTl9DJnHZaiEvJ9-tiMbMM5snD07zTUFWzrEiPtlTEp9jCRpejc7bdq36nO0RkXYbfYTtQkHUH-8W2X2ReGBszwbbakkj-LmUzTiyY5Q7Ds35J9aI4YiewGrr89ZubN3xHFkBQ\/s2048\/xornadas+violencia+de+xenero.jpg\" \/><\/a><\/p>\n<p><a href=\"https:\/\/blogger.googleusercontent.com\/img\/b\/R29vZ2xl\/AVvXsEi2IALguDQVGAesJYTiZhncLI7exuDcz3hxWXGefjJfxXDqGPZCBFo8y_Vq_38SvYox4PEKPceIg1hJpR2sfoQ3cmOTZYVFlOjGKIQ5dHBVIBX4sVoGYmsV3Em2AUVSh7XMcvvivQ\/s2048\/xornadas+violencia+de+xenero++ext_.jpg\" imageanchor=\"1\" style=\"margin-left: 1em; margin-right: 1em;\"><img decoding=\"async\" src=\"https:\/\/blogger.googleusercontent.com\/img\/b\/R29vZ2xl\/AVvXsEi2IALguDQVGAesJYTiZhncLI7exuDcz3hxWXGefjJfxXDqGPZCBFo8y_Vq_38SvYox4PEKPceIg1hJpR2sfoQ3cmOTZYVFlOjGKIQ5dHBVIBX4sVoGYmsV3Em2AUVSh7XMcvvivQ\/s2048\/xornadas+violencia+de+xenero++ext_.jpg\" \/><\/a><\/p>\n<p><a href=\"https:\/\/blogger.googleusercontent.com\/img\/b\/R29vZ2xl\/AVvXsEgqV-2ynLkFCeSJcfC6k3-Hw07hy3vQWeoONTbwK_VcS1p1BqLMz9ZJ3K2vawbT5MHgWXowrkjxsufC68RQv1hE2nk10rnHkrhjFOQXkWR8UXn7z54gHIUJREcZVL8c5f4rgmSGfg\/s2048\/xornadas+violencia+de+xenero++int_.jpg\" imageanchor=\"1\" style=\"margin-left: 1em; margin-right: 1em;\"><img decoding=\"async\" src=\"https:\/\/blogger.googleusercontent.com\/img\/b\/R29vZ2xl\/AVvXsEgqV-2ynLkFCeSJcfC6k3-Hw07hy3vQWeoONTbwK_VcS1p1BqLMz9ZJ3K2vawbT5MHgWXowrkjxsufC68RQv1hE2nk10rnHkrhjFOQXkWR8UXn7z54gHIUJREcZVL8c5f4rgmSGfg\/s2048\/xornadas+violencia+de+xenero++int_.jpg\" \/><\/a><\/p>\n<p>As xornadas no <a href=\"http:\/\/ribadeando.blogspot.com.es\/2013\/04\/xornadas-sobre-violencia-de-xenero.html\">2013<\/a>, no <a href=\"http:\/\/ribadeando.blogspot.com.es\/2010\/04\/violencia-de-xenero-version-2010.html\">2010<\/a>, no <a href=\"http:\/\/ribadeando.blogspot.com.es\/2009\/05\/morte-segundo-xenero.html\">2009<\/a>&#8230; e un algo que me desconcertou: as poucas sinaturas que deixou no seu haber o libro de sinaturas contra a violencia de x\u00e9nero (<a href=\"http:\/\/ribadeando.blogspot.com.es\/2009\/07\/da-muller.html\">aqu\u00ed<\/a>, <a href=\"http:\/\/ribadeando.blogspot.com.es\/2009\/08\/1-de-agosto-turismo.html\">aqu\u00ed<\/a> ou <a href=\"http:\/\/ribadeando.blogspot.com.es\/2009\/08\/overbooking.html\">aqu\u00ed<\/a>)<\/p>\n","protected":false},"excerpt":{"rendered":"<p>Remato de recibir o aviso. As xornadas de violencia de x\u00e9nero deste ano est\u00e1n en marcha. O aviso \u00e9 con pouca antelaci\u00f3n: son este fin de semana. Deixo embaixo o cartel e o folleto para o programa e a inscrici\u00f3n (ampliables) As xornadas no 2013, no 2010, no 2009&#8230; e un algo que me desconcertou: [&hellip;]<\/p>\n","protected":false},"author":3,"featured_media":0,"comment_status":"open","ping_status":"closed","sticky":false,"template":"","format":"standard","meta":{"activitypub_content_warning":"","activitypub_content_visibility":"","activitypub_max_image_attachments":3,"activitypub_interaction_policy_quote":"anyone","activitypub_status":"federated","footnotes":""},"categories":[1],"tags":[9],"class_list":["post-5855","post","type-post","status-publish","format-standard","hentry","category-sen-categoria","tag-sociedade"],"_links":{"self":[{"href":"https:\/\/blogs.amarinha.gal\/ribadeando\/wp-json\/wp\/v2\/posts\/5855","targetHints":{"allow":["GET"]}}],"collection":[{"href":"https:\/\/blogs.amarinha.gal\/ribadeando\/wp-json\/wp\/v2\/posts"}],"about":[{"href":"https:\/\/blogs.amarinha.gal\/ribadeando\/wp-json\/wp\/v2\/types\/post"}],"author":[{"embeddable":true,"href":"https:\/\/blogs.amarinha.gal\/ribadeando\/wp-json\/wp\/v2\/users\/3"}],"replies":[{"embeddable":true,"href":"https:\/\/blogs.amarinha.gal\/ribadeando\/wp-json\/wp\/v2\/comments?post=5855"}],"version-history":[{"count":0,"href":"https:\/\/blogs.amarinha.gal\/ribadeando\/wp-json\/wp\/v2\/posts\/5855\/revisions"}],"wp:attachment":[{"href":"https:\/\/blogs.amarinha.gal\/ribadeando\/wp-json\/wp\/v2\/media?parent=5855"}],"wp:term":[{"taxonomy":"category","embeddable":true,"href":"https:\/\/blogs.amarinha.gal\/ribadeando\/wp-json\/wp\/v2\/categories?post=5855"},{"taxonomy":"post_tag","embeddable":true,"href":"https:\/\/blogs.amarinha.gal\/ribadeando\/wp-json\/wp\/v2\/tags?post=5855"}],"curies":[{"name":"wp","href":"https:\/\/api.w.org\/{rel}","templated":true}]}}