{"id":5830,"date":"2017-05-23T22:28:00","date_gmt":"2017-05-23T20:28:00","guid":{"rendered":""},"modified":"2024-11-12T13:37:34","modified_gmt":"2024-11-12T12:37:34","slug":"carta-un-gran-mindoniense","status":"publish","type":"post","link":"https:\/\/blogs.amarinha.gal\/ribadeando\/2017\/05\/23\/carta-un-gran-mindoniense\/","title":{"rendered":"Carta a un gran Mindoniense"},"content":{"rendered":"<table align=\"center\" cellpadding=\"0\" cellspacing=\"0\" class=\"tr-caption-container\" style=\"margin-left: auto; margin-right: auto; text-align: center;\">\n<tbody>\n<tr>\n<td style=\"text-align: center;\"><a href=\"http:\/\/fotouser.miarroba.st\/b518b844\/300\/jmrd_ribadeo.jpg\" imageanchor=\"1\" style=\"margin-left: auto; margin-right: auto;\"><img decoding=\"async\" src=\"http:\/\/fotouser.miarroba.st\/b518b844\/300\/jmrd_ribadeo.jpg\" \/><\/a><\/td>\n<\/tr>\n<tr>\n<td class=\"tr-caption\" style=\"text-align: center;\">Imaxe de Jos\u00e9 M\u00aa Rodr\u00edguez, cabeceira do seu blog<\/td>\n<\/tr>\n<\/tbody>\n<\/table>\n<p>&nbsp;&nbsp; Jos\u00e9 Mar\u00eda Rodr\u00edguez D\u00edaz nunca nos dejar\u00e1. Creo en la inmortalidad del esp\u00edritu. Creo en la huella imborrable que dejan las obras de personas dedicadas a investigar, divulgar y promover hechos que conforman legado socio cultural para mejor gloria de nuestra identidad como pueblo y comunidad ciudadana.<br \/>\nQuerido maestro: Tuve la suerte de encontrarte en aquella tertulia radiof\u00f3nica que con tanto acierto y respeto nos organizaba Beni M\u00e1ntaras. Comparto contigo y con Antonio Gregorio el orgullo de pertenecer -por encima de otras consideraciones geopol\u00edticas- a un territorio noble por su historia. Siempre defendimos nuestra adscripci\u00f3n a la provincia con capital en Mondo\u00f1edo. Nos ense\u00f1aste la grandeza de nuestra Britonia. Tengo en mis manos tu trabajo de investigaci\u00f3n sobre tu querida parroquia de Vilasel\u00e1n.  Tus dos estudios sobre el Monasterio de Esperautano y su Coto. La indispensable aportaci\u00f3n a la historia de tu natal y querido Ribadeo sobre La Colegiata.<\/p>\n<p>&nbsp;&nbsp; Aunque ambos somos m\u00e1s de pluma estilogr\u00e1fica que de ordenador, no por ello renunciamos a poner la m\u00e1quina al servicio de la creatividad hist\u00f3rica y cultural. Por ello, confieso que, en mi relaci\u00f3n de favoritos, disfruto con tu p\u00e1gina encabezada como Di\u00f3cesis de Mondo\u00f1edo-Ferrol. Y es que Santa Catalina dej\u00f3 semillas de inquietud eterna entre alumnos y profesores.<\/p>\n<p>&nbsp;&nbsp; Le recomiendo a mi amigo Vidal Mart\u00ednez-Sierra, que am\u00e9n de cuidar el Monasterio de San Salvador, siga  la historia-leyenda de los Caballeros Templarios, desde tu trabajo &#8220;Presencia de los Templarios en Ribadeo&#8221;. A nuestro querido Cronista Antonio Reigosa, alcaide del m\u00e1gico Mondo\u00f1edo, entre Cunqueiro y Don Enrique Cal Pardo, que haga como yo, repasar a modo de consulta tus acertadas consideraciones sobre ese lugar rico en aguas, pan y lat\u00edn.<\/p>\n<p>&nbsp;&nbsp; Intent\u00e9 convencerte, desde el faro de Punta Atalaya, para que t\u00fa y los dem\u00e1s amigos de O Tes\u00f3n, no abandonarais el &#8220;Argos&#8221; de la cultura. Lo mismo que, te debemos, seguir con la antorcha del relevo para exigir el derecho a que nuestros mayores, y nosotros mismos cuando llegue la hora, podamos seguir disfrutando de la ciudadan\u00eda desde un centro de cuidados para ese fen\u00f3meno demogr\u00e1fico que es el envejecimiento, sin la terrible soledad que produce la deslocalizaci\u00f3n.<br \/>\nPrometo solemnemente, por Maelok, Obispo Sarmiento, El Conde Osorio, El Mariscal Pardo de Cela y su esposa Isabel de Castro, que seguir\u00e9 cont\u00e1ndoles a nuestra muchachada que Ribadeo fue sede Episcopal con Catedral, y c\u00f3mo tras maniobras pol\u00edticas de mediados del XIX, buenas gentes trataron de recuperar la provincia, con la anuencia de galaicos-astures unidos por El Eo.<\/p>\n<p>&nbsp;&nbsp; Nos veremos en Isla Pancha.<\/p>\n<p>Pablo Mosquera Mata<\/p><\/p>\n","protected":false},"excerpt":{"rendered":"<p>Imaxe de Jos\u00e9 M\u00aa Rodr\u00edguez, cabeceira do seu blog &nbsp;&nbsp; Jos\u00e9 Mar\u00eda Rodr\u00edguez D\u00edaz nunca nos dejar\u00e1. Creo en la inmortalidad del esp\u00edritu. Creo en la huella imborrable que dejan las obras de personas dedicadas a investigar, divulgar y promover hechos que conforman legado socio cultural para mejor gloria de nuestra identidad como pueblo y [&hellip;]<\/p>\n","protected":false},"author":3,"featured_media":0,"comment_status":"open","ping_status":"closed","sticky":false,"template":"","format":"standard","meta":{"activitypub_content_warning":"","activitypub_content_visibility":"","activitypub_max_image_attachments":3,"activitypub_interaction_policy_quote":"anyone","activitypub_status":"federated","footnotes":""},"categories":[1],"tags":[20,14],"class_list":["post-5830","post","type-post","status-publish","format-standard","hentry","category-sen-categoria","tag-jose-ma-rodriguez","tag-pablo-mosquera"],"_links":{"self":[{"href":"https:\/\/blogs.amarinha.gal\/ribadeando\/wp-json\/wp\/v2\/posts\/5830","targetHints":{"allow":["GET"]}}],"collection":[{"href":"https:\/\/blogs.amarinha.gal\/ribadeando\/wp-json\/wp\/v2\/posts"}],"about":[{"href":"https:\/\/blogs.amarinha.gal\/ribadeando\/wp-json\/wp\/v2\/types\/post"}],"author":[{"embeddable":true,"href":"https:\/\/blogs.amarinha.gal\/ribadeando\/wp-json\/wp\/v2\/users\/3"}],"replies":[{"embeddable":true,"href":"https:\/\/blogs.amarinha.gal\/ribadeando\/wp-json\/wp\/v2\/comments?post=5830"}],"version-history":[{"count":0,"href":"https:\/\/blogs.amarinha.gal\/ribadeando\/wp-json\/wp\/v2\/posts\/5830\/revisions"}],"wp:attachment":[{"href":"https:\/\/blogs.amarinha.gal\/ribadeando\/wp-json\/wp\/v2\/media?parent=5830"}],"wp:term":[{"taxonomy":"category","embeddable":true,"href":"https:\/\/blogs.amarinha.gal\/ribadeando\/wp-json\/wp\/v2\/categories?post=5830"},{"taxonomy":"post_tag","embeddable":true,"href":"https:\/\/blogs.amarinha.gal\/ribadeando\/wp-json\/wp\/v2\/tags?post=5830"}],"curies":[{"name":"wp","href":"https:\/\/api.w.org\/{rel}","templated":true}]}}