{"id":5825,"date":"2017-05-27T20:44:00","date_gmt":"2017-05-27T18:44:00","guid":{"rendered":""},"modified":"2024-11-12T13:37:26","modified_gmt":"2024-11-12T12:37:26","slug":"31-fotos-da-ria-e-algun-comentario","status":"publish","type":"post","link":"https:\/\/blogs.amarinha.gal\/ribadeando\/2017\/05\/27\/31-fotos-da-ria-e-algun-comentario\/","title":{"rendered":"31 fotos da r\u00eda e alg\u00fan comentario"},"content":{"rendered":"<p>Coido que a r\u00eda de Ribadeo debe ser tam\u00e9n beneficiaria (estou seguro de que si o \u00e9) de toda a propaganda que est\u00e1 xerando o traballo de &#8216;Por Nuestro Faro&#8217;. A notar unha diferencia: sen un peso, o tir\u00f3n \u00e9 grande, mentras que Faros de Espa\u00f1a tirou de chequeira para promoci\u00f3n dun establecemento, non dunha zona ou unha illa.<\/p>\n<p>Voltando \u00f3 tema, hoxe fac\u00eda un d\u00eda que alg\u00fans cualificar\u00edan de <a href=\"http:\/\/academia.gal\/dicionario\/-\/termo\/aves%C3%ADo\">aves\u00edo<\/a>. bo para aprezar outras facetas da r\u00eda, e m\u00e1is en marea baixa. As fotos a continuaci\u00f3n foron tomadas comezando a subir a marea (a marea non comeza a subir \u00f3 tempo en t\u00f3dolos lugares da r\u00eda, sen\u00f3n que comeza pola boca e vai progresando cara \u00f3 interior, \u00f3 mesmo que \u00f3 baixar) dende o miradoiro de aves (km 376 da <a href=\"https:\/\/gl.wikipedia.org\/wiki\/N-642\">N-642<\/a>) ata a curva sobre a praia dos bloques.<\/p>\n<p><a href=\"https:\/\/blogger.googleusercontent.com\/img\/b\/R29vZ2xl\/AVvXsEiu0629oQ4n90NXpDPaRCQFL-eYyEKZFVwe0WV7Kwdv6JEArnze4gPVpwk_SRgDSiltQ4CwS7fY2hKjeu9ankqKdeY-gp-66Zy7AALQnQLUacowjv_YICnAoD1UHFQMDySNRPDF6g\/s2048\/R%25C3%25ADa+de+Ribadeo+01.jpg\" style=\"margin-left: 1em; margin-right: 1em;\"><img decoding=\"async\" src=\"https:\/\/blogger.googleusercontent.com\/img\/b\/R29vZ2xl\/AVvXsEiu0629oQ4n90NXpDPaRCQFL-eYyEKZFVwe0WV7Kwdv6JEArnze4gPVpwk_SRgDSiltQ4CwS7fY2hKjeu9ankqKdeY-gp-66Zy7AALQnQLUacowjv_YICnAoD1UHFQMDySNRPDF6g\/s2048\/R%25C3%25ADa+de+Ribadeo+01.jpg\" \/><\/a><\/p>\n<p>&nbsp;Dende o observatorio de aves, cara Asturias. Marea ben baixa.<\/p>\n<p><a href=\"https:\/\/blogger.googleusercontent.com\/img\/b\/R29vZ2xl\/AVvXsEimpNo0eEu_FWwfY-osvV2CgVowFoPDNW0swwd_IZW25E2rg7WrNE0iDPx_moXRc06jQc6Mn7QNxzqeVouiR-e3Svy-THZXTmCuu7d7nCFaaa5ppfqhyCMGzCX8QDi08TG_THzY-g\/s2048\/R%25C3%25ADa+de+Ribadeo+02.jpg\" style=\"margin-left: 1em; margin-right: 1em;\"><img decoding=\"async\" src=\"https:\/\/blogger.googleusercontent.com\/img\/b\/R29vZ2xl\/AVvXsEimpNo0eEu_FWwfY-osvV2CgVowFoPDNW0swwd_IZW25E2rg7WrNE0iDPx_moXRc06jQc6Mn7QNxzqeVouiR-e3Svy-THZXTmCuu7d7nCFaaa5ppfqhyCMGzCX8QDi08TG_THzY-g\/s2048\/R%25C3%25ADa+de+Ribadeo+02.jpg\" \/><\/a><\/p>\n<p>&nbsp;Cara \u00e1 embocadura da r\u00eda.<\/p>\n<p><a href=\"https:\/\/blogger.googleusercontent.com\/img\/b\/R29vZ2xl\/AVvXsEj6A2TkZMJDHrEV0HdR-GHrWfgr9gtQP5ZYxsF2XQldrCN3qiNDCO5f0F33LNro-LFP1we-P03lEBEXMPzVhLPx0rrlYvBo_5HLNwmyLkUh3qVASE5fiUywSYQkr-1g2iwFbYHzUQ\/s2048\/R%25C3%25ADa+de+Ribadeo+03.jpg\" style=\"margin-left: 1em; margin-right: 1em;\"><img decoding=\"async\" src=\"https:\/\/blogger.googleusercontent.com\/img\/b\/R29vZ2xl\/AVvXsEj6A2TkZMJDHrEV0HdR-GHrWfgr9gtQP5ZYxsF2XQldrCN3qiNDCO5f0F33LNro-LFP1we-P03lEBEXMPzVhLPx0rrlYvBo_5HLNwmyLkUh3qVASE5fiUywSYQkr-1g2iwFbYHzUQ\/s2048\/R%25C3%25ADa+de+Ribadeo+03.jpg\" \/><\/a><\/p>\n<p>&nbsp;Banco labrado na pedra en As Aceas.<\/p>\n<p><a href=\"https:\/\/blogger.googleusercontent.com\/img\/b\/R29vZ2xl\/AVvXsEjd2MHHYDiI8kGSzp-SuMJmU1gHs-kV1b2typHDdT3ZMQjPTB04zlfHz7BLJNGxueL1WTlVgOAk6eTMZyxm349eTNKUbxRJpGMUkk-1-HANtmNDRQhyphenhyphen7jTztwjrbC3bj0RBv_kqSQ\/s2048\/R%25C3%25ADa+de+Ribadeo+04.jpg\" style=\"margin-left: 1em; margin-right: 1em;\"><img decoding=\"async\" src=\"https:\/\/blogger.googleusercontent.com\/img\/b\/R29vZ2xl\/AVvXsEjd2MHHYDiI8kGSzp-SuMJmU1gHs-kV1b2typHDdT3ZMQjPTB04zlfHz7BLJNGxueL1WTlVgOAk6eTMZyxm349eTNKUbxRJpGMUkk-1-HANtmNDRQhyphenhyphen7jTztwjrbC3bj0RBv_kqSQ\/s2048\/R%25C3%25ADa+de+Ribadeo+04.jpg\" \/><\/a><\/p>\n<p>&nbsp;A enseada das Aceas, coa remodelaci\u00f3n e canle do mu\u00ed\u00f1o de auga doce en primeiro plano.<\/p>\n<p><a href=\"https:\/\/blogger.googleusercontent.com\/img\/b\/R29vZ2xl\/AVvXsEhdi0cCZly9K3RIl8w2IiEUxmiTXDrJm43KnpR3veNbuNnGsm2fHDz7_xHKg8OZFeYmX69POv0DFVK6veNhsoxrod0crLLmSXsPfJiUDRFq9yxK8p-JdIvV7qNqv2TY85YeofH-Dg\/s2048\/R%25C3%25ADa+de+Ribadeo+05.jpg\" style=\"margin-left: 1em; margin-right: 1em;\"><img decoding=\"async\" src=\"https:\/\/blogger.googleusercontent.com\/img\/b\/R29vZ2xl\/AVvXsEhdi0cCZly9K3RIl8w2IiEUxmiTXDrJm43KnpR3veNbuNnGsm2fHDz7_xHKg8OZFeYmX69POv0DFVK6veNhsoxrod0crLLmSXsPfJiUDRFq9yxK8p-JdIvV7qNqv2TY85YeofH-Dg\/s2048\/R%25C3%25ADa+de+Ribadeo+05.jpg\" \/><\/a><\/p>\n<p>&nbsp;a canle para levar auga do rego.<\/p>\n<p><a href=\"https:\/\/blogger.googleusercontent.com\/img\/b\/R29vZ2xl\/AVvXsEhDVhjI891yAEaSfCfDVMDuZT72yjKq9MEj4eynffmKIT_CBF1uRM7el-NgYzol-PXCIrGWkas4PtUH1OX5OOhbr6yYUH1Wn33jiEmKadgfjE7Co97ymC4lyEp4F3y3Lg1V81YWcg\/s2048\/R%25C3%25ADa+de+Ribadeo+06.jpg\" style=\"margin-left: 1em; margin-right: 1em;\"><img decoding=\"async\" src=\"https:\/\/blogger.googleusercontent.com\/img\/b\/R29vZ2xl\/AVvXsEhDVhjI891yAEaSfCfDVMDuZT72yjKq9MEj4eynffmKIT_CBF1uRM7el-NgYzol-PXCIrGWkas4PtUH1OX5OOhbr6yYUH1Wn33jiEmKadgfjE7Co97ymC4lyEp4F3y3Lg1V81YWcg\/s2048\/R%25C3%25ADa+de+Ribadeo+06.jpg\" \/><\/a><\/p>\n<p>&nbsp;Os edificios dos dous mu\u00ed\u00f1os, branco, do rego, e en pedra, de mareas. Entre eles, a barreira para embalsar a auga \u00e1 dereita da imaxe.<\/p>\n<p><a href=\"https:\/\/blogger.googleusercontent.com\/img\/b\/R29vZ2xl\/AVvXsEg7B1rCRv4p3JmFmA2Gyv3e1VJPGyAHY2uCewY3SAkRcDGgTkUCQFIbIs0ai2TuRt1qmhmfNllHkQs4X78XRdfyYLncmUiAlTbUIeZP9mXI1WG9nAiSay3bX0MblwQ-nNhA_rppFg\/s2048\/R%25C3%25ADa+de+Ribadeo+07.jpg\" style=\"margin-left: 1em; margin-right: 1em;\"><img decoding=\"async\" src=\"https:\/\/blogger.googleusercontent.com\/img\/b\/R29vZ2xl\/AVvXsEg7B1rCRv4p3JmFmA2Gyv3e1VJPGyAHY2uCewY3SAkRcDGgTkUCQFIbIs0ai2TuRt1qmhmfNllHkQs4X78XRdfyYLncmUiAlTbUIeZP9mXI1WG9nAiSay3bX0MblwQ-nNhA_rppFg\/s2048\/R%25C3%25ADa+de+Ribadeo+07.jpg\" \/><\/a><\/p>\n<p>&nbsp;Aspecto da enseada das Aceas. No centro dereita, a \u00e1rbore usada moitas veces por <a href=\"http:\/\/ribadeando.blogspot.com.es\/search?q=Suso+Pe%C3%B1a\">Suso Pe\u00f1a<\/a>. Cara a esquerda estar\u00eda o vello recheo.<\/p>\n<table align=\"center\" cellpadding=\"0\" cellspacing=\"0\" class=\"tr-caption-container\" style=\"margin-left: auto; margin-right: auto; text-align: center;\">\n<tbody>\n<tr>\n<td style=\"text-align: center;\"><a href=\"https:\/\/blogger.googleusercontent.com\/img\/b\/R29vZ2xl\/AVvXsEiurx1dyC8T4zAYkZXc1hTnQy0i8qfsADs7c9GwnfQnNaUAxMMh-aExFk1crB5ey_3UW_eefIBA1hQ5HquTj2HM26YS5W_jMqhgJuT4HL9g2Q9D0gEnMksREE7NFfQHOan7xuL8xw\/s2048\/R%25C3%25ADa+de+Ribadeo+08.jpg\" style=\"margin-left: auto; margin-right: auto;\"><img decoding=\"async\" src=\"https:\/\/blogger.googleusercontent.com\/img\/b\/R29vZ2xl\/AVvXsEiurx1dyC8T4zAYkZXc1hTnQy0i8qfsADs7c9GwnfQnNaUAxMMh-aExFk1crB5ey_3UW_eefIBA1hQ5HquTj2HM26YS5W_jMqhgJuT4HL9g2Q9D0gEnMksREE7NFfQHOan7xuL8xw\/s2048\/R%25C3%25ADa+de+Ribadeo+08.jpg\" \/><\/a><\/td>\n<\/tr>\n<tr>\n<td class=\"tr-caption\" style=\"text-align: center;\">\n<\/td>\n<\/tr>\n<\/tbody>\n<\/table>\n<p>&nbsp;Charca en marea baixa no encoro de As Aceas.<\/p>\n<p><a href=\"https:\/\/blogger.googleusercontent.com\/img\/b\/R29vZ2xl\/AVvXsEjMsncQbyaKdGkfVForb38UJ1BZ91RjyVCb_SoGtKvWYeRwLq_9vmiQP-_8izlPdsrJEWKBsQnmcnVUDGSxNFF2LDjQl7ZJmRybeVOMo_2ulHEw85v6dz224A1IkKnO6sHXcCKtyQ\/s2048\/R%25C3%25ADa+de+Ribadeo+09.jpg\" style=\"margin-left: 1em; margin-right: 1em;\"><img decoding=\"async\" src=\"https:\/\/blogger.googleusercontent.com\/img\/b\/R29vZ2xl\/AVvXsEjMsncQbyaKdGkfVForb38UJ1BZ91RjyVCb_SoGtKvWYeRwLq_9vmiQP-_8izlPdsrJEWKBsQnmcnVUDGSxNFF2LDjQl7ZJmRybeVOMo_2ulHEw85v6dz224A1IkKnO6sHXcCKtyQ\/s2048\/R%25C3%25ADa+de+Ribadeo+09.jpg\" \/><\/a><\/p>\n<p>&nbsp;Vida \u00e1 sa\u00edda da auga do encoro: cangrexos entre as pedras.<\/p>\n<p><a href=\"https:\/\/blogger.googleusercontent.com\/img\/b\/R29vZ2xl\/AVvXsEj3pFu_bMKYRt1WtHEB_yN-HChgrxeWckYbPHT0RmIGWqAQmcu7Hst58T6wn6hcWiM9tBf_9FxHfENrObLT31t3iN1zG6f6Fh4SiqLbdmr3oGIGBeGPVVHfbHnfCl_JTRf-U0MbYw\/s2048\/R%25C3%25ADa+de+Ribadeo+10.jpg\" style=\"margin-left: 1em; margin-right: 1em;\"><img decoding=\"async\" src=\"https:\/\/blogger.googleusercontent.com\/img\/b\/R29vZ2xl\/AVvXsEj3pFu_bMKYRt1WtHEB_yN-HChgrxeWckYbPHT0RmIGWqAQmcu7Hst58T6wn6hcWiM9tBf_9FxHfENrObLT31t3iN1zG6f6Fh4SiqLbdmr3oGIGBeGPVVHfbHnfCl_JTRf-U0MbYw\/s2048\/R%25C3%25ADa+de+Ribadeo+10.jpg\" \/><\/a><\/p>\n<p>&nbsp;O foxo que deixa a auga na procura da r\u00eda.<\/p>\n<p><a href=\"https:\/\/blogger.googleusercontent.com\/img\/b\/R29vZ2xl\/AVvXsEi-Bh61NZ5oCqiFks4d4I5Uxcx6b8lwnmCxLOj9ZJZXCp6wd7iTX4muOboSIEOiddswy3ojoFtAm14eS4MpSqAJ5yMo5lk-MBS8PRZetXyZO7cYDg0fD8fanaLZk2FfBit5TX6T_g\/s2048\/R%25C3%25ADa+de+Ribadeo+11.jpg\" style=\"margin-left: 1em; margin-right: 1em;\"><img decoding=\"async\" src=\"https:\/\/blogger.googleusercontent.com\/img\/b\/R29vZ2xl\/AVvXsEi-Bh61NZ5oCqiFks4d4I5Uxcx6b8lwnmCxLOj9ZJZXCp6wd7iTX4muOboSIEOiddswy3ojoFtAm14eS4MpSqAJ5yMo5lk-MBS8PRZetXyZO7cYDg0fD8fanaLZk2FfBit5TX6T_g\/s2048\/R%25C3%25ADa+de+Ribadeo+11.jpg\" \/><\/a><\/p>\n<p>&nbsp;E a vida, tam\u00e9n dentro da barreira: mexil\u00f3ns.<\/p>\n<p><a href=\"https:\/\/blogger.googleusercontent.com\/img\/b\/R29vZ2xl\/AVvXsEj_OayFJi_mM9C9PemFOdTgkTfVirUCM1KknOyTrVq9Y5OZuY8ZnAzg9FnWFdhjuLIpkUFqgl1jWbpdgmhPz68BQcDBh-38s0iPCFlYLTJdF2srNHqrQfRUE02XWi8DbImA_PicNQ\/s2048\/R%25C3%25ADa+de+Ribadeo+12.jpg\" style=\"margin-left: 1em; margin-right: 1em;\"><img decoding=\"async\" src=\"https:\/\/blogger.googleusercontent.com\/img\/b\/R29vZ2xl\/AVvXsEj_OayFJi_mM9C9PemFOdTgkTfVirUCM1KknOyTrVq9Y5OZuY8ZnAzg9FnWFdhjuLIpkUFqgl1jWbpdgmhPz68BQcDBh-38s0iPCFlYLTJdF2srNHqrQfRUE02XWi8DbImA_PicNQ\/s2048\/R%25C3%25ADa+de+Ribadeo+12.jpg\" \/><\/a><\/p>\n<p>&nbsp;Vista xeral da parte interna da enseada.<\/p>\n<p><a href=\"https:\/\/blogger.googleusercontent.com\/img\/b\/R29vZ2xl\/AVvXsEiqIxs1qjlCWxiZShyphenhyphenxi1tsXean_ZZOHJjX26E_ET2AJA8omuaeUWWApcfYbCEjePDm0MutKCpUQr56822Zt_b5Z13PeClvNT_i45QJzcKmUw0fbwlou4vQyguD_BSsWveT7BzAMg\/s2048\/R%25C3%25ADa+de+Ribadeo+13.jpg\" style=\"margin-left: 1em; margin-right: 1em;\"><img decoding=\"async\" src=\"https:\/\/blogger.googleusercontent.com\/img\/b\/R29vZ2xl\/AVvXsEiqIxs1qjlCWxiZShyphenhyphenxi1tsXean_ZZOHJjX26E_ET2AJA8omuaeUWWApcfYbCEjePDm0MutKCpUQr56822Zt_b5Z13PeClvNT_i45QJzcKmUw0fbwlou4vQyguD_BSsWveT7BzAMg\/s2048\/R%25C3%25ADa+de+Ribadeo+13.jpg\" \/><\/a><\/p>\n<p>&nbsp;Acehg\u00e1ndonos a Ribadeo, Castropol e As Figueiras \u00f3 fondo, e a corta de eucaliptus para replantaci\u00f3n de aut\u00f3ctonas, presente.<\/p>\n<p><a href=\"https:\/\/blogger.googleusercontent.com\/img\/b\/R29vZ2xl\/AVvXsEjs2kUAFfftX9-3BWPr3Xifkn58cyZ88bJYjWPNrFJZeqz3xlr-kK2YhuzUfjQ7ukw7bLaLreyzaCX-S3es34z7vz6y3gJHm8uRP2r9cEjd3jYgwSe9dHL6tCC2Fmncej_QyYmSHw\/s2048\/R%25C3%25ADa+de+Ribadeo+14.jpg\" style=\"margin-left: 1em; margin-right: 1em;\"><img decoding=\"async\" src=\"https:\/\/blogger.googleusercontent.com\/img\/b\/R29vZ2xl\/AVvXsEjs2kUAFfftX9-3BWPr3Xifkn58cyZ88bJYjWPNrFJZeqz3xlr-kK2YhuzUfjQ7ukw7bLaLreyzaCX-S3es34z7vz6y3gJHm8uRP2r9cEjd3jYgwSe9dHL6tCC2Fmncej_QyYmSHw\/s2048\/R%25C3%25ADa+de+Ribadeo+14.jpg\" \/><\/a><\/p>\n<p>&nbsp;Unha r\u00eda? Si, lonxe da beira&#8230; Vista cara \u00f3 interior da r\u00eda.<\/p>\n<p><a href=\"https:\/\/blogger.googleusercontent.com\/img\/b\/R29vZ2xl\/AVvXsEimG9HeeNE8BS8gvMPghQaLT0Hztx_ZVoLRRH5cBPy6U8T5IRSFjDqcIBYP3dwftw6Fa3v8cqQPzXP9CzIVvzM9P6gWXyuzXjNN3mGJ_u8FKBCTFP4M7vhQr3Wwe_HEBiHNfwuYzQ\/s2048\/R%25C3%25ADa+de+Ribadeo+15.jpg\" style=\"margin-left: 1em; margin-right: 1em;\"><img decoding=\"async\" src=\"https:\/\/blogger.googleusercontent.com\/img\/b\/R29vZ2xl\/AVvXsEimG9HeeNE8BS8gvMPghQaLT0Hztx_ZVoLRRH5cBPy6U8T5IRSFjDqcIBYP3dwftw6Fa3v8cqQPzXP9CzIVvzM9P6gWXyuzXjNN3mGJ_u8FKBCTFP4M7vhQr3Wwe_HEBiHNfwuYzQ\/s2048\/R%25C3%25ADa+de+Ribadeo+15.jpg\" \/><\/a><\/p>\n<p>&nbsp;En pouco tempo, isto non estar\u00e1 as\u00ed: a replantaci\u00f3n est\u00e1 en marcha.<\/p>\n<p><a href=\"https:\/\/blogger.googleusercontent.com\/img\/b\/R29vZ2xl\/AVvXsEhuelYhMJ91puPZ8EI-ujmT1g5cpO-DnM_Kt4kaqF8x_g5Sa35trMQEDX8kxkoh1VAA2KW8Sgn-Fi_JEDGRfbDNxIMuaX9Acqm6hpRW-8PbsxhTAgnXZuazdutl0e2Wd86r5OWrfA\/s2048\/R%25C3%25ADa+de+Ribadeo+16.jpg\" style=\"margin-left: 1em; margin-right: 1em;\"><img decoding=\"async\" src=\"https:\/\/blogger.googleusercontent.com\/img\/b\/R29vZ2xl\/AVvXsEhuelYhMJ91puPZ8EI-ujmT1g5cpO-DnM_Kt4kaqF8x_g5Sa35trMQEDX8kxkoh1VAA2KW8Sgn-Fi_JEDGRfbDNxIMuaX9Acqm6hpRW-8PbsxhTAgnXZuazdutl0e2Wd86r5OWrfA\/s2048\/R%25C3%25ADa+de+Ribadeo+16.jpg\" \/><\/a><\/p>\n<p>&nbsp;Ribadeo e as Figueiras, sen \u00e1rbores no medio polo momento.<\/p>\n<p><a href=\"https:\/\/blogger.googleusercontent.com\/img\/b\/R29vZ2xl\/AVvXsEhayUIJcvX8KTqjc50TO86pv6cYb3uc3gCqzFVL6DHAogOcXiz0awb4ISjmOhoUCHBi63NOhoSD8fYM-MHr0een22xCkm5T6mu8K5WqkzHPMYyCihBD0K4aYP0W7x9vZOOpB31sjg\/s2048\/R%25C3%25ADa+de+Ribadeo+17.jpg\" style=\"margin-left: 1em; margin-right: 1em;\"><img decoding=\"async\" src=\"https:\/\/blogger.googleusercontent.com\/img\/b\/R29vZ2xl\/AVvXsEhayUIJcvX8KTqjc50TO86pv6cYb3uc3gCqzFVL6DHAogOcXiz0awb4ISjmOhoUCHBi63NOhoSD8fYM-MHr0een22xCkm5T6mu8K5WqkzHPMYyCihBD0K4aYP0W7x9vZOOpB31sjg\/s2048\/R%25C3%25ADa+de+Ribadeo+17.jpg\" \/><\/a><\/p>\n<p>&nbsp;O tes\u00f3n da Vilavella.<\/p>\n<p><a href=\"https:\/\/blogger.googleusercontent.com\/img\/b\/R29vZ2xl\/AVvXsEjxwxem2ar32G0PWlB7v7RbVqzNZUCKL-495JwmEvWBWfIixzaVXoZ-a6prIgSVMU0MyIFuSI8iQs2TEG1afBdXRN0DVvMTTmgDAiamI0IBKZ8lrjs7uUhNJlujK-jJsKPMTUPuXA\/s2048\/R%25C3%25ADa+de+Ribadeo+18.jpg\" style=\"margin-left: 1em; margin-right: 1em;\"><img decoding=\"async\" src=\"https:\/\/blogger.googleusercontent.com\/img\/b\/R29vZ2xl\/AVvXsEjxwxem2ar32G0PWlB7v7RbVqzNZUCKL-495JwmEvWBWfIixzaVXoZ-a6prIgSVMU0MyIFuSI8iQs2TEG1afBdXRN0DVvMTTmgDAiamI0IBKZ8lrjs7uUhNJlujK-jJsKPMTUPuXA\/s2048\/R%25C3%25ADa+de+Ribadeo+18.jpg\" \/><\/a><\/p>\n<p>&nbsp;Un detalle cara a Ribadeo.<\/p>\n<p><a href=\"https:\/\/blogger.googleusercontent.com\/img\/b\/R29vZ2xl\/AVvXsEgLUSlo0IOjuVa3YVSTdbyePqWsIMQNKT2JfpMP1BJ8SLc2QbNjNZGMqmPnlRW4X-fO8P9tQ_yPULFqKjmTFDMQ6yvHlza9aNl87NO1HFaSp7FGAw1QBY5FyUDaK87I9aCm-g1Q4g\/s2048\/R%25C3%25ADa+de+Ribadeo+19.jpg\" style=\"margin-left: 1em; margin-right: 1em;\"><img decoding=\"async\" src=\"https:\/\/blogger.googleusercontent.com\/img\/b\/R29vZ2xl\/AVvXsEgLUSlo0IOjuVa3YVSTdbyePqWsIMQNKT2JfpMP1BJ8SLc2QbNjNZGMqmPnlRW4X-fO8P9tQ_yPULFqKjmTFDMQ6yvHlza9aNl87NO1HFaSp7FGAw1QBY5FyUDaK87I9aCm-g1Q4g\/s2048\/R%25C3%25ADa+de+Ribadeo+19.jpg\" \/><\/a><\/p>\n<p>&nbsp;Outra vista do tes\u00f3n da Vilavella entre peiraos.<\/p>\n<p><a href=\"https:\/\/blogger.googleusercontent.com\/img\/b\/R29vZ2xl\/AVvXsEgiYDdvwKd8EGVtZ41m2JPYSqiP3Yk6qLfxFfi5dB8zRDN3_5S82xcSNkV57oKifqRg5NMZapMynSBad9Z0W3rZEFAQ73WzjhHJmjmEQCTekfBSntDG5JGKuzcILD_LmAZ3rsvndA\/s2048\/R%25C3%25ADa+de+Ribadeo+20.jpg\" style=\"margin-left: 1em; margin-right: 1em;\"><img decoding=\"async\" src=\"https:\/\/blogger.googleusercontent.com\/img\/b\/R29vZ2xl\/AVvXsEgiYDdvwKd8EGVtZ41m2JPYSqiP3Yk6qLfxFfi5dB8zRDN3_5S82xcSNkV57oKifqRg5NMZapMynSBad9Z0W3rZEFAQ73WzjhHJmjmEQCTekfBSntDG5JGKuzcILD_LmAZ3rsvndA\/s2048\/R%25C3%25ADa+de+Ribadeo+20.jpg\" \/><\/a><\/p>\n<p>&nbsp;A beira, limpa de vexetaci\u00f3n.<\/p>\n<p><a href=\"https:\/\/blogger.googleusercontent.com\/img\/b\/R29vZ2xl\/AVvXsEg5qDJn1nPmrNfy651hZm4C6fTZ5yGnoShwWrXM2tOcjEhpkG-l7I5MHvxJhXB1QBE2OMPRL9qt6rv_6GuFiwN3QOsBZAzdjdEERT2N6NVjiv8fFW1Jo3zVk7wmrT1bM-kXrlM7fQ\/s2048\/R%25C3%25ADa+de+Ribadeo+21.jpg\" style=\"margin-left: 1em; margin-right: 1em;\"><img decoding=\"async\" src=\"https:\/\/blogger.googleusercontent.com\/img\/b\/R29vZ2xl\/AVvXsEg5qDJn1nPmrNfy651hZm4C6fTZ5yGnoShwWrXM2tOcjEhpkG-l7I5MHvxJhXB1QBE2OMPRL9qt6rv_6GuFiwN3QOsBZAzdjdEERT2N6NVjiv8fFW1Jo3zVk7wmrT1bM-kXrlM7fQ\/s2048\/R%25C3%25ADa+de+Ribadeo+21.jpg\" \/><\/a><\/p>\n<p>&nbsp;Tes\u00f3n, enseada da Vilavella, Bloques coa escollera dos &#8217;90, Mirasol&#8230;<\/p>\n<p><a href=\"https:\/\/blogger.googleusercontent.com\/img\/b\/R29vZ2xl\/AVvXsEj0F730_6-ar5YB1nr6oNmUqAxK4WXncyCI00enoGjjVfsViga04ujEvUTBoy0GN6xCheYOTfwGHtF9d_XRgpTjecdk-gMTMoPZsoqdxWPtbV-Q9zIwMJYOOGEvu5ZWhXgk0b4umA\/s2048\/R%25C3%25ADa+de+Ribadeo+22.jpg\" style=\"margin-left: 1em; margin-right: 1em;\"><img decoding=\"async\" src=\"https:\/\/blogger.googleusercontent.com\/img\/b\/R29vZ2xl\/AVvXsEj0F730_6-ar5YB1nr6oNmUqAxK4WXncyCI00enoGjjVfsViga04ujEvUTBoy0GN6xCheYOTfwGHtF9d_XRgpTjecdk-gMTMoPZsoqdxWPtbV-Q9zIwMJYOOGEvu5ZWhXgk0b4umA\/s2048\/R%25C3%25ADa+de+Ribadeo+22.jpg\" \/><\/a><\/p>\n<p>&nbsp;Mirando un pouco ara arriba, tam\u00e9n no Costal est\u00e1n ama\u00f1ando a terra.<\/p>\n<p><a href=\"https:\/\/blogger.googleusercontent.com\/img\/b\/R29vZ2xl\/AVvXsEjk_wt1XHh3CrK0gEmBrYrEm6t0Tac73bEzan0nNUVYIqnWkZttcRqwIthcPkbYOiDmvAsbkLLzjeGSd9RpELLOHDqTTBk2Bc8TSh835HkoUzcOpnJEry8s-Cbywmmx6e4QXuNLRg\/s2048\/R%25C3%25ADa+de+Ribadeo+24.jpg\" style=\"margin-left: 1em; margin-right: 1em;\"><img decoding=\"async\" src=\"https:\/\/blogger.googleusercontent.com\/img\/b\/R29vZ2xl\/AVvXsEjk_wt1XHh3CrK0gEmBrYrEm6t0Tac73bEzan0nNUVYIqnWkZttcRqwIthcPkbYOiDmvAsbkLLzjeGSd9RpELLOHDqTTBk2Bc8TSh835HkoUzcOpnJEry8s-Cbywmmx6e4QXuNLRg\/s2048\/R%25C3%25ADa+de+Ribadeo+24.jpg\" \/><\/a><\/p>\n<p>&nbsp;O fondo da enseada da Vilavella, co paseo de hai poucos anos.<\/p>\n<p><a href=\"https:\/\/blogger.googleusercontent.com\/img\/b\/R29vZ2xl\/AVvXsEglH-ZmqKiaNBwbSokF5S0Pwj9EknWU1KNLvDgweaD_0y0w15NfB51-rCC46T4DLcGyPfJj-W2xuSqhpwFCajcgHcs65H1unBeXQeX2qyycNZcUrfh7Mx9wK0MNbey0QMvErs6saQ\/s2048\/R%25C3%25ADa+de+Ribadeo+25.jpg\" style=\"margin-left: 1em; margin-right: 1em;\"><img decoding=\"async\" src=\"https:\/\/blogger.googleusercontent.com\/img\/b\/R29vZ2xl\/AVvXsEglH-ZmqKiaNBwbSokF5S0Pwj9EknWU1KNLvDgweaD_0y0w15NfB51-rCC46T4DLcGyPfJj-W2xuSqhpwFCajcgHcs65H1unBeXQeX2qyycNZcUrfh7Mx9wK0MNbey0QMvErs6saQ\/s2048\/R%25C3%25ADa+de+Ribadeo+25.jpg\" \/><\/a><\/p>\n<p>&nbsp;Enseada, paseo, Costal&#8230;<\/p>\n<p><a href=\"https:\/\/blogger.googleusercontent.com\/img\/b\/R29vZ2xl\/AVvXsEhFcfqKs-aeBeCoXAUyFc5K1oTOMs4FQGE-vMen5WkkGShWqHFtsd-ZkB9J2VLavXN-rdmcPf8WiEB6XHofubi47ksXJp3JFH36FHFCeC3bpvBhUjenrnlON4k1ugvvrO0vz3gCbA\/s2048\/R%25C3%25ADa+de+Ribadeo+26.jpg\" style=\"margin-left: 1em; margin-right: 1em;\"><img decoding=\"async\" src=\"https:\/\/blogger.googleusercontent.com\/img\/b\/R29vZ2xl\/AVvXsEhFcfqKs-aeBeCoXAUyFc5K1oTOMs4FQGE-vMen5WkkGShWqHFtsd-ZkB9J2VLavXN-rdmcPf8WiEB6XHofubi47ksXJp3JFH36FHFCeC3bpvBhUjenrnlON4k1ugvvrO0vz3gCbA\/s2048\/R%25C3%25ADa+de+Ribadeo+26.jpg\" \/><\/a><\/p>\n<p>&nbsp;Madeira a car\u00f3n da auga (en chea!)<\/p>\n<p><a href=\"https:\/\/blogger.googleusercontent.com\/img\/b\/R29vZ2xl\/AVvXsEhs1NBbs9oiZ-gEV50Oo2gRhDVoRqMzA1C_S_9FRGElT1O8HsGxUfSa43XobifExNtGkTIoNv16SOBuYr6q9PnD4Asr0wOcXpY8YVAN8o366BOX7C5zVfhSOKaQZrQ2lBHLddBsew\/s2048\/R%25C3%25ADa+de+Ribadeo+27.jpg\" style=\"margin-left: 1em; margin-right: 1em;\"><img decoding=\"async\" src=\"https:\/\/blogger.googleusercontent.com\/img\/b\/R29vZ2xl\/AVvXsEhs1NBbs9oiZ-gEV50Oo2gRhDVoRqMzA1C_S_9FRGElT1O8HsGxUfSa43XobifExNtGkTIoNv16SOBuYr6q9PnD4Asr0wOcXpY8YVAN8o366BOX7C5zVfhSOKaQZrQ2lBHLddBsew\/s2048\/R%25C3%25ADa+de+Ribadeo+27.jpg\" \/><\/a><\/p>\n<p>&nbsp;Detalle: o embarcadoiro para as embarcaci\u00f3ns que se agochan na antiga f\u00e1brica de alxinatos, sa\u00edndo do recheo efectuado hai d\u00e9cadas.<\/p>\n<p><a href=\"https:\/\/blogger.googleusercontent.com\/img\/b\/R29vZ2xl\/AVvXsEjGDXelIIR156W0C2CbsxFvzrsg1OVswIzC-FolTzvr97Q5y1jFqBqyL39lyikf4KrZ9hFbY7rnZ04uA9Sh0qMDVhvXQ5kTOZII5JZPcY3xEqWBOX5MflRRTZFpxtZs_6TMMN0crA\/s2048\/R%25C3%25ADa+de+Ribadeo+28.jpg\" style=\"margin-left: 1em; margin-right: 1em;\"><img decoding=\"async\" src=\"https:\/\/blogger.googleusercontent.com\/img\/b\/R29vZ2xl\/AVvXsEjGDXelIIR156W0C2CbsxFvzrsg1OVswIzC-FolTzvr97Q5y1jFqBqyL39lyikf4KrZ9hFbY7rnZ04uA9Sh0qMDVhvXQ5kTOZII5JZPcY3xEqWBOX5MflRRTZFpxtZs_6TMMN0crA\/s2048\/R%25C3%25ADa+de+Ribadeo+28.jpg\" \/><\/a><\/p>\n<p>&nbsp;Cara \u00e1 sa\u00edda da enseada.<\/p>\n<p><a href=\"https:\/\/blogger.googleusercontent.com\/img\/b\/R29vZ2xl\/AVvXsEgs5J_6DGMhgindnDtagRnQEg-jpqvpP_WHvwAHkOBNe747Qx1f-XVl8GZEC-z733Mh6bx7p_MTWGtHC-5zLeagFnii5_Y4TWpEi_KAGQFZvN2fxlCTAeEViyDb-mBSeagV2tZs7A\/s2048\/R%25C3%25ADa+de+Ribadeo+29.jpg\" style=\"margin-left: 1em; margin-right: 1em;\"><img decoding=\"async\" src=\"https:\/\/blogger.googleusercontent.com\/img\/b\/R29vZ2xl\/AVvXsEgs5J_6DGMhgindnDtagRnQEg-jpqvpP_WHvwAHkOBNe747Qx1f-XVl8GZEC-z733Mh6bx7p_MTWGtHC-5zLeagFnii5_Y4TWpEi_KAGQFZvN2fxlCTAeEViyDb-mBSeagV2tZs7A\/s2048\/R%25C3%25ADa+de+Ribadeo+29.jpg\" \/><\/a><\/p>\n<p>&nbsp;Sa\u00edda da enseada da Vilavella cara \u00e1 beira asturiana.<\/p>\n<p><a href=\"https:\/\/blogger.googleusercontent.com\/img\/b\/R29vZ2xl\/AVvXsEjm4W588HsvCevFS9J9JkHGR_dN1Ro061iLoIKpNTRUKz2D4g6EAJlk4jNf1-jclkeD3Z14JUd5Lj5V65-ehOW6oTZn3h_OQji2Af47Uyz6HqOWy-x-ePS50vQg3ZMJ1fEQOgKbKQ\/s2048\/R%25C3%25ADa+de+Ribadeo+30.jpg\" style=\"margin-left: 1em; margin-right: 1em;\"><img decoding=\"async\" src=\"https:\/\/blogger.googleusercontent.com\/img\/b\/R29vZ2xl\/AVvXsEjm4W588HsvCevFS9J9JkHGR_dN1Ro061iLoIKpNTRUKz2D4g6EAJlk4jNf1-jclkeD3Z14JUd5Lj5V65-ehOW6oTZn3h_OQji2Af47Uyz6HqOWy-x-ePS50vQg3ZMJ1fEQOgKbKQ\/s2048\/R%25C3%25ADa+de+Ribadeo+30.jpg\" \/><\/a><\/p>\n<p>&nbsp;Bloques e tes\u00f3n da Vilavella.<\/p>\n<p><a href=\"https:\/\/blogger.googleusercontent.com\/img\/b\/R29vZ2xl\/AVvXsEhEEw2RJ-spHYGOrazJ23QK5Wtn7SXK50vLkxZoe9e_pIq6er2__JVuzzidDnWbD0dRoSV9sMfQPd2mJB9smlpE_HLoM3DqopH8_4wWZ2DpOdFmvhqNegGvj831dY6dpniuuvilUQ\/s2048\/R%25C3%25ADa+de+Ribadeo+31.jpg\" style=\"margin-left: 1em; margin-right: 1em;\"><img decoding=\"async\" src=\"https:\/\/blogger.googleusercontent.com\/img\/b\/R29vZ2xl\/AVvXsEhEEw2RJ-spHYGOrazJ23QK5Wtn7SXK50vLkxZoe9e_pIq6er2__JVuzzidDnWbD0dRoSV9sMfQPd2mJB9smlpE_HLoM3DqopH8_4wWZ2DpOdFmvhqNegGvj831dY6dpniuuvilUQ\/s2048\/R%25C3%25ADa+de+Ribadeo+31.jpg\" \/><\/a><\/p>\n<p>Dende os Bloques \u00e1 Veiga. Xa \u00e9 patente que comezou a subir a marea.<\/p>\n","protected":false},"excerpt":{"rendered":"<p>Coido que a r\u00eda de Ribadeo debe ser tam\u00e9n beneficiaria (estou seguro de que si o \u00e9) de toda a propaganda que est\u00e1 xerando o traballo de &#8216;Por Nuestro Faro&#8217;. A notar unha diferencia: sen un peso, o tir\u00f3n \u00e9 grande, mentras que Faros de Espa\u00f1a tirou de chequeira para promoci\u00f3n dun establecemento, non dunha [&hellip;]<\/p>\n","protected":false},"author":3,"featured_media":0,"comment_status":"open","ping_status":"closed","sticky":false,"template":"","format":"standard","meta":{"activitypub_content_warning":"","activitypub_content_visibility":"","activitypub_max_image_attachments":3,"activitypub_interaction_policy_quote":"anyone","activitypub_status":"federated","footnotes":""},"categories":[1],"tags":[103,57,93,37,26,9],"class_list":["post-5825","post","type-post","status-publish","format-standard","hentry","category-sen-categoria","tag-fotos","tag-fotos-ria-de-ribadeo","tag-fotos-ribadeo","tag-illa-pancha","tag-medio","tag-sociedade"],"_links":{"self":[{"href":"https:\/\/blogs.amarinha.gal\/ribadeando\/wp-json\/wp\/v2\/posts\/5825","targetHints":{"allow":["GET"]}}],"collection":[{"href":"https:\/\/blogs.amarinha.gal\/ribadeando\/wp-json\/wp\/v2\/posts"}],"about":[{"href":"https:\/\/blogs.amarinha.gal\/ribadeando\/wp-json\/wp\/v2\/types\/post"}],"author":[{"embeddable":true,"href":"https:\/\/blogs.amarinha.gal\/ribadeando\/wp-json\/wp\/v2\/users\/3"}],"replies":[{"embeddable":true,"href":"https:\/\/blogs.amarinha.gal\/ribadeando\/wp-json\/wp\/v2\/comments?post=5825"}],"version-history":[{"count":0,"href":"https:\/\/blogs.amarinha.gal\/ribadeando\/wp-json\/wp\/v2\/posts\/5825\/revisions"}],"wp:attachment":[{"href":"https:\/\/blogs.amarinha.gal\/ribadeando\/wp-json\/wp\/v2\/media?parent=5825"}],"wp:term":[{"taxonomy":"category","embeddable":true,"href":"https:\/\/blogs.amarinha.gal\/ribadeando\/wp-json\/wp\/v2\/categories?post=5825"},{"taxonomy":"post_tag","embeddable":true,"href":"https:\/\/blogs.amarinha.gal\/ribadeando\/wp-json\/wp\/v2\/tags?post=5825"}],"curies":[{"name":"wp","href":"https:\/\/api.w.org\/{rel}","templated":true}]}}