{"id":5822,"date":"2017-05-31T08:04:00","date_gmt":"2017-05-31T06:04:00","guid":{"rendered":""},"modified":"2024-11-12T13:37:21","modified_gmt":"2024-11-12T12:37:21","slug":"quen-non-chora-non-mama-edicion-ribadeo","status":"publish","type":"post","link":"https:\/\/blogs.amarinha.gal\/ribadeando\/2017\/05\/31\/quen-non-chora-non-mama-edicion-ribadeo\/","title":{"rendered":"Quen non chora non mama, edici\u00f3n Ribadeo"},"content":{"rendered":"<p>Ben, o t\u00edtulo pod\u00eda referirse a outros ditos, pero \u00e9 o que se me ocorreu&#8230; At\u00f3pome no xornal (que non no taboeiro de novas do concello), que foron decretados os peches de dous clubes do concello. Non, non de clubes deportivos, sen\u00f3n dos chamados de alterne. Ata aqu\u00ed, un acto administrativo m\u00e1is. A cousa \u00e9 que ambos o foron debido \u00e1 petici\u00f3n de datos da polic\u00eda. Resulta que levan funcionando anos, os dous co mesmo propietario, pon o xornal,  e s\u00f3 foron pechados tras a solicitude da comisar\u00eda de Viveiro \u00f3 Concello dos datos do tipo de licencia de apertura e advertir que carec\u00eda de autorizaci\u00f3n.<\/p>\n<p>Sab\u00eda, de hai tempo, a dificultade do concello de obrar de oficio, pero non neste grao. Por exemplo, non chegou que houbera varios incidentes que remataran no xulgado ou con dentenci\u00f3ns, para facer a revisi\u00f3n duns locais que, pola s\u00faa natureza, estimaba que estar\u00edan vixiados por defecto.<\/p>\n<p>Aqu\u00ed, os &#8216;choros&#8217; do t\u00edtulo poden ser de moi diferente xeito, pero est\u00e1 visto que como a iniciativa non comece por eses &#8216;choros&#8217;, \u00e9 dif\u00edcil conseguir que o concello faga algo.<\/p>\n<table align=\"center\" cellpadding=\"0\" cellspacing=\"0\" class=\"tr-caption-container\" style=\"margin-left: auto; margin-right: auto; text-align: center;\">\n<tbody>\n<tr>\n<td style=\"text-align: center;\"><a href=\"https:\/\/blogger.googleusercontent.com\/img\/b\/R29vZ2xl\/AVvXsEiKnKmuAtp6vhRXLFfA8D1NiEoujRW6tADh_lL7fdwqqixek9qIilk4fQLb7GDn5of1AaQo8OX-mhY_D99Bg44z0XEV4m6CoPvxO-vajP0UoA2GhAYi2PVO7HCrE2WcoEKZHUoPww\/s2048\/Car%25C3%25BAs.png\" imageanchor=\"1\" style=\"margin-left: auto; margin-right: auto;\"><img decoding=\"async\" src=\"https:\/\/blogger.googleusercontent.com\/img\/b\/R29vZ2xl\/AVvXsEiKnKmuAtp6vhRXLFfA8D1NiEoujRW6tADh_lL7fdwqqixek9qIilk4fQLb7GDn5of1AaQo8OX-mhY_D99Bg44z0XEV4m6CoPvxO-vajP0UoA2GhAYi2PVO7HCrE2WcoEKZHUoPww\/s2048\/Car%25C3%25BAs.png\" \/><\/a><\/td>\n<\/tr>\n<tr>\n<td class=\"tr-caption\" style=\"text-align: center;\">Un dos clubes clausurados, a vista de Google.<\/td>\n<\/tr>\n<\/tbody>\n<\/table>\n","protected":false},"excerpt":{"rendered":"<p>Ben, o t\u00edtulo pod\u00eda referirse a outros ditos, pero \u00e9 o que se me ocorreu&#8230; At\u00f3pome no xornal (que non no taboeiro de novas do concello), que foron decretados os peches de dous clubes do concello. Non, non de clubes deportivos, sen\u00f3n dos chamados de alterne. Ata aqu\u00ed, un acto administrativo m\u00e1is. A cousa \u00e9 [&hellip;]<\/p>\n","protected":false},"author":3,"featured_media":0,"comment_status":"open","ping_status":"closed","sticky":false,"template":"","format":"standard","meta":{"activitypub_content_warning":"","activitypub_content_visibility":"","activitypub_max_image_attachments":3,"activitypub_interaction_policy_quote":"anyone","activitypub_status":"federated","footnotes":""},"categories":[1],"tags":[9],"class_list":["post-5822","post","type-post","status-publish","format-standard","hentry","category-sen-categoria","tag-sociedade"],"_links":{"self":[{"href":"https:\/\/blogs.amarinha.gal\/ribadeando\/wp-json\/wp\/v2\/posts\/5822","targetHints":{"allow":["GET"]}}],"collection":[{"href":"https:\/\/blogs.amarinha.gal\/ribadeando\/wp-json\/wp\/v2\/posts"}],"about":[{"href":"https:\/\/blogs.amarinha.gal\/ribadeando\/wp-json\/wp\/v2\/types\/post"}],"author":[{"embeddable":true,"href":"https:\/\/blogs.amarinha.gal\/ribadeando\/wp-json\/wp\/v2\/users\/3"}],"replies":[{"embeddable":true,"href":"https:\/\/blogs.amarinha.gal\/ribadeando\/wp-json\/wp\/v2\/comments?post=5822"}],"version-history":[{"count":0,"href":"https:\/\/blogs.amarinha.gal\/ribadeando\/wp-json\/wp\/v2\/posts\/5822\/revisions"}],"wp:attachment":[{"href":"https:\/\/blogs.amarinha.gal\/ribadeando\/wp-json\/wp\/v2\/media?parent=5822"}],"wp:term":[{"taxonomy":"category","embeddable":true,"href":"https:\/\/blogs.amarinha.gal\/ribadeando\/wp-json\/wp\/v2\/categories?post=5822"},{"taxonomy":"post_tag","embeddable":true,"href":"https:\/\/blogs.amarinha.gal\/ribadeando\/wp-json\/wp\/v2\/tags?post=5822"}],"curies":[{"name":"wp","href":"https:\/\/api.w.org\/{rel}","templated":true}]}}