{"id":5818,"date":"2017-06-02T08:20:00","date_gmt":"2017-06-02T06:20:00","guid":{"rendered":""},"modified":"2024-11-12T13:37:08","modified_gmt":"2024-11-12T12:37:08","slug":"unha-lina-de-autobus-esquecida","status":"publish","type":"post","link":"https:\/\/blogs.amarinha.gal\/ribadeando\/2017\/06\/02\/unha-lina-de-autobus-esquecida\/","title":{"rendered":"Unha li\u00f1a de autob\u00fas esquecida"},"content":{"rendered":"<p>Queres subir o luns en autob\u00fas de li\u00f1a \u00e1 festa das Cruces?<\/p>\n<p>Agora que se trata tanto da reodenaci\u00f3n das li\u00f1as de autob\u00fas en Galicia, e onte tam\u00e9n en Ribadeo da <a href=\"http:\/\/ribadeando.blogspot.com.es\/2017\/06\/pleno-especial-sobre-peticion-para.html\">promoci\u00f3n da Romaxe das Cruces a Festa de Interese Tur\u00edstico de Galicia<\/a>&#8230;<\/p>\n<p>Estou tratando de enterarme, pero non parece doado. As li\u00f1as de autob\u00fas na zona van sufrir un cambio, aproveitando as li\u00f1as de recollida de alumnado. Vale, non \u00e9 a primeira vez que se fai, e xa sufriu algunha &#8216;operaci\u00f3n acorde\u00f3n&#8217;: deixar, non deixar, regular (=deixar con condici\u00f3ns)&#8230; Por idea, est\u00e1 ben.<\/p>\n<p>Hai ao menos d\u00faas cousas que considerar, e non sei como o van facer. A primeira, o horario. Non sei se vai producir unha diminuci\u00f3n de horarios, ou s\u00f3 unha adaptaci\u00f3n dalg\u00fans, entre outras cuesti\u00f3ns relativas. A outra, sobre a subvenci\u00f3n. Tampouco te\u00f1o moita idea de ata que punto unha subvenci\u00f3n de li\u00f1as pode significar unha sinxela transferencia discriminatoria que poda favorecer favores ou favorecer sinxelamente a comunicaci\u00f3n de zonas m\u00e1is illadas. Depender\u00e1 da regulaci\u00f3n, claro. Pero \u00e9 que non est\u00e1 nada clara esa regulaci\u00f3n.<\/p>\n<p>A cousa \u00e9 que temos un problema de comunicaci\u00f3ns comunitarias por estrada nun momento no que as s\u00faas equivalentes por v\u00eda f\u00e9rrea prev\u00e9n un futuro moi negro. Mesmo hai li\u00f1as esquecidas.<\/p>\n<p>No mapa que o outro d\u00eda tra\u00eda a Voz de Galicia hab\u00eda unha li\u00f1a dende Ribadeo que dubido que moitos ribadenses souberan interpretar nunha primeira ollada. Tr\u00e1tase da <a href=\"http:\/\/eocar.es\/servicios\">li\u00f1a Ribadeo- Trabada<\/a>. O seu recorrido, no mapa que deixo embaixo, 37 minutos en turismo, 50 minutos en autob\u00fas segundo o horario da empresa que se encarga, <a href=\"http:\/\/eocar.es\/\">Eocar<\/a>:<\/p>\n<p><a href=\"https:\/\/blogger.googleusercontent.com\/img\/b\/R29vZ2xl\/AVvXsEh2LSvsbeWdWhQx46oT3qrmzt_4FXouJrhyphenhyphenLc_2zu7hcCnDbiv6Z9oJKasvxVJMVpdNFkOrcq8py32r3QQnkq7YwRjd-uk9Mn3FDmdy1M1CWoZtWv9funfb0vtCnz9GPFWNJQzw-Q\/s2048\/Ribadeo-Trabada.png\" imageanchor=\"1\" style=\"margin-left: 1em; margin-right: 1em;\"><img loading=\"lazy\" decoding=\"async\" height=\"481\" src=\"https:\/\/blogger.googleusercontent.com\/img\/b\/R29vZ2xl\/AVvXsEh2LSvsbeWdWhQx46oT3qrmzt_4FXouJrhyphenhyphenLc_2zu7hcCnDbiv6Z9oJKasvxVJMVpdNFkOrcq8py32r3QQnkq7YwRjd-uk9Mn3FDmdy1M1CWoZtWv9funfb0vtCnz9GPFWNJQzw-Q\/s2048\/Ribadeo-Trabada.png\" width=\"640\" \/><\/a><\/p>\n<p>&nbsp;Fai servizo nunha zona rural de ambos concellos, permitindo que a xente ve\u00f1a a Ribadeo \u00e1 ma\u00f1\u00e1 (chegada \u00e1s 10:40, pon o seu horario) e retorne \u00f3 mediod\u00eda (sae de Ribadeo \u00e1s 13:00). Non sei se \u00e9 ou non deficitaria, mais entendo que na s\u00faa actual configuraci\u00f3n p\u00e9nsase precisamente para permitir que o autob\u00fas que a cobre poda facer tam\u00e9n o transporte escolar e as\u00ed aumentar o rendemento econ\u00f3mico. Supo\u00f1o que ser\u00e1 unha das que se integre no transporte escolar que ven a primeira hora para o IES de Ribadeo Dionisio Gamallo Fierros, pero as li\u00f1as de transporte escolar, coa s\u00faa necesidade de malla cerrada e os menos de 500 m cacareados estes d\u00edas como un logro pola administraci\u00f3n como distancias m\u00e1xima para acceder \u00f3 bus, fan que non sexa tan doado o facer unha previsi\u00f3n sen estar &#8216;na cabeza&#8217; da administraci\u00f3n: as posibilidades son m\u00faltiples, e posiblemente, na procura de rendemento econ\u00f3mico, non demasiado boas. Mentres, a dispersa poboaci\u00f3n de Galicia seguiremos a sufrir algunha consecuencia indesexada desa dispersi\u00f3n (dif\u00edcil de xestionar e coido que moitas veces mal xestionada): un illamento crecente nun momento no que o transporte comunitario vai v\u00e9ndose m\u00e1is e m\u00e1is necesario en todo o mundo por cuesti\u00f3ns ambientais, de recursos e de custes.<\/p>\n<p>Sobre esta li\u00f1a e outras mantidas pola mesma empresa:<\/p>\n<p><a href=\"http:\/\/ribadeando.blogspot.com.es\/2015\/11\/ribadeo-e-racionalizacion-do-transporte.html\">Ribadeo e a racionalizaci\u00f3n do transporte<\/a> (20151123)<\/p>\n<p><a href=\"http:\/\/ribadeando.blogspot.com.es\/2015\/06\/autobuses-as-catedrais.html\">Autobuses \u00e1s catedrais<\/a> (20150626)<\/p>\n<p><a href=\"http:\/\/ribadeando.blogspot.com.es\/2010\/07\/servizo-complementario.html\">Servizo complementario<\/a> (20100709)<\/p>\n","protected":false},"excerpt":{"rendered":"<p>Queres subir o luns en autob\u00fas de li\u00f1a \u00e1 festa das Cruces? Agora que se trata tanto da reodenaci\u00f3n das li\u00f1as de autob\u00fas en Galicia, e onte tam\u00e9n en Ribadeo da promoci\u00f3n da Romaxe das Cruces a Festa de Interese Tur\u00edstico de Galicia&#8230; Estou tratando de enterarme, pero non parece doado. As li\u00f1as de autob\u00fas [&hellip;]<\/p>\n","protected":false},"author":3,"featured_media":0,"comment_status":"open","ping_status":"closed","sticky":false,"template":"","format":"standard","meta":{"activitypub_content_warning":"","activitypub_content_visibility":"","activitypub_max_image_attachments":3,"activitypub_interaction_policy_quote":"anyone","activitypub_status":"federate","footnotes":""},"categories":[1],"tags":[9],"class_list":["post-5818","post","type-post","status-publish","format-standard","hentry","category-sen-categoria","tag-sociedade"],"_links":{"self":[{"href":"https:\/\/blogs.amarinha.gal\/ribadeando\/wp-json\/wp\/v2\/posts\/5818","targetHints":{"allow":["GET"]}}],"collection":[{"href":"https:\/\/blogs.amarinha.gal\/ribadeando\/wp-json\/wp\/v2\/posts"}],"about":[{"href":"https:\/\/blogs.amarinha.gal\/ribadeando\/wp-json\/wp\/v2\/types\/post"}],"author":[{"embeddable":true,"href":"https:\/\/blogs.amarinha.gal\/ribadeando\/wp-json\/wp\/v2\/users\/3"}],"replies":[{"embeddable":true,"href":"https:\/\/blogs.amarinha.gal\/ribadeando\/wp-json\/wp\/v2\/comments?post=5818"}],"version-history":[{"count":0,"href":"https:\/\/blogs.amarinha.gal\/ribadeando\/wp-json\/wp\/v2\/posts\/5818\/revisions"}],"wp:attachment":[{"href":"https:\/\/blogs.amarinha.gal\/ribadeando\/wp-json\/wp\/v2\/media?parent=5818"}],"wp:term":[{"taxonomy":"category","embeddable":true,"href":"https:\/\/blogs.amarinha.gal\/ribadeando\/wp-json\/wp\/v2\/categories?post=5818"},{"taxonomy":"post_tag","embeddable":true,"href":"https:\/\/blogs.amarinha.gal\/ribadeando\/wp-json\/wp\/v2\/tags?post=5818"}],"curies":[{"name":"wp","href":"https:\/\/api.w.org\/{rel}","templated":true}]}}