{"id":5810,"date":"2017-06-13T08:13:00","date_gmt":"2017-06-13T06:13:00","guid":{"rendered":""},"modified":"2024-11-12T13:36:54","modified_gmt":"2024-11-12T12:36:54","slug":"o-arquivo-de-ribadeo-en-internet","status":"publish","type":"post","link":"https:\/\/blogs.amarinha.gal\/ribadeando\/2017\/06\/13\/o-arquivo-de-ribadeo-en-internet\/","title":{"rendered":"O arquivo de Ribadeo en internet"},"content":{"rendered":"<table align=\"center\" cellpadding=\"0\" cellspacing=\"0\" class=\"tr-caption-container\" style=\"margin-left: auto; margin-right: auto; text-align: center;\">\n<tbody>\n<tr>\n<td style=\"text-align: center;\"><a href=\"https:\/\/blogger.googleusercontent.com\/img\/b\/R29vZ2xl\/AVvXsEg3dk168RTLBgN63ifkgrWq6tNDv-EGC7ayIuYuyrk7kUFA5DTN3-E0n7jPNIHi3UBo6qPUP0Tcvf3r31vsKvsee8MT6U3ZKWPah4q0wcwXg7-8DA8vmOkIeDg5VU3A5iM8OJmYXw\/s2048\/Arquivo+de+Ribadeo.png\" imageanchor=\"1\" style=\"margin-left: auto; margin-right: auto;\"><img loading=\"lazy\" decoding=\"async\" height=\"235\" src=\"https:\/\/blogger.googleusercontent.com\/img\/b\/R29vZ2xl\/AVvXsEg3dk168RTLBgN63ifkgrWq6tNDv-EGC7ayIuYuyrk7kUFA5DTN3-E0n7jPNIHi3UBo6qPUP0Tcvf3r31vsKvsee8MT6U3ZKWPah4q0wcwXg7-8DA8vmOkIeDg5VU3A5iM8OJmYXw\/s2048\/Arquivo+de+Ribadeo.png\" width=\"640\" \/><\/a><\/td>\n<\/tr>\n<tr>\n<td class=\"tr-caption\" style=\"text-align: center;\">P\u00e1xina do arquivo. Sen ligaz\u00f3ns no corpo da p\u00e1xina. E con datas erradas (polo momento)<\/td>\n<\/tr>\n<\/tbody>\n<\/table>\n<p>Nunha entrada rutinaria na web do concello para procura de informaci\u00f3n, onte, vino: a web estaba totalmente desarticulada. O motivo parece ser que era a ligaz\u00f3n \u00e1 nova p\u00e1xina de arquivo, que tam\u00e9n o estaba.<\/p>\n<p>Esta ma\u00f1\u00e1 xa est\u00e1 ama\u00f1ado, xa se poden ver as novas do concello, onte inaccesibles de xeito normal, e a nova p\u00e1xina do arquivo tam\u00e9n est\u00e1 visible e cunha presentaci\u00f3n adecuada.<\/p>\n<p>A\u00ednda que non puiden estar o s\u00e1bado para a presentaci\u00f3n do arquivo dixitalizado, onte estimei moita precipitaci\u00f3n na realizaci\u00f3n das p\u00e1xinas, a\u00ednda que o seu ama\u00f1o ven mellorar a mi\u00f1a consideraci\u00f3n. Animo a usar a p\u00e1xina do <a href=\"http:\/\/arquivo.ribadeo.org\/\">arquivo dixitalizado de Ribadeo<\/a>, na que se pode atopar moita historia da nosa vila, e que sup\u00f3n un sat\u00e9lite m\u00e1is \u00e1 p\u00e1xina principal do concello,<\/p>\n<p>De calquera xeito, de primeiras, n\u00f3tase a\u00ednda pequenos e non tan pequnenos detalles a mellorar. Por exemplo, non hai unha ligaz\u00f3n de retorno \u00e1 p\u00e1xina do concello (si hai posto o enderezo, pero sorprendentemente, sen ligaz\u00f3n), pertence a outro dominio e ten outra extensi\u00f3n, .org, que foi variada hai xa tempo na p\u00e1xina principal a .gal, o tempo de carga \u00e9 moi grande, &#8230; pero son cousas menores. Algo maior, a\u00ednda que tam\u00e9n doado de solventar, \u00e9 que parece que se podan atopar actas no arquivo ata 2013, mais na p\u00e1xina do concello faltan actas de 2015, e non hai ningunha de 2016 nin de 2017 nestes momentos. Claro que se tentas atopar actas tan pr\u00f3ximas no arquivo, levas unha decepci\u00f3n: \u00f3 procurar con m\u00e1is detalle, at\u00f3paste con que o das actas ata 2013 debe ser unha errata ou un desexo a acometer no futuro, pois non hai actas m\u00e1is al\u00f3 de 1729. Pero non \u00e9 un caso \u00fanico, pois se se comeza a mirar o &#8216;<a href=\"http:\/\/arquivo.ribadeo.org\/wp-content\/uploads\/2017\/05\/Cuadro-clasificaci%C3%B3n.pdf\">cadro de clasificaci\u00f3n<\/a>&#8216; (rotulado no enderezo como &#8216;cuadro&#8217;, formato .pdf, sen ligaz\u00f3ns a outros lugares), hai moitas m\u00e1is cousas das que aparecen en realidade na <a href=\"http:\/\/arquivo.ribadeo.org\/fondos-documentais\/\">p\u00e1xina html<\/a>, (sen ligaz\u00f3ns tampouco, pero cunha subp\u00e1xina que si as ten), na que polo momento s\u00f3 hai o ep\u00edgrafe &#8216;<a href=\"http:\/\/arquivo.ribadeo.org\/actas\/\">actas<\/a>&#8216;, como xa dixen, ata o 1729.<\/p>\n<p>Si est\u00e1 o &#8216;andel do cronista oficial&#8217;, que polo que parece, ser\u00e1 unha <a href=\"http:\/\/arquivo.ribadeo.org\/o-andel-do-cronista-oficial\/\">especie de blog de Eduardo Guti\u00e9rrez<\/a> (polo momento), complementario \u00e1s s\u00faas publicaci\u00f3ns noutros lugares, e con necesidade dun repaso de formato.<\/p>\n<p>Unha web que promete moito, pero que polo momento, est\u00e1 con esas promesas por diante e por cumprir. Tal parece, visto o descadre das p\u00e1xinas que se observaba onte, que foi moi precipitada a presentaci\u00f3n, e que pouco a pouco, polo menos os <a href=\"http:\/\/ribadeo.gal\/actualidade\/nova.php?id=2440&amp;lg=gal\">fondos documentais xa escaneados no taller<\/a> ir\u00e1n aparecendo paseni\u00f1amente na nova web.<\/p>\n","protected":false},"excerpt":{"rendered":"<p>P\u00e1xina do arquivo. Sen ligaz\u00f3ns no corpo da p\u00e1xina. E con datas erradas (polo momento) Nunha entrada rutinaria na web do concello para procura de informaci\u00f3n, onte, vino: a web estaba totalmente desarticulada. O motivo parece ser que era a ligaz\u00f3n \u00e1 nova p\u00e1xina de arquivo, que tam\u00e9n o estaba. Esta ma\u00f1\u00e1 xa est\u00e1 ama\u00f1ado, [&hellip;]<\/p>\n","protected":false},"author":3,"featured_media":0,"comment_status":"open","ping_status":"closed","sticky":false,"template":"","format":"standard","meta":{"activitypub_content_warning":"","activitypub_content_visibility":"","activitypub_max_image_attachments":3,"activitypub_interaction_policy_quote":"anyone","activitypub_status":"federate","footnotes":""},"categories":[1],"tags":[11,42],"class_list":["post-5810","post","type-post","status-publish","format-standard","hentry","category-sen-categoria","tag-historia","tag-plenos"],"_links":{"self":[{"href":"https:\/\/blogs.amarinha.gal\/ribadeando\/wp-json\/wp\/v2\/posts\/5810","targetHints":{"allow":["GET"]}}],"collection":[{"href":"https:\/\/blogs.amarinha.gal\/ribadeando\/wp-json\/wp\/v2\/posts"}],"about":[{"href":"https:\/\/blogs.amarinha.gal\/ribadeando\/wp-json\/wp\/v2\/types\/post"}],"author":[{"embeddable":true,"href":"https:\/\/blogs.amarinha.gal\/ribadeando\/wp-json\/wp\/v2\/users\/3"}],"replies":[{"embeddable":true,"href":"https:\/\/blogs.amarinha.gal\/ribadeando\/wp-json\/wp\/v2\/comments?post=5810"}],"version-history":[{"count":0,"href":"https:\/\/blogs.amarinha.gal\/ribadeando\/wp-json\/wp\/v2\/posts\/5810\/revisions"}],"wp:attachment":[{"href":"https:\/\/blogs.amarinha.gal\/ribadeando\/wp-json\/wp\/v2\/media?parent=5810"}],"wp:term":[{"taxonomy":"category","embeddable":true,"href":"https:\/\/blogs.amarinha.gal\/ribadeando\/wp-json\/wp\/v2\/categories?post=5810"},{"taxonomy":"post_tag","embeddable":true,"href":"https:\/\/blogs.amarinha.gal\/ribadeando\/wp-json\/wp\/v2\/tags?post=5810"}],"curies":[{"name":"wp","href":"https:\/\/api.w.org\/{rel}","templated":true}]}}