{"id":5804,"date":"2017-06-19T07:49:00","date_gmt":"2017-06-19T05:49:00","guid":{"rendered":""},"modified":"2024-11-12T13:36:44","modified_gmt":"2024-11-12T12:36:44","slug":"asasinato-de-muller","status":"publish","type":"post","link":"https:\/\/blogs.amarinha.gal\/ribadeando\/2017\/06\/19\/asasinato-de-muller\/","title":{"rendered":"Asasinato  de muller"},"content":{"rendered":"<p>Os asasinatos de mulleres en raz\u00f3n de insubmisi\u00f3n \u00f3 home correspondente ve\u00f1en de lonxe. Fix\u00e9ronse visibles co cambio de mentalidade e est\u00e1n lonxe de desaparecer. Esa \u00e9 a realidade. Hoxe lerase no concello o seguinte manifesto: <\/p>\n<p><em>MANIFESTO 19X Alerta Feminista<\/em><\/p>\n<p><em>&#8220;No que vai de ano son  31 as mulleres asasinadas pola violencia machista que tam\u00e9n levou por diante a vida de 4 criaturas. Quen hoxe estamos aqu\u00ed presentes estamos fartas de contalas, de asistir a minutos de silencio e concentraci\u00f3ns, de escoitar discursos de condena, de queixumes, de d\u00f3?<br \/>\n<\/em><\/p>\n<p><em>Consideramos que a violencia machista \u00e9 unha cuesti\u00f3n de estado, que afecta \u00e1 metade da poboaci\u00f3n, e que ten unha causa estrutural que \u00e9 a desigualdade entre mulleres e homes, en cuxa erradicaci\u00f3n deben comprometerse todos os recursos que sexan necesarios, como se esixiu no  Pacto de Estado reclamado no 7N de 2015 nas r\u00faas de Madrid.<br \/>\n<\/em><\/p>\n<p><em>Con todo, agora, nos Orzamentos Xerais do Estado de 2017 de pr\u00f3xima aprobaci\u00f3n, comprobamos que a partida asignada a financiar  a loita contra a violencia machista ascende a pouco m\u00e1is de 31 mill\u00f3ns de euros o que sup\u00f3n un 0,00011% do total do Orzamento.  Iso significa que se segue sen asignar nin un euro \u00e1 prevenci\u00f3n nos \u00e1mbitos educativo, sanitario e de medios de comunicaci\u00f3n, que non se atende a violencia sexual como est\u00e1 previsto no Convenio de Istambul desde 2014. Implica que non se mellore a resposta policial e xudicial e non se cubra o custo dos servizos xur\u00eddicos, psicol\u00f3xicos e sociais nas Entidades locais estabelecidos na Lei de Igualdade. Significa que ese Pacto de Estado nacer\u00e1 morto.<br \/>\n<\/em><\/p>\n<p><em>Por iso, convencidas de que pasou o tempo das palabras e \u00e9 a hora dos feitos, fac\u00e9monos presentes neste Concello cunha esixencia moi concreta ao Goberno do Estado: a consignaci\u00f3n, para comezar, de 120  mill\u00f3ns de euros na partida destinada \u00e1 loita contra a violencia machista.<br \/>\n<\/em><\/p>\n<p><em>Non admitimos rebaixas, nin m\u00e1is dilaci\u00f3ns. Entendemos que non \u00e9 negoci\u00e1bel o prezo da  vida das mulleres. E por iso hoxe en moitos Concellos, est\u00e1 a darse lectura a este manifesto, como primeiro aviso da decisi\u00f3n tomada por quen non imos tolerar a inactividade, a indiferenza ou a incompetencia dos poderes p\u00fablicos \u00e1 hora de actuar con celeridade e eficacia para frear a violencia machista&#8221;.<\/em><\/p>\n<p>O manifesto pode verse na <a href=\"http:\/\/ribadeo.gal\/actualidade\/nova.php?id=2453&amp;lg=gal\" target=\"_blank\" rel=\"noopener\">nota de prensa do concello<\/a>. <em><br \/>\n<\/em><\/p>\n","protected":false},"excerpt":{"rendered":"<p>Os asasinatos de mulleres en raz\u00f3n de insubmisi\u00f3n \u00f3 home correspondente ve\u00f1en de lonxe. Fix\u00e9ronse visibles co cambio de mentalidade e est\u00e1n lonxe de desaparecer. Esa \u00e9 a realidade. Hoxe lerase no concello o seguinte manifesto: MANIFESTO 19X Alerta Feminista &#8220;No que vai de ano son 31 as mulleres asasinadas pola violencia machista que tam\u00e9n [&hellip;]<\/p>\n","protected":false},"author":3,"featured_media":0,"comment_status":"open","ping_status":"closed","sticky":false,"template":"","format":"standard","meta":{"activitypub_content_warning":"","activitypub_content_visibility":"","activitypub_max_image_attachments":3,"activitypub_interaction_policy_quote":"anyone","activitypub_status":"federate","footnotes":""},"categories":[1],"tags":[9],"class_list":["post-5804","post","type-post","status-publish","format-standard","hentry","category-sen-categoria","tag-sociedade"],"_links":{"self":[{"href":"https:\/\/blogs.amarinha.gal\/ribadeando\/wp-json\/wp\/v2\/posts\/5804","targetHints":{"allow":["GET"]}}],"collection":[{"href":"https:\/\/blogs.amarinha.gal\/ribadeando\/wp-json\/wp\/v2\/posts"}],"about":[{"href":"https:\/\/blogs.amarinha.gal\/ribadeando\/wp-json\/wp\/v2\/types\/post"}],"author":[{"embeddable":true,"href":"https:\/\/blogs.amarinha.gal\/ribadeando\/wp-json\/wp\/v2\/users\/3"}],"replies":[{"embeddable":true,"href":"https:\/\/blogs.amarinha.gal\/ribadeando\/wp-json\/wp\/v2\/comments?post=5804"}],"version-history":[{"count":0,"href":"https:\/\/blogs.amarinha.gal\/ribadeando\/wp-json\/wp\/v2\/posts\/5804\/revisions"}],"wp:attachment":[{"href":"https:\/\/blogs.amarinha.gal\/ribadeando\/wp-json\/wp\/v2\/media?parent=5804"}],"wp:term":[{"taxonomy":"category","embeddable":true,"href":"https:\/\/blogs.amarinha.gal\/ribadeando\/wp-json\/wp\/v2\/categories?post=5804"},{"taxonomy":"post_tag","embeddable":true,"href":"https:\/\/blogs.amarinha.gal\/ribadeando\/wp-json\/wp\/v2\/tags?post=5804"}],"curies":[{"name":"wp","href":"https:\/\/api.w.org\/{rel}","templated":true}]}}