{"id":5801,"date":"2017-06-21T08:03:00","date_gmt":"2017-06-21T06:03:00","guid":{"rendered":""},"modified":"2024-11-12T13:36:33","modified_gmt":"2024-11-12T12:36:33","slug":"non-o-entendo-sobre-o-camino-en-ribadeo","status":"publish","type":"post","link":"https:\/\/blogs.amarinha.gal\/ribadeando\/2017\/06\/21\/non-o-entendo-sobre-o-camino-en-ribadeo\/","title":{"rendered":"Non o entendo. Sobre o cami\u00f1o en Ribadeo"},"content":{"rendered":"<p>Non \u00e9 serio. E non o entendo a non ser que se lle aplique un criterio exclusivamente econ\u00f3mico. E a\u00ednda as\u00ed, coido que \u00e9 perxudicial.<\/p>\n<p>Hai tempo que sei que o <a href=\"http:\/\/ribadeando.blogspot.com.es\/2010\/06\/todolos-caminos-conducen-roma-e.html\" target=\"_blank\" rel=\"noopener\">cami\u00f1o de Santiago<\/a> sofre variaci\u00f3ns totalmente interesadas no seu trazado. Pero non lembraba ter visto a evidencia xusto en Ribadeo.<\/p>\n<p><a href=\"https:\/\/blogger.googleusercontent.com\/img\/b\/R29vZ2xl\/AVvXsEgXu8qRQRWjO0p6TXwq0EEosOYcErfqfNzEIPYoJX2muH1YqSWmEqSc3hWrFeVfkyAOIAeSP1-kKzqhmNxygMww-xuQYIWrKeUzKRfmFkvhWbAFDjM6pOCoOdWevW__sKugGReGtw\/s2048\/cami%25C3%25B1o+en+Ribadeo+1.png\" imageanchor=\"1\" style=\"margin-left: 1em; margin-right: 1em;\"><img decoding=\"async\" src=\"https:\/\/blogger.googleusercontent.com\/img\/b\/R29vZ2xl\/AVvXsEgXu8qRQRWjO0p6TXwq0EEosOYcErfqfNzEIPYoJX2muH1YqSWmEqSc3hWrFeVfkyAOIAeSP1-kKzqhmNxygMww-xuQYIWrKeUzKRfmFkvhWbAFDjM6pOCoOdWevW__sKugGReGtw\/s2048\/cami%25C3%25B1o+en+Ribadeo+1.png\" \/><\/a><\/p>\n<p>&nbsp;O cartel xa da f\u00e9 de que o cami\u00f1o que se vai ama\u00f1ar est\u00e1 &#8216;adaptado&#8217; \u00f3 trazado 2012-2013, e despois de mirar varios minutos e de co\u00f1ecer a zona, a\u00ednda non identifico parte das li\u00f1as que aparecen na zona sinalada.<\/p>\n<p>a cousa \u00e9 que no cruce contiguo, a dez metros de distancia do cartel de obra, aparece a primeira sinal do cami\u00f1o. xusto no cruce do vello faro e a casa de Calvo Sotelo, a\u00ed est\u00e1, indicando para a esquerda, para subir a Guimar\u00e1n.<\/p>\n<p><a href=\"https:\/\/blogger.googleusercontent.com\/img\/b\/R29vZ2xl\/AVvXsEhjWDzT7zJLyHxW7eMjRoV7NKBGIkvBWgs9g9L7c3vlucvpMraRQISTrHjq0aEtNKXxnqvsMT2NB0p2G3VJdQLhkodiCImYRQAxuglb4FuWnvITr-gimTgmpCh1h-Fa5aMUTdYUtg\/s2048\/cami%25C3%25B1o+en+Ribadeo+2.png\" imageanchor=\"1\" style=\"margin-left: 1em; margin-right: 1em;\"><img decoding=\"async\" src=\"https:\/\/blogger.googleusercontent.com\/img\/b\/R29vZ2xl\/AVvXsEhjWDzT7zJLyHxW7eMjRoV7NKBGIkvBWgs9g9L7c3vlucvpMraRQISTrHjq0aEtNKXxnqvsMT2NB0p2G3VJdQLhkodiCImYRQAxuglb4FuWnvITr-gimTgmpCh1h-Fa5aMUTdYUtg\/s2048\/cami%25C3%25B1o+en+Ribadeo+2.png\" \/><\/a><\/p>\n<p>&nbsp;O detalle est\u00e1 claro. &#8216;C.Complementario&#8217;, non suplementario, que recolle \u00f3s peregrinos de? Poderiamos pararnos asemade na orientaci\u00f3n do s\u00edmbolo da cuncha de vieira, pero iso xa \u00e9 moito para esta entrada. O que si, sinalar que, a diferencia doutros fitos, este non pon nada de distancia a Santiago, que aqu\u00ed no parece ser importante.<\/p>\n<p><a href=\"https:\/\/blogger.googleusercontent.com\/img\/b\/R29vZ2xl\/AVvXsEhNS68QuwIk3Li7QVq0HkvvbZJ5Z6jYImigaIHhcOHOsr6rjxbSSKC313VkkWQAPZfAWJOdD0MwgXFeYVyOhjNJVw5zvwPQxrzsUNxRPjh6dTwdVQ3Ta0TX3xRZx5tjMkaL5FX2sQ\/s2048\/cami%25C3%25B1o+en+Ribadeo+3.png\" imageanchor=\"1\" style=\"margin-left: 1em; margin-right: 1em;\"><img decoding=\"async\" src=\"https:\/\/blogger.googleusercontent.com\/img\/b\/R29vZ2xl\/AVvXsEhNS68QuwIk3Li7QVq0HkvvbZJ5Z6jYImigaIHhcOHOsr6rjxbSSKC313VkkWQAPZfAWJOdD0MwgXFeYVyOhjNJVw5zvwPQxrzsUNxRPjh6dTwdVQ3Ta0TX3xRZx5tjMkaL5FX2sQ\/s2048\/cami%25C3%25B1o+en+Ribadeo+3.png\" \/><\/a><\/p>\n<p>&nbsp;E, m\u00e1is arriba, en Guimar\u00e1n, as sinais seguen a aindicar: non vaias pola r\u00faa San Miguel, torce \u00e1 esquerda, baixa, torce \u00e1 dereita, m\u00e9tete de novo cara a Porcill\u00e1n&#8230; porque iso \u00e9 o que indican, cara a baixada de Guimar\u00e1n a Porcill\u00e1n. Claro, se alg\u00fan cami\u00f1ante&nbsp; (que ten que estar despistado) comeza a seguir as indicaci\u00f3ns, far\u00e1nlle dar unha volta, e, despois de subir, far\u00e1nno baixar e despois ter\u00e1 que voltar subir \u00f3 pobo.<\/p>\n<p><a href=\"https:\/\/blogger.googleusercontent.com\/img\/b\/R29vZ2xl\/AVvXsEhHC7Q5ZOapRAPK3rO5thh1etLwjUsTvEWF-xw2rVxialBAsa_0y4rxjGJPX-STurR3-3XCppDWfKjCcVsuU73HtPCDL2iGVlTwR0axRNPkXIBUCg93f8PDuu_HjomhyXJXXwsIUw\/s2048\/cami%25C3%25B1o+en+Ribadeo+4.png\" imageanchor=\"1\" style=\"margin-left: 1em; margin-right: 1em;\"><img decoding=\"async\" src=\"https:\/\/blogger.googleusercontent.com\/img\/b\/R29vZ2xl\/AVvXsEhHC7Q5ZOapRAPK3rO5thh1etLwjUsTvEWF-xw2rVxialBAsa_0y4rxjGJPX-STurR3-3XCppDWfKjCcVsuU73HtPCDL2iGVlTwR0axRNPkXIBUCg93f8PDuu_HjomhyXJXXwsIUw\/s2048\/cami%25C3%25B1o+en+Ribadeo+4.png\" \/><\/a><\/p>\n<p>A xente que ven do albergue e chega ata o cruce de Calvo Sotelo, sube por esa r\u00faa e m\u00e9tese no centro do pobo, de xeito moito m\u00e1is consecuente e intuitivo, e ao menos con tanto proveito para o comercio. E, se alg\u00fan cami\u00f1ante ven do porto, ent\u00f3n \u00e9 que o fixo de xeito voluntario e as sinais non van con el. M\u00e1goa, na foto non se ve o orzamento.<\/p>\n","protected":false},"excerpt":{"rendered":"<p>Non \u00e9 serio. E non o entendo a non ser que se lle aplique un criterio exclusivamente econ\u00f3mico. E a\u00ednda as\u00ed, coido que \u00e9 perxudicial. Hai tempo que sei que o cami\u00f1o de Santiago sofre variaci\u00f3ns totalmente interesadas no seu trazado. Pero non lembraba ter visto a evidencia xusto en Ribadeo. &nbsp;O cartel xa da [&hellip;]<\/p>\n","protected":false},"author":3,"featured_media":0,"comment_status":"open","ping_status":"closed","sticky":false,"template":"","format":"standard","meta":{"activitypub_content_warning":"","activitypub_content_visibility":"","activitypub_max_image_attachments":3,"activitypub_interaction_policy_quote":"anyone","activitypub_status":"federate","footnotes":""},"categories":[1],"tags":[9],"class_list":["post-5801","post","type-post","status-publish","format-standard","hentry","category-sen-categoria","tag-sociedade"],"_links":{"self":[{"href":"https:\/\/blogs.amarinha.gal\/ribadeando\/wp-json\/wp\/v2\/posts\/5801","targetHints":{"allow":["GET"]}}],"collection":[{"href":"https:\/\/blogs.amarinha.gal\/ribadeando\/wp-json\/wp\/v2\/posts"}],"about":[{"href":"https:\/\/blogs.amarinha.gal\/ribadeando\/wp-json\/wp\/v2\/types\/post"}],"author":[{"embeddable":true,"href":"https:\/\/blogs.amarinha.gal\/ribadeando\/wp-json\/wp\/v2\/users\/3"}],"replies":[{"embeddable":true,"href":"https:\/\/blogs.amarinha.gal\/ribadeando\/wp-json\/wp\/v2\/comments?post=5801"}],"version-history":[{"count":0,"href":"https:\/\/blogs.amarinha.gal\/ribadeando\/wp-json\/wp\/v2\/posts\/5801\/revisions"}],"wp:attachment":[{"href":"https:\/\/blogs.amarinha.gal\/ribadeando\/wp-json\/wp\/v2\/media?parent=5801"}],"wp:term":[{"taxonomy":"category","embeddable":true,"href":"https:\/\/blogs.amarinha.gal\/ribadeando\/wp-json\/wp\/v2\/categories?post=5801"},{"taxonomy":"post_tag","embeddable":true,"href":"https:\/\/blogs.amarinha.gal\/ribadeando\/wp-json\/wp\/v2\/tags?post=5801"}],"curies":[{"name":"wp","href":"https:\/\/api.w.org\/{rel}","templated":true}]}}