{"id":5796,"date":"2017-06-26T18:57:00","date_gmt":"2017-06-26T16:57:00","guid":{"rendered":""},"modified":"2024-11-12T13:36:25","modified_gmt":"2024-11-12T12:36:25","slug":"suso-fernandez-ribadeo-en-imaxes","status":"publish","type":"post","link":"https:\/\/blogs.amarinha.gal\/ribadeando\/2017\/06\/26\/suso-fernandez-ribadeo-en-imaxes\/","title":{"rendered":"Suso Fern\u00e1ndez: Ribadeo en imaxes"},"content":{"rendered":"<p>Remato de descubrilo, e l\u00edgoo aqu\u00ed para que o descubra m\u00e1is xente. O <a href=\"http:\/\/susoportu.blogspot.com.es\/\" target=\"_blank\" rel=\"noopener\">blog<\/a> est\u00e1 en marcha dende o 31 de agosto de 2015, con imaxes de Ribadeo, a r\u00eda, a contorna. Sen comentarios, s\u00f3 imaxe. Para <a href=\"http:\/\/susoportu.blogspot.com.es\/\" target=\"_blank\" rel=\"noopener\">desfrutar<\/a>.<\/p>\n<p><a href=\"https:\/\/blogger.googleusercontent.com\/img\/b\/R29vZ2xl\/AVvXsEh55nP6B8W8fm_-JaVGw3ykt37qxncDurSxhWW_okb4ux2dqWUcgotIhi85zwfhvPBoZWzWXxwFFiIvk1Dckx0i2BWGd3y_7XI8ptMNe8nMy_EUUwL-hroH3liR-6H8fm9fUDMagg\/s2048\/Suso+F.png\" imageanchor=\"1\" style=\"margin-left: 1em; margin-right: 1em;\"><img decoding=\"async\" src=\"https:\/\/blogger.googleusercontent.com\/img\/b\/R29vZ2xl\/AVvXsEh55nP6B8W8fm_-JaVGw3ykt37qxncDurSxhWW_okb4ux2dqWUcgotIhi85zwfhvPBoZWzWXxwFFiIvk1Dckx0i2BWGd3y_7XI8ptMNe8nMy_EUUwL-hroH3liR-6H8fm9fUDMagg\/s2048\/Suso+F.png\" \/><\/a><\/p>\n","protected":false},"excerpt":{"rendered":"<p>Remato de descubrilo, e l\u00edgoo aqu\u00ed para que o descubra m\u00e1is xente. O blog est\u00e1 en marcha dende o 31 de agosto de 2015, con imaxes de Ribadeo, a r\u00eda, a contorna. Sen comentarios, s\u00f3 imaxe. Para desfrutar.<\/p>\n","protected":false},"author":3,"featured_media":0,"comment_status":"open","ping_status":"closed","sticky":false,"template":"","format":"standard","meta":{"activitypub_content_warning":"","activitypub_content_visibility":"","activitypub_max_image_attachments":3,"activitypub_interaction_policy_quote":"anyone","activitypub_status":"federated","footnotes":""},"categories":[1],"tags":[103,57,93,19],"class_list":["post-5796","post","type-post","status-publish","format-standard","hentry","category-sen-categoria","tag-fotos","tag-fotos-ria-de-ribadeo","tag-fotos-ribadeo","tag-suso-fernandez"],"_links":{"self":[{"href":"https:\/\/blogs.amarinha.gal\/ribadeando\/wp-json\/wp\/v2\/posts\/5796","targetHints":{"allow":["GET"]}}],"collection":[{"href":"https:\/\/blogs.amarinha.gal\/ribadeando\/wp-json\/wp\/v2\/posts"}],"about":[{"href":"https:\/\/blogs.amarinha.gal\/ribadeando\/wp-json\/wp\/v2\/types\/post"}],"author":[{"embeddable":true,"href":"https:\/\/blogs.amarinha.gal\/ribadeando\/wp-json\/wp\/v2\/users\/3"}],"replies":[{"embeddable":true,"href":"https:\/\/blogs.amarinha.gal\/ribadeando\/wp-json\/wp\/v2\/comments?post=5796"}],"version-history":[{"count":0,"href":"https:\/\/blogs.amarinha.gal\/ribadeando\/wp-json\/wp\/v2\/posts\/5796\/revisions"}],"wp:attachment":[{"href":"https:\/\/blogs.amarinha.gal\/ribadeando\/wp-json\/wp\/v2\/media?parent=5796"}],"wp:term":[{"taxonomy":"category","embeddable":true,"href":"https:\/\/blogs.amarinha.gal\/ribadeando\/wp-json\/wp\/v2\/categories?post=5796"},{"taxonomy":"post_tag","embeddable":true,"href":"https:\/\/blogs.amarinha.gal\/ribadeando\/wp-json\/wp\/v2\/tags?post=5796"}],"curies":[{"name":"wp","href":"https:\/\/api.w.org\/{rel}","templated":true}]}}