{"id":5790,"date":"2017-07-03T08:12:00","date_gmt":"2017-07-03T06:12:00","guid":{"rendered":""},"modified":"2024-11-12T13:36:14","modified_gmt":"2024-11-12T12:36:14","slug":"isto-tamen-e-ribadeo","status":"publish","type":"post","link":"https:\/\/blogs.amarinha.gal\/ribadeando\/2017\/07\/03\/isto-tamen-e-ribadeo\/","title":{"rendered":"&#8230; isto tam\u00e9n \u00e9 Ribadeo"},"content":{"rendered":"<p>O noso pobo -t\u00f3dolos pobos- ten, a m\u00e1is das cousas e lugares remarcados, moitos outros e outras que son aprezables. \u00c1s veces, ef\u00e9meros, outras, diminutos, outras m\u00e1is, acubillados en calquera lugar, sempre, que se poden desfrutar ou sinxelamente quedar para a lembranza.<\/p>\n<p>As fotos a continuaci\u00f3n dan idea dalg\u00fans:<\/p>\n<p>* pombas e herbas nun aleiro dunha r\u00faa c\u00e9ntrica<\/p>\n<p><a href=\"https:\/\/blogger.googleusercontent.com\/img\/b\/R29vZ2xl\/AVvXsEjLaW5McLVFNonl5YIszkBAxm2a2S0D199v0xkAs4kx6zgkQpx_ZOqf5v04vII0-ndS_0tRVzer8-T1Cptdb2Wg45uh1ia2vzyq_wV6lLMqVuv7xeqQE9SXUVoApCm-mNa9s1JlAw\/s2048\/herbas+e+pombas.jpg\" imageanchor=\"1\" style=\"margin-left: 1em; margin-right: 1em;\"><img decoding=\"async\" src=\"https:\/\/blogger.googleusercontent.com\/img\/b\/R29vZ2xl\/AVvXsEjLaW5McLVFNonl5YIszkBAxm2a2S0D199v0xkAs4kx6zgkQpx_ZOqf5v04vII0-ndS_0tRVzer8-T1Cptdb2Wg45uh1ia2vzyq_wV6lLMqVuv7xeqQE9SXUVoApCm-mNa9s1JlAw\/s2048\/herbas+e+pombas.jpg\" \/><\/a><\/p>\n<p>* arco da vella entre a bruma no rural (montes de Vilaosende)<\/p>\n<p><a href=\"https:\/\/blogger.googleusercontent.com\/img\/b\/R29vZ2xl\/AVvXsEjcYSS7r0L1hWHZIQ6hm1yy99JsO9yXjqqWmj5fWGo7SzGOAyNJWCAtQ-bdfnKAep3fl7B-IALFeCi_j2n2h1Inx5QjACK8pE6Urc3dQjYJf9xZbAemORVG6r6TMBUvt5Lt5B1CeA\/s2048\/arco+da+vella+sobre+os+montes+de+Vilaosende.jpg\" imageanchor=\"1\" style=\"margin-left: 1em; margin-right: 1em;\"><img decoding=\"async\" src=\"https:\/\/blogger.googleusercontent.com\/img\/b\/R29vZ2xl\/AVvXsEjcYSS7r0L1hWHZIQ6hm1yy99JsO9yXjqqWmj5fWGo7SzGOAyNJWCAtQ-bdfnKAep3fl7B-IALFeCi_j2n2h1Inx5QjACK8pE6Urc3dQjYJf9xZbAemORVG6r6TMBUvt5Lt5B1CeA\/s2048\/arco+da+vella+sobre+os+montes+de+Vilaosende.jpg\" \/><\/a><\/p>\n<p>* contraste coa imaxe que temos gravada do Costal<\/p>\n<p><a href=\"https:\/\/blogger.googleusercontent.com\/img\/b\/R29vZ2xl\/AVvXsEiEeeBMrUcOUuxW_T6TEDaiHDvhcJbbfwo1bdgYRA-30-kwaRyELZ6s10EWpbJCLV3doowpKyKNW5-rFGHRJUAk39twSCrxNHz11Ndc4PrZPLbM-aQ2lXlWwTyZsEmxuV_jTtLFgA\/s2048\/o+Costal+pelado.jpg\" imageanchor=\"1\" style=\"margin-left: 1em; margin-right: 1em;\"><img decoding=\"async\" src=\"https:\/\/blogger.googleusercontent.com\/img\/b\/R29vZ2xl\/AVvXsEiEeeBMrUcOUuxW_T6TEDaiHDvhcJbbfwo1bdgYRA-30-kwaRyELZ6s10EWpbJCLV3doowpKyKNW5-rFGHRJUAk39twSCrxNHz11Ndc4PrZPLbM-aQ2lXlWwTyZsEmxuV_jTtLFgA\/s2048\/o+Costal+pelado.jpg\" \/><\/a><\/p>\n<p>* A Vilavella, a r\u00eda, en baixamar<\/p>\n<p><a href=\"https:\/\/blogger.googleusercontent.com\/img\/b\/R29vZ2xl\/AVvXsEh-peEcgniPxbsmFFS7g48A6g41qBAQ4Qc7J_Va_X6D0N8ZaVsBKVKsS4_mgT4ISVYYNF9rhxfi0vvNNtAZnrZDFzs9eeyek5AAj-MeWcKTeoBfrsN2BP2Pu8eKVawZA5Mb0s0aNQ\/s2048\/A+r%25C3%25ADa+de+Ribadeo+en+baixamar.jpg\" imageanchor=\"1\" style=\"margin-left: 1em; margin-right: 1em;\"><img decoding=\"async\" src=\"https:\/\/blogger.googleusercontent.com\/img\/b\/R29vZ2xl\/AVvXsEh-peEcgniPxbsmFFS7g48A6g41qBAQ4Qc7J_Va_X6D0N8ZaVsBKVKsS4_mgT4ISVYYNF9rhxfi0vvNNtAZnrZDFzs9eeyek5AAj-MeWcKTeoBfrsN2BP2Pu8eKVawZA5Mb0s0aNQ\/s2048\/A+r%25C3%25ADa+de+Ribadeo+en+baixamar.jpg\" \/><\/a><\/p>\n<p>* h\u00f3rreo na r\u00faa San Miguel<\/p>\n<p><a href=\"https:\/\/blogger.googleusercontent.com\/img\/b\/R29vZ2xl\/AVvXsEg8GOMV1JOWaRJ0v0kV8sFefOVyzeW4CG5ZrvXlNba9bmzhWIJ0aQV1voXGhndGMaq8NgqjyqLOteH67MgRhJaaVuqV-Pneo86ovuXJViN3RF7th4M-2_6trUCaLAXBRXfaWbq5iA\/s2048\/h%25C3%25B3rreo+urbano.jpg\" imageanchor=\"1\" style=\"margin-left: 1em; margin-right: 1em;\"><img decoding=\"async\" src=\"https:\/\/blogger.googleusercontent.com\/img\/b\/R29vZ2xl\/AVvXsEg8GOMV1JOWaRJ0v0kV8sFefOVyzeW4CG5ZrvXlNba9bmzhWIJ0aQV1voXGhndGMaq8NgqjyqLOteH67MgRhJaaVuqV-Pneo86ovuXJViN3RF7th4M-2_6trUCaLAXBRXfaWbq5iA\/s2048\/h%25C3%25B3rreo+urbano.jpg\" \/><\/a><\/p>\n<p>Recunchos e tempos que est\u00e1n a disposici\u00f3n de todos,e que moitas veces, pola s\u00faa dispo\u00f1ibilidade diaria, non desfrutamos.<\/p>\n","protected":false},"excerpt":{"rendered":"<p>O noso pobo -t\u00f3dolos pobos- ten, a m\u00e1is das cousas e lugares remarcados, moitos outros e outras que son aprezables. \u00c1s veces, ef\u00e9meros, outras, diminutos, outras m\u00e1is, acubillados en calquera lugar, sempre, que se poden desfrutar ou sinxelamente quedar para a lembranza. As fotos a continuaci\u00f3n dan idea dalg\u00fans: * pombas e herbas nun aleiro [&hellip;]<\/p>\n","protected":false},"author":3,"featured_media":0,"comment_status":"open","ping_status":"closed","sticky":false,"template":"","format":"standard","meta":{"activitypub_content_warning":"","activitypub_content_visibility":"","activitypub_max_image_attachments":3,"activitypub_interaction_policy_quote":"anyone","activitypub_status":"federated","footnotes":""},"categories":[1],"tags":[103,57,93],"class_list":["post-5790","post","type-post","status-publish","format-standard","hentry","category-sen-categoria","tag-fotos","tag-fotos-ria-de-ribadeo","tag-fotos-ribadeo"],"_links":{"self":[{"href":"https:\/\/blogs.amarinha.gal\/ribadeando\/wp-json\/wp\/v2\/posts\/5790","targetHints":{"allow":["GET"]}}],"collection":[{"href":"https:\/\/blogs.amarinha.gal\/ribadeando\/wp-json\/wp\/v2\/posts"}],"about":[{"href":"https:\/\/blogs.amarinha.gal\/ribadeando\/wp-json\/wp\/v2\/types\/post"}],"author":[{"embeddable":true,"href":"https:\/\/blogs.amarinha.gal\/ribadeando\/wp-json\/wp\/v2\/users\/3"}],"replies":[{"embeddable":true,"href":"https:\/\/blogs.amarinha.gal\/ribadeando\/wp-json\/wp\/v2\/comments?post=5790"}],"version-history":[{"count":0,"href":"https:\/\/blogs.amarinha.gal\/ribadeando\/wp-json\/wp\/v2\/posts\/5790\/revisions"}],"wp:attachment":[{"href":"https:\/\/blogs.amarinha.gal\/ribadeando\/wp-json\/wp\/v2\/media?parent=5790"}],"wp:term":[{"taxonomy":"category","embeddable":true,"href":"https:\/\/blogs.amarinha.gal\/ribadeando\/wp-json\/wp\/v2\/categories?post=5790"},{"taxonomy":"post_tag","embeddable":true,"href":"https:\/\/blogs.amarinha.gal\/ribadeando\/wp-json\/wp\/v2\/tags?post=5790"}],"curies":[{"name":"wp","href":"https:\/\/api.w.org\/{rel}","templated":true}]}}