{"id":5784,"date":"2017-07-09T10:05:00","date_gmt":"2017-07-09T08:05:00","guid":{"rendered":""},"modified":"2024-11-12T13:36:03","modified_gmt":"2024-11-12T12:36:03","slug":"fin-de-festa-non","status":"publish","type":"post","link":"https:\/\/blogs.amarinha.gal\/ribadeando\/2017\/07\/09\/fin-de-festa-non\/","title":{"rendered":"Fin de festa? Non!"},"content":{"rendered":"<p>Mentres ben pasadas as 9 da ma\u00f1\u00e1 seguen as voces altas pr\u00f3ximas de xente nun local de hostaler\u00eda, pero na r\u00faa, en xeral as r\u00faas est\u00e1n baleiras. Non importa que o Sol xa sa\u00edra hai horas por tras da nubes que cobren o ceo. Non importa para ningunha das d\u00faas cousas.<\/p>\n<p>Onte remataba o <a href=\"http:\/\/ribadeando.blogspot.com.es\/2017\/07\/invasion-version-2017.html\" target=\"_blank\" rel=\"noopener\">post cunha foto baldeando a r\u00faa<\/a>. \u00d3 baixar tiven que apartar vidros rotos unha vez m\u00e1is, a pesar do baldeado. Hoxe polo momento non pasou a mangueira, quedouse na r\u00faa principal, e as secundarias seguen cochas. Haber\u00e1 que baixar con escoba&#8230; isto \u00e9 m\u00e1is tanxible que o ru\u00eddo, a\u00ednda que durmir sexa m\u00e1is necesario.<\/p>\n<p>A festa remata hoxe, segundo a propaganda (desta festa) pero sabemos que do que se trata \u00e9 de que non remate, verdade? Fagamos honra logo \u00e1 festa do domingo. Total, por uns poucos ru\u00eddos e cochambres&#8230;<\/p>\n<p>Unha nota: sempre cabe dicir que os culpables son uns poucos descontrolados, e preparar o cami\u00f1o os seguintes poucos descontrolados, que ser\u00e1n os que te\u00f1an culpa a\u00ednda que se saiba que non ter\u00e1n control nin ser\u00e1n controlados.<\/p>\n<p>Outra: mentres remato, escoito e vou ver para comprobar que un cami\u00f3n vai pasando polas r\u00faas botando auga. Contemplo que xira e non se achega. \u00d3 mellor m\u00e1is adiante, volve. +: Van ser as 11. Voltou e est\u00e1 a facer o seu traballo. Despois de que pasara a escoba mec\u00e1nica.<\/p>\n<p><a href=\"https:\/\/blogger.googleusercontent.com\/img\/b\/R29vZ2xl\/AVvXsEj3XeEl8eKvAytLjbi9tj5Tct30o-m2hJ3XyahgWo6enG53DEVHY1EvP17m6dkxKtq0yhgkAG7X-xnMwegAYjx1hyiBMI09NE37bw_l7zOs4k469KDHS1CoQRweQUPVMPGabG_wSw\/s2048\/vidros+rotos.png\" imageanchor=\"1\" style=\"margin-left: 1em; margin-right: 1em;\"><img decoding=\"async\" src=\"https:\/\/blogger.googleusercontent.com\/img\/b\/R29vZ2xl\/AVvXsEj3XeEl8eKvAytLjbi9tj5Tct30o-m2hJ3XyahgWo6enG53DEVHY1EvP17m6dkxKtq0yhgkAG7X-xnMwegAYjx1hyiBMI09NE37bw_l7zOs4k469KDHS1CoQRweQUPVMPGabG_wSw\/s2048\/vidros+rotos.png\" \/><\/a><\/p>\n<p><a href=\"https:\/\/blogger.googleusercontent.com\/img\/b\/R29vZ2xl\/AVvXsEiYaaZXsrUBZTM_6vksKNebnh_c8RDG19cMsVPxVkaHT3lCM355V6wsUF-hcSTn6WudPuv6qUnYZO5kWrUvjcxCz60bZKT50BTFdUv6zc1fCM4yvTDUQitk1Sph5gXIBNamRZixhg\/s2048\/r%25C3%25BAa+sen+baldear.png\" imageanchor=\"1\" style=\"margin-left: 1em; margin-right: 1em;\"><img decoding=\"async\" src=\"https:\/\/blogger.googleusercontent.com\/img\/b\/R29vZ2xl\/AVvXsEiYaaZXsrUBZTM_6vksKNebnh_c8RDG19cMsVPxVkaHT3lCM355V6wsUF-hcSTn6WudPuv6qUnYZO5kWrUvjcxCz60bZKT50BTFdUv6zc1fCM4yvTDUQitk1Sph5gXIBNamRZixhg\/s2048\/r%25C3%25BAa+sen+baldear.png\" \/><\/a><\/p>\n","protected":false},"excerpt":{"rendered":"<p>Mentres ben pasadas as 9 da ma\u00f1\u00e1 seguen as voces altas pr\u00f3ximas de xente nun local de hostaler\u00eda, pero na r\u00faa, en xeral as r\u00faas est\u00e1n baleiras. Non importa que o Sol xa sa\u00edra hai horas por tras da nubes que cobren o ceo. Non importa para ningunha das d\u00faas cousas. Onte remataba o post [&hellip;]<\/p>\n","protected":false},"author":3,"featured_media":0,"comment_status":"open","ping_status":"closed","sticky":false,"template":"","format":"standard","meta":{"activitypub_content_warning":"","activitypub_content_visibility":"","activitypub_max_image_attachments":3,"activitypub_interaction_policy_quote":"anyone","activitypub_status":"federated","footnotes":""},"categories":[1],"tags":[25],"class_list":["post-5784","post","type-post","status-publish","format-standard","hentry","category-sen-categoria","tag-festas"],"_links":{"self":[{"href":"https:\/\/blogs.amarinha.gal\/ribadeando\/wp-json\/wp\/v2\/posts\/5784","targetHints":{"allow":["GET"]}}],"collection":[{"href":"https:\/\/blogs.amarinha.gal\/ribadeando\/wp-json\/wp\/v2\/posts"}],"about":[{"href":"https:\/\/blogs.amarinha.gal\/ribadeando\/wp-json\/wp\/v2\/types\/post"}],"author":[{"embeddable":true,"href":"https:\/\/blogs.amarinha.gal\/ribadeando\/wp-json\/wp\/v2\/users\/3"}],"replies":[{"embeddable":true,"href":"https:\/\/blogs.amarinha.gal\/ribadeando\/wp-json\/wp\/v2\/comments?post=5784"}],"version-history":[{"count":0,"href":"https:\/\/blogs.amarinha.gal\/ribadeando\/wp-json\/wp\/v2\/posts\/5784\/revisions"}],"wp:attachment":[{"href":"https:\/\/blogs.amarinha.gal\/ribadeando\/wp-json\/wp\/v2\/media?parent=5784"}],"wp:term":[{"taxonomy":"category","embeddable":true,"href":"https:\/\/blogs.amarinha.gal\/ribadeando\/wp-json\/wp\/v2\/categories?post=5784"},{"taxonomy":"post_tag","embeddable":true,"href":"https:\/\/blogs.amarinha.gal\/ribadeando\/wp-json\/wp\/v2\/tags?post=5784"}],"curies":[{"name":"wp","href":"https:\/\/api.w.org\/{rel}","templated":true}]}}