{"id":5782,"date":"2017-07-11T10:19:00","date_gmt":"2017-07-11T08:19:00","guid":{"rendered":""},"modified":"2024-11-12T13:36:00","modified_gmt":"2024-11-12T12:36:00","slug":"celia-castro-ten-paxina-na-galipedia","status":"publish","type":"post","link":"https:\/\/blogs.amarinha.gal\/ribadeando\/2017\/07\/11\/celia-castro-ten-paxina-na-galipedia\/","title":{"rendered":"Celia Castro ten p\u00e1xina na Galipedia"},"content":{"rendered":"<p>Co gallo do anuncio de que <a href=\"https:\/\/ribadeando.blogspot.com.es\/search\/label\/Celia%20Castro\" target=\"_blank\" rel=\"noopener\">Celia Castro<\/a> ser\u00e1 a pregoeira das festas, xa ten creada unha p\u00e1xina na <a href=\"https:\/\/gl.wikipedia.org\/\" target=\"_blank\" rel=\"noopener\">Galipedia<\/a>. Polo momento, est\u00e1 incompleta, mais ir\u00e1 medrando&#8230; e xa se poden consultar a partir dela varias das s\u00faas obras, a m\u00e1is de noutras entradas deste blog:<\/p>\n<p><a href=\"https:\/\/gl.wikipedia.org\/wiki\/Celia_Castro_Fern%C3%A1ndez\" target=\"_blank\" rel=\"noopener\">Celia Castro na Galipedia<\/a>.<\/p>\n","protected":false},"excerpt":{"rendered":"<p>Co gallo do anuncio de que Celia Castro ser\u00e1 a pregoeira das festas, xa ten creada unha p\u00e1xina na Galipedia. Polo momento, est\u00e1 incompleta, mais ir\u00e1 medrando&#8230; e xa se poden consultar a partir dela varias das s\u00faas obras, a m\u00e1is de noutras entradas deste blog: Celia Castro na Galipedia.<\/p>\n","protected":false},"author":3,"featured_media":0,"comment_status":"open","ping_status":"closed","sticky":false,"template":"","format":"standard","meta":{"activitypub_content_warning":"","activitypub_content_visibility":"","activitypub_max_image_attachments":3,"activitypub_interaction_policy_quote":"anyone","activitypub_status":"federated","footnotes":""},"categories":[1],"tags":[45,63],"class_list":["post-5782","post","type-post","status-publish","format-standard","hentry","category-sen-categoria","tag-celia-castro","tag-galipedia"],"_links":{"self":[{"href":"https:\/\/blogs.amarinha.gal\/ribadeando\/wp-json\/wp\/v2\/posts\/5782","targetHints":{"allow":["GET"]}}],"collection":[{"href":"https:\/\/blogs.amarinha.gal\/ribadeando\/wp-json\/wp\/v2\/posts"}],"about":[{"href":"https:\/\/blogs.amarinha.gal\/ribadeando\/wp-json\/wp\/v2\/types\/post"}],"author":[{"embeddable":true,"href":"https:\/\/blogs.amarinha.gal\/ribadeando\/wp-json\/wp\/v2\/users\/3"}],"replies":[{"embeddable":true,"href":"https:\/\/blogs.amarinha.gal\/ribadeando\/wp-json\/wp\/v2\/comments?post=5782"}],"version-history":[{"count":0,"href":"https:\/\/blogs.amarinha.gal\/ribadeando\/wp-json\/wp\/v2\/posts\/5782\/revisions"}],"wp:attachment":[{"href":"https:\/\/blogs.amarinha.gal\/ribadeando\/wp-json\/wp\/v2\/media?parent=5782"}],"wp:term":[{"taxonomy":"category","embeddable":true,"href":"https:\/\/blogs.amarinha.gal\/ribadeando\/wp-json\/wp\/v2\/categories?post=5782"},{"taxonomy":"post_tag","embeddable":true,"href":"https:\/\/blogs.amarinha.gal\/ribadeando\/wp-json\/wp\/v2\/tags?post=5782"}],"curies":[{"name":"wp","href":"https:\/\/api.w.org\/{rel}","templated":true}]}}