{"id":5780,"date":"2017-07-13T19:04:00","date_gmt":"2017-07-13T17:04:00","guid":{"rendered":""},"modified":"2024-11-12T13:35:50","modified_gmt":"2024-11-12T12:35:50","slug":"hoxe-pleno","status":"publish","type":"post","link":"https:\/\/blogs.amarinha.gal\/ribadeando\/2017\/07\/13\/hoxe-pleno\/","title":{"rendered":"Hoxe, pleno"},"content":{"rendered":"<p>Dentro de pouco m\u00e1is de unha hora dar\u00e1 comezo <a href=\"http:\/\/ribadeo.gal\/actualidade\/nova.php?id=2479&amp;lg=gal\" target=\"_blank\" rel=\"noopener\">un pleno que foi anunciado hoxe mesmo<\/a> (non podo precisar a hora, pero con abondo menos de 10 horas de antelaci\u00f3n) na secci\u00f3n de novas do concello.<\/p>\n<p>A nota non di tampouco moita cousa sobre o que se vai tratar, m\u00e1is al\u00f3 de reducir as taxas para obras en dous supostos (edificios patrimoniais, \u00e1 metade, e pintura de fachadas, s\u00f3 liquidando o m\u00ednimo) e o aumento de subvenci\u00f3n \u00e1 comisi\u00f3n de festas.<\/p>\n<p>Certamente, non vexo que este xeito de facer as cousas sexa un impulso grande \u00e1 democratizaci\u00f3n e participaci\u00f3n popular nos asuntos que nos afectan a todos. O pleno estaba convocado, polo que parece, ao menos dende luns, 4 d\u00edas, que quedan reducidos a poucas horas polo m\u00e9todo como se fan as cousas.<\/p>\n<table align=\"center\" cellpadding=\"0\" cellspacing=\"0\" class=\"tr-caption-container\" style=\"margin-left: auto; margin-right: auto; text-align: center;\">\n<tbody>\n<tr>\n<td style=\"text-align: center;\"><a href=\"https:\/\/blogger.googleusercontent.com\/img\/b\/R29vZ2xl\/AVvXsEhNZJ3zHHetopLWaEOgjCRH9TiEP9B9-ltVku9KI7_JuJ9IWaYiuXWRdqW4kmujC5Cw32eSgBtOWdRLThlY6A08suwqqGUF8CFhrCsAVKOTOujnQgHkXE3mYd_IDkdB4y-o8jynsQ\/s2048\/Escudo+1.jpg\" imageanchor=\"1\" style=\"margin-left: auto; margin-right: auto;\"><img decoding=\"async\" src=\"https:\/\/blogger.googleusercontent.com\/img\/b\/R29vZ2xl\/AVvXsEhNZJ3zHHetopLWaEOgjCRH9TiEP9B9-ltVku9KI7_JuJ9IWaYiuXWRdqW4kmujC5Cw32eSgBtOWdRLThlY6A08suwqqGUF8CFhrCsAVKOTOujnQgHkXE3mYd_IDkdB4y-o8jynsQ\/s2048\/Escudo+1.jpg\" \/><\/a><\/td>\n<\/tr>\n<tr>\n<td class=\"tr-caption\" style=\"text-align: center;\">De &#8216;<a href=\"http:\/\/ribadeando.blogspot.com.es\/2016\/08\/escudo-de-ribadeo-i-francisco-jose.html\" target=\"_blank\" rel=\"noopener\">Escudo de Ribadeo (I)<\/a>&#8216;<\/td>\n<\/tr>\n<\/tbody>\n<\/table>\n","protected":false},"excerpt":{"rendered":"<p>Dentro de pouco m\u00e1is de unha hora dar\u00e1 comezo un pleno que foi anunciado hoxe mesmo (non podo precisar a hora, pero con abondo menos de 10 horas de antelaci\u00f3n) na secci\u00f3n de novas do concello. A nota non di tampouco moita cousa sobre o que se vai tratar, m\u00e1is al\u00f3 de reducir as taxas [&hellip;]<\/p>\n","protected":false},"author":3,"featured_media":0,"comment_status":"open","ping_status":"closed","sticky":false,"template":"","format":"standard","meta":{"activitypub_content_warning":"","activitypub_content_visibility":"","activitypub_max_image_attachments":3,"activitypub_interaction_policy_quote":"anyone","activitypub_status":"federated","footnotes":""},"categories":[1],"tags":[42],"class_list":["post-5780","post","type-post","status-publish","format-standard","hentry","category-sen-categoria","tag-plenos"],"_links":{"self":[{"href":"https:\/\/blogs.amarinha.gal\/ribadeando\/wp-json\/wp\/v2\/posts\/5780","targetHints":{"allow":["GET"]}}],"collection":[{"href":"https:\/\/blogs.amarinha.gal\/ribadeando\/wp-json\/wp\/v2\/posts"}],"about":[{"href":"https:\/\/blogs.amarinha.gal\/ribadeando\/wp-json\/wp\/v2\/types\/post"}],"author":[{"embeddable":true,"href":"https:\/\/blogs.amarinha.gal\/ribadeando\/wp-json\/wp\/v2\/users\/3"}],"replies":[{"embeddable":true,"href":"https:\/\/blogs.amarinha.gal\/ribadeando\/wp-json\/wp\/v2\/comments?post=5780"}],"version-history":[{"count":0,"href":"https:\/\/blogs.amarinha.gal\/ribadeando\/wp-json\/wp\/v2\/posts\/5780\/revisions"}],"wp:attachment":[{"href":"https:\/\/blogs.amarinha.gal\/ribadeando\/wp-json\/wp\/v2\/media?parent=5780"}],"wp:term":[{"taxonomy":"category","embeddable":true,"href":"https:\/\/blogs.amarinha.gal\/ribadeando\/wp-json\/wp\/v2\/categories?post=5780"},{"taxonomy":"post_tag","embeddable":true,"href":"https:\/\/blogs.amarinha.gal\/ribadeando\/wp-json\/wp\/v2\/tags?post=5780"}],"curies":[{"name":"wp","href":"https:\/\/api.w.org\/{rel}","templated":true}]}}