{"id":5775,"date":"2017-07-20T08:49:00","date_gmt":"2017-07-20T06:49:00","guid":{"rendered":""},"modified":"2024-11-12T13:35:42","modified_gmt":"2024-11-12T12:35:42","slug":"de-novo-ria-1","status":"publish","type":"post","link":"https:\/\/blogs.amarinha.gal\/ribadeando\/2017\/07\/20\/de-novo-ria-1\/","title":{"rendered":"De novo, a r\u00eda (1)"},"content":{"rendered":"<p>A r\u00eda de Ribadeo ofrece un recurso para, dentro do bulicio, ter paz. Quiz\u00e1is por iso as cousas da r\u00eda parece como se se notaran, anotaran e traballaran con m\u00e1is tranquilidade.<\/p>\n<p>E variaci\u00f3ns hai m\u00e1is das que parece, e non me estou referindo \u00e1 dobre subida e baixada diaria da marea. comezando polo extremonorte, luns tomaba esta foto:<\/p>\n<p><a href=\"https:\/\/blogger.googleusercontent.com\/img\/b\/R29vZ2xl\/AVvXsEicr5BripZfN1Pmj-t90fWcbi4cuiFEhZavGBWF25sxO4gIexx7ZcifVrU2nGREdyZgi5nEuBOwVN10s4F0Nd6i7H6pf3-A-EBITPKIG-6Kk0kRd8cYsEvBVkmGboUHk-NOOaWZ5g\/s2048\/sinal+ante+Pancha+persistente.jpg\" imageanchor=\"1\" style=\"margin-left: 1em; margin-right: 1em;\"><img loading=\"lazy\" decoding=\"async\" height=\"480\" src=\"https:\/\/blogger.googleusercontent.com\/img\/b\/R29vZ2xl\/AVvXsEicr5BripZfN1Pmj-t90fWcbi4cuiFEhZavGBWF25sxO4gIexx7ZcifVrU2nGREdyZgi5nEuBOwVN10s4F0Nd6i7H6pf3-A-EBITPKIG-6Kk0kRd8cYsEvBVkmGboUHk-NOOaWZ5g\/s2048\/sinal+ante+Pancha+persistente.jpg\" width=\"640\" \/><\/a><\/p>\n<p>Foto que deixaba nas redes sociais indicando a persistencia da sinal en terre p\u00fablico, despois de ter sido avisado o concello hai meses, haberse renovado as sinais que dan informaci\u00f3n do faro, ter comezado o tren tur\u00edstico a funcionar, etc. Pois ben, onte , despois de todas esas cousas, puiden sacar outras fotos:<\/p>\n<p><a href=\"https:\/\/blogger.googleusercontent.com\/img\/b\/R29vZ2xl\/AVvXsEgvI52HCoZ5TaxULvhjwsNkXkOt3AayoVbQW8GmB32-VDf33GdnxT1hodRn6LlcrcTUlR0_ySuklzAOdBUaSErJDbmvf0ArjJAYeusfeI3F_IkhFWtMO00dJPPAX3IV27OOFrfQWg\/s2048\/xiro+tren+tur%25C3%25ADstico+2017.jpg\" imageanchor=\"1\" style=\"margin-left: 1em; margin-right: 1em;\"><img decoding=\"async\" src=\"https:\/\/blogger.googleusercontent.com\/img\/b\/R29vZ2xl\/AVvXsEgvI52HCoZ5TaxULvhjwsNkXkOt3AayoVbQW8GmB32-VDf33GdnxT1hodRn6LlcrcTUlR0_ySuklzAOdBUaSErJDbmvf0ArjJAYeusfeI3F_IkhFWtMO00dJPPAX3IV27OOFrfQWg\/s2048\/xiro+tren+tur%25C3%25ADstico+2017.jpg\" \/><\/a><\/p>\n<p>Ama\u00f1ado! Pero non parece que por legalidade, l\u00f3xica, conservaci\u00f3n da natureza ou cousas parellas, sen\u00f3n m\u00e1is ben porque un cravo saca outro cravo: unha actividade econ\u00f3mica puxa e despraza outra actividade econ\u00f3mica. Se agora se est\u00e1 a usar para xiro de tren tur\u00edstico, non se pode usar como aparcamento do faro.<\/p>\n","protected":false},"excerpt":{"rendered":"<p>A r\u00eda de Ribadeo ofrece un recurso para, dentro do bulicio, ter paz. Quiz\u00e1is por iso as cousas da r\u00eda parece como se se notaran, anotaran e traballaran con m\u00e1is tranquilidade. E variaci\u00f3ns hai m\u00e1is das que parece, e non me estou referindo \u00e1 dobre subida e baixada diaria da marea. comezando polo extremonorte, luns [&hellip;]<\/p>\n","protected":false},"author":3,"featured_media":0,"comment_status":"open","ping_status":"closed","sticky":false,"template":"","format":"standard","meta":{"activitypub_content_warning":"","activitypub_content_visibility":"","activitypub_max_image_attachments":3,"activitypub_interaction_policy_quote":"anyone","activitypub_status":"federated","footnotes":""},"categories":[1],"tags":[103,56],"class_list":["post-5775","post","type-post","status-publish","format-standard","hentry","category-sen-categoria","tag-fotos","tag-ria"],"_links":{"self":[{"href":"https:\/\/blogs.amarinha.gal\/ribadeando\/wp-json\/wp\/v2\/posts\/5775","targetHints":{"allow":["GET"]}}],"collection":[{"href":"https:\/\/blogs.amarinha.gal\/ribadeando\/wp-json\/wp\/v2\/posts"}],"about":[{"href":"https:\/\/blogs.amarinha.gal\/ribadeando\/wp-json\/wp\/v2\/types\/post"}],"author":[{"embeddable":true,"href":"https:\/\/blogs.amarinha.gal\/ribadeando\/wp-json\/wp\/v2\/users\/3"}],"replies":[{"embeddable":true,"href":"https:\/\/blogs.amarinha.gal\/ribadeando\/wp-json\/wp\/v2\/comments?post=5775"}],"version-history":[{"count":0,"href":"https:\/\/blogs.amarinha.gal\/ribadeando\/wp-json\/wp\/v2\/posts\/5775\/revisions"}],"wp:attachment":[{"href":"https:\/\/blogs.amarinha.gal\/ribadeando\/wp-json\/wp\/v2\/media?parent=5775"}],"wp:term":[{"taxonomy":"category","embeddable":true,"href":"https:\/\/blogs.amarinha.gal\/ribadeando\/wp-json\/wp\/v2\/categories?post=5775"},{"taxonomy":"post_tag","embeddable":true,"href":"https:\/\/blogs.amarinha.gal\/ribadeando\/wp-json\/wp\/v2\/tags?post=5775"}],"curies":[{"name":"wp","href":"https:\/\/api.w.org\/{rel}","templated":true}]}}