{"id":5770,"date":"2017-07-26T08:11:00","date_gmt":"2017-07-26T06:11:00","guid":{"rendered":""},"modified":"2024-11-12T13:35:34","modified_gmt":"2024-11-12T12:35:34","slug":"sese-para-desafiucio","status":"publish","type":"post","link":"https:\/\/blogs.amarinha.gal\/ribadeando\/2017\/07\/26\/sese-para-desafiucio\/","title":{"rendered":"Ses\u00e9, para desafiucio"},"content":{"rendered":"<p>Onte estiven falando con Jos\u00e9 Emilio Amor Garc\u00eda, Ses\u00e9. Tentou explicarme a s\u00faa situaci\u00f3n e pediume axuda para difundila: se non se produce alg\u00fan feito inesperado, espera ser desafiuzado da s\u00faa vivenda en Mart\u00ednez Pasar\u00f3n, 6,4\u00baB en calquera momento a partir de setembro. Pretende, chegado o d\u00eda, congregar xente diante da s\u00faa casa, pensando nos amigos que ten e que o apoian. Non sabe a\u00ednda cando ser\u00e1, mais cando chegue difundirao polos medios de comunicaci\u00f3n.<\/p>\n<p>Esa era a mensaxe que quer\u00eda dar: que a xente o saiba e estea preparada para cando chegue.<\/p>\n<p>A situaci\u00f3n que ten \u00e9 complicada e procura apoio. Se o ves pola r\u00faa e o co\u00f1eces, preg\u00fantalle.<\/p>\n<table align=\"center\" cellpadding=\"0\" cellspacing=\"0\" class=\"tr-caption-container\" style=\"margin-left: auto; margin-right: auto; text-align: center;\">\n<tbody>\n<tr>\n<td style=\"text-align: center;\"><a href=\"https:\/\/blogger.googleusercontent.com\/img\/b\/R29vZ2xl\/AVvXsEjp4RylUdOQ5Ai201b7zSNieaDnYum-Yow8u7b6Pojfyb0qfFGR_7UHBsVsG7ghky_D74lTM8n21F0qfPP0eBsahK35_aO_tXKN_w2X9RjaUDGWXGj_bUm7OKo9gXxhHQ2oMCc6Iw\/s2048\/Ses%25C3%25A9.png\" imageanchor=\"1\" style=\"margin-left: auto; margin-right: auto;\"><img decoding=\"async\" src=\"https:\/\/blogger.googleusercontent.com\/img\/b\/R29vZ2xl\/AVvXsEjp4RylUdOQ5Ai201b7zSNieaDnYum-Yow8u7b6Pojfyb0qfFGR_7UHBsVsG7ghky_D74lTM8n21F0qfPP0eBsahK35_aO_tXKN_w2X9RjaUDGWXGj_bUm7OKo9gXxhHQ2oMCc6Iw\/s2048\/Ses%25C3%25A9.png\" \/><\/a><\/td>\n<\/tr>\n<tr>\n<td class=\"tr-caption\" style=\"text-align: center;\">Situaci\u00f3n da vivenda (mapa OSM).<\/td>\n<\/tr>\n<\/tbody>\n<\/table>\n<p>&nbsp;<\/p>\n","protected":false},"excerpt":{"rendered":"<p>Onte estiven falando con Jos\u00e9 Emilio Amor Garc\u00eda, Ses\u00e9. Tentou explicarme a s\u00faa situaci\u00f3n e pediume axuda para difundila: se non se produce alg\u00fan feito inesperado, espera ser desafiuzado da s\u00faa vivenda en Mart\u00ednez Pasar\u00f3n, 6,4\u00baB en calquera momento a partir de setembro. Pretende, chegado o d\u00eda, congregar xente diante da s\u00faa casa, pensando nos [&hellip;]<\/p>\n","protected":false},"author":3,"featured_media":0,"comment_status":"open","ping_status":"closed","sticky":false,"template":"","format":"standard","meta":{"activitypub_content_warning":"","activitypub_content_visibility":"","activitypub_max_image_attachments":3,"activitypub_interaction_policy_quote":"anyone","activitypub_status":"federated","footnotes":""},"categories":[1],"tags":[9],"class_list":["post-5770","post","type-post","status-publish","format-standard","hentry","category-sen-categoria","tag-sociedade"],"_links":{"self":[{"href":"https:\/\/blogs.amarinha.gal\/ribadeando\/wp-json\/wp\/v2\/posts\/5770","targetHints":{"allow":["GET"]}}],"collection":[{"href":"https:\/\/blogs.amarinha.gal\/ribadeando\/wp-json\/wp\/v2\/posts"}],"about":[{"href":"https:\/\/blogs.amarinha.gal\/ribadeando\/wp-json\/wp\/v2\/types\/post"}],"author":[{"embeddable":true,"href":"https:\/\/blogs.amarinha.gal\/ribadeando\/wp-json\/wp\/v2\/users\/3"}],"replies":[{"embeddable":true,"href":"https:\/\/blogs.amarinha.gal\/ribadeando\/wp-json\/wp\/v2\/comments?post=5770"}],"version-history":[{"count":0,"href":"https:\/\/blogs.amarinha.gal\/ribadeando\/wp-json\/wp\/v2\/posts\/5770\/revisions"}],"wp:attachment":[{"href":"https:\/\/blogs.amarinha.gal\/ribadeando\/wp-json\/wp\/v2\/media?parent=5770"}],"wp:term":[{"taxonomy":"category","embeddable":true,"href":"https:\/\/blogs.amarinha.gal\/ribadeando\/wp-json\/wp\/v2\/categories?post=5770"},{"taxonomy":"post_tag","embeddable":true,"href":"https:\/\/blogs.amarinha.gal\/ribadeando\/wp-json\/wp\/v2\/tags?post=5770"}],"curies":[{"name":"wp","href":"https:\/\/api.w.org\/{rel}","templated":true}]}}