{"id":5759,"date":"2017-08-18T16:51:00","date_gmt":"2017-08-18T14:51:00","guid":{"rendered":""},"modified":"2024-11-12T13:35:10","modified_gmt":"2024-11-12T12:35:10","slug":"estiven-ali","status":"publish","type":"post","link":"https:\/\/blogs.amarinha.gal\/ribadeando\/2017\/08\/18\/estiven-ali\/","title":{"rendered":"Estiven al\u00ed"},"content":{"rendered":"<p><a href=\"https:\/\/blogger.googleusercontent.com\/img\/b\/R29vZ2xl\/AVvXsEiKS2NYvFGG2dAK_kP2ZFv8qq59h4x5tZ-xRm7sF-yVdoMnEue3ipP9dQjggKEEWD_kZIgAanNYvpUZo-IbysRXt6Ld7G-0yu0DOHdRRuZyoAaa87G3toEkEpApO1MVOF-WJbwqKg\/s2048\/ramblas.jpg\" style=\"margin-left: 1em; margin-right: 1em;\"><img loading=\"lazy\" decoding=\"async\" height=\"299\" src=\"https:\/\/blogger.googleusercontent.com\/img\/b\/R29vZ2xl\/AVvXsEiKS2NYvFGG2dAK_kP2ZFv8qq59h4x5tZ-xRm7sF-yVdoMnEue3ipP9dQjggKEEWD_kZIgAanNYvpUZo-IbysRXt6Ld7G-0yu0DOHdRRuZyoAaa87G3toEkEpApO1MVOF-WJbwqKg\/s2048\/ramblas.jpg\" width=\"320\" \/><\/a><\/p>\n<p>Onte, a media tarde, a mi\u00f1a idea era falar de outra cousa, &#8216;m\u00e1is de Ribadeo&#8217;. A\u00ednda despois do ataque, pensei en non falar del, coa idea de que unha das raz\u00f3ns da bestialidade \u00e9 precisamente a s\u00faa difusi\u00f3n. Pero non poido deixar de darlle voltas a unhas cantas cousas, e diso vou falar.<\/p>\n<p>A primeira que me veu \u00e1 cabeza, a lembranza de ver a un pai ensinar a odiar, educar dese xeito \u00f3 seu fillo. Non en Barcelona, sen\u00f3n en Ribadeo. Non a ning\u00fan mahometano. E o sentimento meu de compasi\u00f3n polo neno, a pesar de ser ben consciente do que pode resultar de a\u00ed no futuro. De algo parecido a noxo polo pai. De impotencia pola mi\u00f1a parte, pois coido que \u00e9 m\u00e1is complicado actuar cando o afectado \u00e9 un que cando ve que lle afecta \u00f3s dem\u00e1is: neste segundo caso \u00e9 testemu\u00f1a, e non a palabra dun en solitario. E tam\u00e9n un sentimento de incomprensi\u00f3n de cara \u00e1s testemu\u00f1as, polo seu pasotismo equivalente no meu parecer \u00e1 insolidariedade co afectado e polo tanto, deixar facer e solidariedade co exercicio de educaci\u00f3n \u00f3 odio.<\/p>\n<p>E isto \u00faltimo l\u00e9vame a outra li\u00f1a de reflexi\u00f3n: un ataque como o de Barcelona require da sociedade unha fortaleza imposible de xeito individual. Se te ves afectado por un ataque as\u00ed, morres ou te ves ferido, a resposta \u00e9 aut\u00f3noma a ti, corresponde \u00f3 teu corpo. Pero o corpo social ten unha resposta que depende de todos, da nosa relaci\u00f3n e ideas previas. E coido que non se debe basar no odio reflectido, sen\u00f3n na fortaleza social. Algo que non se constr\u00fae con pasotismo nin co propio recurso \u00f3 odio.<\/p>\n<p>Por outra banda, o mesmo d\u00eda do ataque, a prensa fac\u00edase eco de centeas de mortos no Mediterr\u00e1neo. Algo que foi eclipsado nada m\u00e1is co\u00f1ecerse a nova de barcelona. A memoria \u00e9tica borrada, nin siquiera xustificada. Por suposto, tam\u00e9n borrada a memoria de corrupci\u00f3ns diversas, nunha magnificaci\u00f3n interesada dun &#8216;todos a unha&#8217; que ser\u00eda interesante se se tomara de xeito voluntario xunto coa conciencia da complexidade dun problema social. Pero que separado do que non sexa &#8216;atac\u00e1ronnos&#8217;, implica unha actuaci\u00f3n en masa que ten moito de resposta animal e pouco de resposta humana, por moito que os constitu\u00edntes desa masa nos chamemos as\u00ed, humanos.<\/p>\n","protected":false},"excerpt":{"rendered":"<p>Onte, a media tarde, a mi\u00f1a idea era falar de outra cousa, &#8216;m\u00e1is de Ribadeo&#8217;. A\u00ednda despois do ataque, pensei en non falar del, coa idea de que unha das raz\u00f3ns da bestialidade \u00e9 precisamente a s\u00faa difusi\u00f3n. Pero non poido deixar de darlle voltas a unhas cantas cousas, e diso vou falar. A primeira [&hellip;]<\/p>\n","protected":false},"author":3,"featured_media":0,"comment_status":"open","ping_status":"closed","sticky":false,"template":"","format":"standard","meta":{"activitypub_content_warning":"","activitypub_content_visibility":"","activitypub_max_image_attachments":3,"activitypub_interaction_policy_quote":"anyone","activitypub_status":"federate","footnotes":""},"categories":[1],"tags":[9],"class_list":["post-5759","post","type-post","status-publish","format-standard","hentry","category-sen-categoria","tag-sociedade"],"_links":{"self":[{"href":"https:\/\/blogs.amarinha.gal\/ribadeando\/wp-json\/wp\/v2\/posts\/5759","targetHints":{"allow":["GET"]}}],"collection":[{"href":"https:\/\/blogs.amarinha.gal\/ribadeando\/wp-json\/wp\/v2\/posts"}],"about":[{"href":"https:\/\/blogs.amarinha.gal\/ribadeando\/wp-json\/wp\/v2\/types\/post"}],"author":[{"embeddable":true,"href":"https:\/\/blogs.amarinha.gal\/ribadeando\/wp-json\/wp\/v2\/users\/3"}],"replies":[{"embeddable":true,"href":"https:\/\/blogs.amarinha.gal\/ribadeando\/wp-json\/wp\/v2\/comments?post=5759"}],"version-history":[{"count":0,"href":"https:\/\/blogs.amarinha.gal\/ribadeando\/wp-json\/wp\/v2\/posts\/5759\/revisions"}],"wp:attachment":[{"href":"https:\/\/blogs.amarinha.gal\/ribadeando\/wp-json\/wp\/v2\/media?parent=5759"}],"wp:term":[{"taxonomy":"category","embeddable":true,"href":"https:\/\/blogs.amarinha.gal\/ribadeando\/wp-json\/wp\/v2\/categories?post=5759"},{"taxonomy":"post_tag","embeddable":true,"href":"https:\/\/blogs.amarinha.gal\/ribadeando\/wp-json\/wp\/v2\/tags?post=5759"}],"curies":[{"name":"wp","href":"https:\/\/api.w.org\/{rel}","templated":true}]}}