{"id":5757,"date":"2017-08-19T09:12:00","date_gmt":"2017-08-19T07:12:00","guid":{"rendered":""},"modified":"2024-11-12T13:35:07","modified_gmt":"2024-11-12T12:35:07","slug":"ausencia-do-alcalde","status":"publish","type":"post","link":"https:\/\/blogs.amarinha.gal\/ribadeando\/2017\/08\/19\/ausencia-do-alcalde\/","title":{"rendered":"Unha curiosidade: ausencia do alcalde"},"content":{"rendered":"<p><a href=\"https:\/\/blogger.googleusercontent.com\/img\/b\/R29vZ2xl\/AVvXsEgeTJ2ZiSV_ZnPGZ4C6lpKWQlkBlAOLlP-y5XZLBKGpK481tbUiK9QaZdcmrtkxk0FeHGyB2ko8VGGP5iX3DKU4NAoMoYl1Bta0eg6RYS3o-cdLqSDATWZnrrQ2japhKSOgBOr6yg\/s2048\/Ausencia+do+alcalde.png\" imageanchor=\"1\" style=\"margin-left: 1em; margin-right: 1em;\"><img decoding=\"async\" src=\"https:\/\/blogger.googleusercontent.com\/img\/b\/R29vZ2xl\/AVvXsEgeTJ2ZiSV_ZnPGZ4C6lpKWQlkBlAOLlP-y5XZLBKGpK481tbUiK9QaZdcmrtkxk0FeHGyB2ko8VGGP5iX3DKU4NAoMoYl1Bta0eg6RYS3o-cdLqSDATWZnrrQ2japhKSOgBOr6yg\/s2048\/Ausencia+do+alcalde.png\" \/><\/a><\/p>\n<p>O alcalde non est\u00e1 nin se lle espera antes do 31 de agosto.<\/p>\n<p>Ch\u00e1mame a atenci\u00f3n este tipo de avisos, feitos con tempo (31 de &#8216;agosto&#8217;, sen correcci\u00f3n polo momento) que se ven incumpridos (o alcalde foi avistado con certeza por Ribadeo o 16, inclu\u00eddo no aviso, e parece que mesmo onte tam\u00e9n estar\u00eda) de xeito abondo natural por tratarse dunhas vacaci\u00f3ns.<\/p>\n","protected":false},"excerpt":{"rendered":"<p>O alcalde non est\u00e1 nin se lle espera antes do 31 de agosto. Ch\u00e1mame a atenci\u00f3n este tipo de avisos, feitos con tempo (31 de &#8216;agosto&#8217;, sen correcci\u00f3n polo momento) que se ven incumpridos (o alcalde foi avistado con certeza por Ribadeo o 16, inclu\u00eddo no aviso, e parece que mesmo onte tam\u00e9n estar\u00eda) de [&hellip;]<\/p>\n","protected":false},"author":3,"featured_media":0,"comment_status":"open","ping_status":"closed","sticky":false,"template":"","format":"standard","meta":{"activitypub_content_warning":"","activitypub_content_visibility":"","activitypub_max_image_attachments":3,"activitypub_interaction_policy_quote":"anyone","activitypub_status":"federate","footnotes":""},"categories":[1],"tags":[9],"class_list":["post-5757","post","type-post","status-publish","format-standard","hentry","category-sen-categoria","tag-sociedade"],"_links":{"self":[{"href":"https:\/\/blogs.amarinha.gal\/ribadeando\/wp-json\/wp\/v2\/posts\/5757","targetHints":{"allow":["GET"]}}],"collection":[{"href":"https:\/\/blogs.amarinha.gal\/ribadeando\/wp-json\/wp\/v2\/posts"}],"about":[{"href":"https:\/\/blogs.amarinha.gal\/ribadeando\/wp-json\/wp\/v2\/types\/post"}],"author":[{"embeddable":true,"href":"https:\/\/blogs.amarinha.gal\/ribadeando\/wp-json\/wp\/v2\/users\/3"}],"replies":[{"embeddable":true,"href":"https:\/\/blogs.amarinha.gal\/ribadeando\/wp-json\/wp\/v2\/comments?post=5757"}],"version-history":[{"count":0,"href":"https:\/\/blogs.amarinha.gal\/ribadeando\/wp-json\/wp\/v2\/posts\/5757\/revisions"}],"wp:attachment":[{"href":"https:\/\/blogs.amarinha.gal\/ribadeando\/wp-json\/wp\/v2\/media?parent=5757"}],"wp:term":[{"taxonomy":"category","embeddable":true,"href":"https:\/\/blogs.amarinha.gal\/ribadeando\/wp-json\/wp\/v2\/categories?post=5757"},{"taxonomy":"post_tag","embeddable":true,"href":"https:\/\/blogs.amarinha.gal\/ribadeando\/wp-json\/wp\/v2\/tags?post=5757"}],"curies":[{"name":"wp","href":"https:\/\/api.w.org\/{rel}","templated":true}]}}