{"id":5756,"date":"2017-08-19T23:45:00","date_gmt":"2017-08-19T21:45:00","guid":{"rendered":""},"modified":"2024-11-12T13:35:05","modified_gmt":"2024-11-12T12:35:05","slug":"gravacion-do-concerto-de-25-aniversario","status":"publish","type":"post","link":"https:\/\/blogs.amarinha.gal\/ribadeando\/2017\/08\/19\/gravacion-do-concerto-de-25-aniversario\/","title":{"rendered":"Gravaci\u00f3n do concerto de 25 aniversario da Banda Municipal de Ribadeo (20170819)"},"content":{"rendered":"<p>V\u00eddeo 1: polo momento, non se pode reproducir por cuesti\u00f3n de dereitos.<\/p>\n<p>V\u00eddeo 2:<\/p>\n<p><iframe loading=\"lazy\" allowfullscreen=\"\" class=\"YOUTUBE-iframe-video\" data-thumbnail-src=\"https:\/\/i.ytimg.com\/vi\/oxlW_-JQWDc\/0.jpg\" frameborder=\"0\" height=\"266\" src=\"https:\/\/www.youtube.com\/embed\/oxlW_-JQWDc?feature=player_embedded\" width=\"320\"><\/iframe><\/p>\n<p>Mural: <\/p>\n<p><a href=\"https:\/\/blogger.googleusercontent.com\/img\/b\/R29vZ2xl\/AVvXsEgF2jeZZ_4PdYjA74JUfovKCdRcu8NHxRKO1qF7ThIhY_HdpWP8Ng_bEm8KPM7hR7LopNfVb-yc7bbxpG_F5_2D1eM8Y2cRUC_u4tfmPVGA-tz6nznTf-5b_JczygSrIab_DnEeTQ\/s2048\/concerto+25+aniversario+BMR.jpg\" imageanchor=\"1\" style=\"margin-left: 1em; margin-right: 1em;\"><img decoding=\"async\" src=\"https:\/\/blogger.googleusercontent.com\/img\/b\/R29vZ2xl\/AVvXsEgF2jeZZ_4PdYjA74JUfovKCdRcu8NHxRKO1qF7ThIhY_HdpWP8Ng_bEm8KPM7hR7LopNfVb-yc7bbxpG_F5_2D1eM8Y2cRUC_u4tfmPVGA-tz6nznTf-5b_JczygSrIab_DnEeTQ\/s2048\/concerto+25+aniversario+BMR.jpg\" \/><\/a><\/p>\n<p>Foto de Suso Fern\u00e1ndez:<\/p>\n<p><a href=\"https:\/\/blogger.googleusercontent.com\/img\/b\/R29vZ2xl\/AVvXsEgNpwTKp6LArTGx0F3GfEQZN-4DZH9Tfp32qoR_shwxgf_1ZqQIIm3zrsZfC2Jf4DmfuyKEw7BWej-9qGIg-KtE-gZIH7RuYacBTYAtv_Vsxas-LfLSLVoC4Y5z07vEsoPo3MwMyQ\/s2048\/BMMR+no+concerto+25+aniversario.jpg\" imageanchor=\"1\" style=\"margin-left: 1em; margin-right: 1em;\"><img decoding=\"async\" src=\"https:\/\/blogger.googleusercontent.com\/img\/b\/R29vZ2xl\/AVvXsEgNpwTKp6LArTGx0F3GfEQZN-4DZH9Tfp32qoR_shwxgf_1ZqQIIm3zrsZfC2Jf4DmfuyKEw7BWej-9qGIg-KtE-gZIH7RuYacBTYAtv_Vsxas-LfLSLVoC4Y5z07vEsoPo3MwMyQ\/s2048\/BMMR+no+concerto+25+aniversario.jpg\" \/><\/a><\/p>\n<p>Foto de Suso Fern\u00e1ndez cos compo\u00f1entes da banda (en alg\u00fan momento da s\u00faa historia) presentes:<\/p>\n<p><a href=\"https:\/\/blogger.googleusercontent.com\/img\/b\/R29vZ2xl\/AVvXsEiGuf5mnixfNVraJs_U-ggmybOTmx_Jq8AucDNEa7VEUAGe2WgnJYLd6ttNFMM2c0k0CzQ4kMj8KrygTtTIfrL-8KZxVHzetS7ocK5PVfvOQ6bHayZs1ebFDe4_BV6WBsaVt2SlJQ\/s2048\/IMG-20170819-WA0002.jpg\" imageanchor=\"1\" style=\"margin-left: 1em; margin-right: 1em;\"><img loading=\"lazy\" decoding=\"async\" height=\"179\" src=\"https:\/\/blogger.googleusercontent.com\/img\/b\/R29vZ2xl\/AVvXsEiGuf5mnixfNVraJs_U-ggmybOTmx_Jq8AucDNEa7VEUAGe2WgnJYLd6ttNFMM2c0k0CzQ4kMj8KrygTtTIfrL-8KZxVHzetS7ocK5PVfvOQ6bHayZs1ebFDe4_BV6WBsaVt2SlJQ\/s2048\/IMG-20170819-WA0002.jpg\" width=\"320\" \/><\/a><\/p>\n","protected":false},"excerpt":{"rendered":"<p>V\u00eddeo 1: polo momento, non se pode reproducir por cuesti\u00f3n de dereitos. V\u00eddeo 2: Mural: Foto de Suso Fern\u00e1ndez: Foto de Suso Fern\u00e1ndez cos compo\u00f1entes da banda (en alg\u00fan momento da s\u00faa historia) presentes:<\/p>\n","protected":false},"author":3,"featured_media":0,"comment_status":"open","ping_status":"closed","sticky":false,"template":"","format":"standard","meta":{"activitypub_content_warning":"","activitypub_content_visibility":"","activitypub_max_image_attachments":3,"activitypub_interaction_policy_quote":"anyone","activitypub_status":"federate","footnotes":""},"categories":[1],"tags":[81,23,19],"class_list":["post-5756","post","type-post","status-publish","format-standard","hentry","category-sen-categoria","tag-banda","tag-musica","tag-suso-fernandez"],"_links":{"self":[{"href":"https:\/\/blogs.amarinha.gal\/ribadeando\/wp-json\/wp\/v2\/posts\/5756","targetHints":{"allow":["GET"]}}],"collection":[{"href":"https:\/\/blogs.amarinha.gal\/ribadeando\/wp-json\/wp\/v2\/posts"}],"about":[{"href":"https:\/\/blogs.amarinha.gal\/ribadeando\/wp-json\/wp\/v2\/types\/post"}],"author":[{"embeddable":true,"href":"https:\/\/blogs.amarinha.gal\/ribadeando\/wp-json\/wp\/v2\/users\/3"}],"replies":[{"embeddable":true,"href":"https:\/\/blogs.amarinha.gal\/ribadeando\/wp-json\/wp\/v2\/comments?post=5756"}],"version-history":[{"count":0,"href":"https:\/\/blogs.amarinha.gal\/ribadeando\/wp-json\/wp\/v2\/posts\/5756\/revisions"}],"wp:attachment":[{"href":"https:\/\/blogs.amarinha.gal\/ribadeando\/wp-json\/wp\/v2\/media?parent=5756"}],"wp:term":[{"taxonomy":"category","embeddable":true,"href":"https:\/\/blogs.amarinha.gal\/ribadeando\/wp-json\/wp\/v2\/categories?post=5756"},{"taxonomy":"post_tag","embeddable":true,"href":"https:\/\/blogs.amarinha.gal\/ribadeando\/wp-json\/wp\/v2\/tags?post=5756"}],"curies":[{"name":"wp","href":"https:\/\/api.w.org\/{rel}","templated":true}]}}