{"id":5754,"date":"2017-08-21T18:11:00","date_gmt":"2017-08-21T16:11:00","guid":{"rendered":""},"modified":"2024-11-12T13:35:03","modified_gmt":"2024-11-12T12:35:03","slug":"exposicion-dos-25-anos-da-banda-de","status":"publish","type":"post","link":"https:\/\/blogs.amarinha.gal\/ribadeando\/2017\/08\/21\/exposicion-dos-25-anos-da-banda-de\/","title":{"rendered":"Exposici\u00f3n dos 25 anos da Banda de M\u00fasica Municipal de Ribadeo"},"content":{"rendered":"<p>Esta tarde tiven a oportunidade de ir por al\u00ed&#8230;<\/p>\n<p><iframe loading=\"lazy\" width=\"320\" height=\"266\" class=\"YOUTUBE-iframe-video\" data-thumbnail-src=\"https:\/\/i.ytimg.com\/vi\/Yt21j894QSY\/0.jpg\" src=\"https:\/\/www.youtube.com\/embed\/Yt21j894QSY?feature=player_embedded\" frameborder=\"0\" allowfullscreen><\/iframe><\/p>\n<p>M\u00edrao mellor en pantalla grande, ocupando todo o espazo visible.<\/p>\n","protected":false},"excerpt":{"rendered":"<p>Esta tarde tiven a oportunidade de ir por al\u00ed&#8230; M\u00edrao mellor en pantalla grande, ocupando todo o espazo visible.<\/p>\n","protected":false},"author":3,"featured_media":0,"comment_status":"open","ping_status":"closed","sticky":false,"template":"","format":"standard","meta":{"activitypub_content_warning":"","activitypub_content_visibility":"","activitypub_max_image_attachments":3,"activitypub_interaction_policy_quote":"anyone","activitypub_status":"federated","footnotes":""},"categories":[1],"tags":[81,23],"class_list":["post-5754","post","type-post","status-publish","format-standard","hentry","category-sen-categoria","tag-banda","tag-musica"],"_links":{"self":[{"href":"https:\/\/blogs.amarinha.gal\/ribadeando\/wp-json\/wp\/v2\/posts\/5754","targetHints":{"allow":["GET"]}}],"collection":[{"href":"https:\/\/blogs.amarinha.gal\/ribadeando\/wp-json\/wp\/v2\/posts"}],"about":[{"href":"https:\/\/blogs.amarinha.gal\/ribadeando\/wp-json\/wp\/v2\/types\/post"}],"author":[{"embeddable":true,"href":"https:\/\/blogs.amarinha.gal\/ribadeando\/wp-json\/wp\/v2\/users\/3"}],"replies":[{"embeddable":true,"href":"https:\/\/blogs.amarinha.gal\/ribadeando\/wp-json\/wp\/v2\/comments?post=5754"}],"version-history":[{"count":0,"href":"https:\/\/blogs.amarinha.gal\/ribadeando\/wp-json\/wp\/v2\/posts\/5754\/revisions"}],"wp:attachment":[{"href":"https:\/\/blogs.amarinha.gal\/ribadeando\/wp-json\/wp\/v2\/media?parent=5754"}],"wp:term":[{"taxonomy":"category","embeddable":true,"href":"https:\/\/blogs.amarinha.gal\/ribadeando\/wp-json\/wp\/v2\/categories?post=5754"},{"taxonomy":"post_tag","embeddable":true,"href":"https:\/\/blogs.amarinha.gal\/ribadeando\/wp-json\/wp\/v2\/tags?post=5754"}],"curies":[{"name":"wp","href":"https:\/\/api.w.org\/{rel}","templated":true}]}}