{"id":5751,"date":"2017-08-24T09:44:00","date_gmt":"2017-08-24T07:44:00","guid":{"rendered":""},"modified":"2024-11-12T13:34:58","modified_gmt":"2024-11-12T12:34:58","slug":"como-poner-unha-imaxe-de-palabras","status":"publish","type":"post","link":"https:\/\/blogs.amarinha.gal\/ribadeando\/2017\/08\/24\/como-poner-unha-imaxe-de-palabras\/","title":{"rendered":"Como po\u00f1er unha imaxe de palabras?"},"content":{"rendered":"<p>Non de unha verba, sen\u00f3n de moitas. Non po\u00f1er a verba en imaxe, sen\u00f3n do sentido das verbas&#8230; iso quixera hoxe, para anunciar un acto, un ano m\u00e1is, basado nas verbas. Non escritas, sen\u00f3n transmitidas sen soporte duradeiro, expresadas de viva voz.<\/p>\n<p>Hoxe haber\u00e1 unha representaci\u00f3n desas verbas pasandeiras. En Ribadeo, nas escaleiras do parque de San Francisco, \u00e1s 19:00, ter\u00e1 lugar. Ser\u00e1 algo moi sinxelo: tomaranse as verbas do papel e espallaranse no ar, lendoen alto, escoitando, participando en medio da gallaroufa que soe inundar a zona nesta \u00e9poca en galego, pero sobre todo en castel\u00e1n, e tam\u00e9n noutras linguas: &#8220;<em>\u00c1s 7 da tarde, nas escaleiras do parque de San Francisco de Ribadeo,<br \/>\nhonraremos a aquelas persoas que, vivindo f\u00f3ra da Galiza oficial, honran<br \/>\n o galego utiliz\u00e1ndoo na s\u00faa poes\u00eda.<\/em>&#8221; Unha sinxela convocatoria para un sinxelo acto.<\/p>\n<p>Complemento das &#8216;palabras no balc\u00f3n&#8217; que estes d\u00edas de novo voltan a embelecer balc\u00f3ns da vila \u00f3 tempo que o esprito com\u00fan, ofrecen a posibilidade de paliar esa falta de representaci\u00f3n da verba que escorre entre os beizos:<\/p>\n<p><a href=\"https:\/\/blogger.googleusercontent.com\/img\/b\/R29vZ2xl\/AVvXsEh8zw6Hyenep-eWdzawSgf1atPmkV58SnFkD65eo1da_UKIx3IKFOerx7ZfDOU4Ogry3CL57jy_6MDwE49_BBW41LKDnfGO-zM1v0Hw-hqI2DqzhAh45R3h73UdU_092r-m3F5o3w\/s2048\/Verbas+no+balc%25C3%25B3n+2017.+H%25C3%25A9ctor+Acebo.jpg\" imageanchor=\"1\" style=\"margin-left: 1em; margin-right: 1em;\"><img decoding=\"async\" src=\"https:\/\/blogger.googleusercontent.com\/img\/b\/R29vZ2xl\/AVvXsEh8zw6Hyenep-eWdzawSgf1atPmkV58SnFkD65eo1da_UKIx3IKFOerx7ZfDOU4Ogry3CL57jy_6MDwE49_BBW41LKDnfGO-zM1v0Hw-hqI2DqzhAh45R3h73UdU_092r-m3F5o3w\/s2048\/Verbas+no+balc%25C3%25B3n+2017.+H%25C3%25A9ctor+Acebo.jpg\" \/><\/a><\/p>\n","protected":false},"excerpt":{"rendered":"<p>Non de unha verba, sen\u00f3n de moitas. Non po\u00f1er a verba en imaxe, sen\u00f3n do sentido das verbas&#8230; iso quixera hoxe, para anunciar un acto, un ano m\u00e1is, basado nas verbas. Non escritas, sen\u00f3n transmitidas sen soporte duradeiro, expresadas de viva voz. Hoxe haber\u00e1 unha representaci\u00f3n desas verbas pasandeiras. En Ribadeo, nas escaleiras do parque [&hellip;]<\/p>\n","protected":false},"author":3,"featured_media":0,"comment_status":"open","ping_status":"closed","sticky":false,"template":"","format":"standard","meta":{"activitypub_content_warning":"","activitypub_content_visibility":"","activitypub_max_image_attachments":3,"activitypub_interaction_policy_quote":"anyone","activitypub_status":"federated","footnotes":""},"categories":[1],"tags":[16,9],"class_list":["post-5751","post","type-post","status-publish","format-standard","hentry","category-sen-categoria","tag-lingua","tag-sociedade"],"_links":{"self":[{"href":"https:\/\/blogs.amarinha.gal\/ribadeando\/wp-json\/wp\/v2\/posts\/5751","targetHints":{"allow":["GET"]}}],"collection":[{"href":"https:\/\/blogs.amarinha.gal\/ribadeando\/wp-json\/wp\/v2\/posts"}],"about":[{"href":"https:\/\/blogs.amarinha.gal\/ribadeando\/wp-json\/wp\/v2\/types\/post"}],"author":[{"embeddable":true,"href":"https:\/\/blogs.amarinha.gal\/ribadeando\/wp-json\/wp\/v2\/users\/3"}],"replies":[{"embeddable":true,"href":"https:\/\/blogs.amarinha.gal\/ribadeando\/wp-json\/wp\/v2\/comments?post=5751"}],"version-history":[{"count":0,"href":"https:\/\/blogs.amarinha.gal\/ribadeando\/wp-json\/wp\/v2\/posts\/5751\/revisions"}],"wp:attachment":[{"href":"https:\/\/blogs.amarinha.gal\/ribadeando\/wp-json\/wp\/v2\/media?parent=5751"}],"wp:term":[{"taxonomy":"category","embeddable":true,"href":"https:\/\/blogs.amarinha.gal\/ribadeando\/wp-json\/wp\/v2\/categories?post=5751"},{"taxonomy":"post_tag","embeddable":true,"href":"https:\/\/blogs.amarinha.gal\/ribadeando\/wp-json\/wp\/v2\/tags?post=5751"}],"curies":[{"name":"wp","href":"https:\/\/api.w.org\/{rel}","templated":true}]}}