{"id":5748,"date":"2017-08-26T15:05:00","date_gmt":"2017-08-26T13:05:00","guid":{"rendered":""},"modified":"2024-11-12T13:34:52","modified_gmt":"2024-11-12T12:34:52","slug":"un-fito-curioso","status":"publish","type":"post","link":"https:\/\/blogs.amarinha.gal\/ribadeando\/2017\/08\/26\/un-fito-curioso\/","title":{"rendered":"Un fito curioso"},"content":{"rendered":"<p>Non est\u00e1 no concello de Ribadeo, sen\u00f3n en Barreiros. Non est\u00e1 nunha estrada, sen\u00f3n no pico dunha entrada asfaltada. Non \u00e9 novo, sen\u00f3n con moitos anos \u00f3 lombo. A quilometraxe non corresponde \u00f3 lugar nin tendo en conta variaci\u00f3ns de lonxitude da estrada \u00f3 longo da historia&#8230; pero vese dende a estrada, chama a atenci\u00f3n&#8230;<\/p>\n<p><a href=\"https:\/\/blogger.googleusercontent.com\/img\/b\/R29vZ2xl\/AVvXsEjhpJFtzuD4flp4rIq7d7t-QXvOEiCKRLm8L9uxXDRHYgy5JdT369jYIV7y5xxz97CZObXYntUed4simiZi2oVPStyW4Yi4_TxKC0kEj1TXzgKiOxlxY2RKVZoFPIkwwwHZ6n-21g\/s2048\/Fito+Barreiros.jpg\" imageanchor=\"1\" style=\"margin-left: 1em; margin-right: 1em;\"><img decoding=\"async\" src=\"https:\/\/blogger.googleusercontent.com\/img\/b\/R29vZ2xl\/AVvXsEjhpJFtzuD4flp4rIq7d7t-QXvOEiCKRLm8L9uxXDRHYgy5JdT369jYIV7y5xxz97CZObXYntUed4simiZi2oVPStyW4Yi4_TxKC0kEj1TXzgKiOxlxY2RKVZoFPIkwwwHZ6n-21g\/s2048\/Fito+Barreiros.jpg\" \/><\/a><\/p>\n<p><a href=\"https:\/\/blogger.googleusercontent.com\/img\/b\/R29vZ2xl\/AVvXsEgj8N5VUxjBTPdS4q2zVPly5w00PetGGKqCdcvLqExGA9aAbNmXS5lEovHeT-6VhxAO6t-06afy34fzJ3okJTFQxDj8QHwfwqvMFCUk6TbWKSsd7bs7LWVigVY0z5DTqc5Q02IVEw\/s2048\/fito+Barreiros.jpg\" imageanchor=\"1\" style=\"margin-left: 1em; margin-right: 1em;\"><img decoding=\"async\" src=\"https:\/\/blogger.googleusercontent.com\/img\/b\/R29vZ2xl\/AVvXsEgj8N5VUxjBTPdS4q2zVPly5w00PetGGKqCdcvLqExGA9aAbNmXS5lEovHeT-6VhxAO6t-06afy34fzJ3okJTFQxDj8QHwfwqvMFCUk6TbWKSsd7bs7LWVigVY0z5DTqc5Q02IVEw\/s2048\/fito+Barreiros.jpg\" \/><\/a><\/p>\n","protected":false},"excerpt":{"rendered":"<p>Non est\u00e1 no concello de Ribadeo, sen\u00f3n en Barreiros. Non est\u00e1 nunha estrada, sen\u00f3n no pico dunha entrada asfaltada. Non \u00e9 novo, sen\u00f3n con moitos anos \u00f3 lombo. A quilometraxe non corresponde \u00f3 lugar nin tendo en conta variaci\u00f3ns de lonxitude da estrada \u00f3 longo da historia&#8230; pero vese dende a estrada, chama a atenci\u00f3n&#8230;<\/p>\n","protected":false},"author":3,"featured_media":0,"comment_status":"open","ping_status":"closed","sticky":false,"template":"","format":"standard","meta":{"activitypub_content_warning":"","activitypub_content_visibility":"","activitypub_max_image_attachments":3,"activitypub_interaction_policy_quote":"anyone","activitypub_status":"federated","footnotes":""},"categories":[1],"tags":[],"class_list":["post-5748","post","type-post","status-publish","format-standard","hentry","category-sen-categoria"],"_links":{"self":[{"href":"https:\/\/blogs.amarinha.gal\/ribadeando\/wp-json\/wp\/v2\/posts\/5748","targetHints":{"allow":["GET"]}}],"collection":[{"href":"https:\/\/blogs.amarinha.gal\/ribadeando\/wp-json\/wp\/v2\/posts"}],"about":[{"href":"https:\/\/blogs.amarinha.gal\/ribadeando\/wp-json\/wp\/v2\/types\/post"}],"author":[{"embeddable":true,"href":"https:\/\/blogs.amarinha.gal\/ribadeando\/wp-json\/wp\/v2\/users\/3"}],"replies":[{"embeddable":true,"href":"https:\/\/blogs.amarinha.gal\/ribadeando\/wp-json\/wp\/v2\/comments?post=5748"}],"version-history":[{"count":0,"href":"https:\/\/blogs.amarinha.gal\/ribadeando\/wp-json\/wp\/v2\/posts\/5748\/revisions"}],"wp:attachment":[{"href":"https:\/\/blogs.amarinha.gal\/ribadeando\/wp-json\/wp\/v2\/media?parent=5748"}],"wp:term":[{"taxonomy":"category","embeddable":true,"href":"https:\/\/blogs.amarinha.gal\/ribadeando\/wp-json\/wp\/v2\/categories?post=5748"},{"taxonomy":"post_tag","embeddable":true,"href":"https:\/\/blogs.amarinha.gal\/ribadeando\/wp-json\/wp\/v2\/tags?post=5748"}],"curies":[{"name":"wp","href":"https:\/\/api.w.org\/{rel}","templated":true}]}}