{"id":5734,"date":"2017-09-11T08:14:00","date_gmt":"2017-09-11T06:14:00","guid":{"rendered":""},"modified":"2024-11-12T13:34:25","modified_gmt":"2024-11-12T12:34:25","slug":"despois-das-festas","status":"publish","type":"post","link":"https:\/\/blogs.amarinha.gal\/ribadeando\/2017\/09\/11\/despois-das-festas\/","title":{"rendered":"Despois das festas?"},"content":{"rendered":"<p>En rematando as festas, a vida contin\u00faa, normal. Mais o que &#8216;se leva&#8217; \u00e9 facer unha valoraci\u00f3n, unha an\u00e1lise, m\u00e1is que unha planificaci\u00f3n futura. Pois ben, sen\u00f3n unha an\u00e1lise profunda ou algo a modo de estat\u00edsticas, que non farei, aqu\u00ed quedan alg\u00fans detalles. Vaia por diante que non se trata de lembrar momentos bonitos ou o &#8216;esprito de festa&#8217;, que os houbo e o houbo, sen\u00f3n de po\u00f1er unha contrapartida para remarcar que non todo \u00e9 bonito. Estiven a piques de titulalo, a modo de Goya, &#8216;<a href=\"https:\/\/gl.wikipedia.org\/wiki\/Desastres_da_guerra\" target=\"_blank\" rel=\"noopener\">Los desastres de la guerra<\/a>&#8216;.<\/p>\n<p>A tradici\u00f3n manda, e as festas volven \u00f3 Parque, e un xornal xa se fixo eco das protestas na rede por cousa de ru\u00eddos. A pesares da distribuci\u00f3n do <a href=\"http:\/\/ribadeando.blogspot.com.es\/2017\/09\/festas-patronais-sesion-concello.html\" target=\"_blank\" rel=\"noopener\">bando do alcalde<\/a>. E a pesares de que entendo que nesas queixas non est\u00e1n inclu\u00eddas as aglomeraci\u00f3ns de xente diante de alg\u00fan local do centro despois do remate do tempo marcado polo alcalde para as atracci\u00f3ns.<\/p>\n<p>E xa vai sendo tradici\u00f3n longa que se empregue a &#8216;representaci\u00f3n institucional&#8217; nun estado aconfesional hoxe por hoxe de longa maior\u00eda non practicante para que representantes do pobo aparentemente non crentes asistan a actos relixiosos, fortalecendo a esquizofrenia constitucional. E as\u00ed voltou a suceder este ano na procesi\u00f3n da patroa co <a href=\"http:\/\/ribadeando.blogspot.com.es\/2014\/09\/o-alcalde-procesionario.html\" target=\"_blank\" rel=\"noopener\">alcalde procesionario<\/a>. Copio unha cita de Jos\u00e9 M\u00aa Rodr\u00edguez, escrita no 2014: &#8220;<em>Aos meus 80 anos sent\u00edn unha gran emoci\u00f3n \u00f3 ver a procesi\u00f3n da Patrona<br \/>\neste ano. Todas as autoridades presidindo a procesi\u00f3n igual que o fac\u00eda<br \/>\nnos anos 40 o alcalde de entonces, Pancho Maseda. S\u00f3 lles faltaban as<br \/>\ngafas de sol.<\/em>&#8221;<\/p>\n<p>Quer\u00eda po\u00f1er aqu\u00ed envases con aceite \u00f3 p\u00e9 do contedor de Clemente Mart\u00ednez Pasar\u00f3n, pero \u00e9 certo que xa estaban a comezo do mes, logo quedan sen po\u00f1er por non corresponder \u00e1s festas. <\/p>\n<p>Unhas fotos das &#8216;festas, cara B&#8217;, o &#8216;parque tem\u00e1tico no parque&#8217;:<\/p>\n<p><a href=\"https:\/\/blogger.googleusercontent.com\/img\/b\/R29vZ2xl\/AVvXsEjUihx5mojJu2JohhtW5m6XFKAnmGgrf3HaEkSmw547RzugmBpFFbNGdhI1nQN_jZ3Q8XAXj_UnFGrO1ufRpkCIyFLLm7axuWamrVQ5PMs5lzBN0ZT5-wl1wlpgtzZhXoMLceBnwA\/s2048\/Parque+tem%25C3%25A1tico+festas+1.jpg\" imageanchor=\"1\" style=\"margin-left: 1em; margin-right: 1em;\"><img decoding=\"async\" src=\"https:\/\/blogger.googleusercontent.com\/img\/b\/R29vZ2xl\/AVvXsEjUihx5mojJu2JohhtW5m6XFKAnmGgrf3HaEkSmw547RzugmBpFFbNGdhI1nQN_jZ3Q8XAXj_UnFGrO1ufRpkCIyFLLm7axuWamrVQ5PMs5lzBN0ZT5-wl1wlpgtzZhXoMLceBnwA\/s2048\/Parque+tem%25C3%25A1tico+festas+1.jpg\" \/><\/a><\/p>\n<p><a href=\"https:\/\/blogger.googleusercontent.com\/img\/b\/R29vZ2xl\/AVvXsEirgx3BrDIe184SNbNE8hVlD-ySeeAtKLKMToTy0XS_Cw-3bHBUG0E7J2gCxOEjDSrpmFjBxTaRMrTbmzWt3PygxphQwVFO8ksmo8b5mJtQtWcE5deuP3wVfLVQo-xiGUZvSwg7cQ\/s2048\/Parque+tem%25C3%25A1tico+festas+2.jpg\" imageanchor=\"1\" style=\"margin-left: 1em; margin-right: 1em;\"><img decoding=\"async\" src=\"https:\/\/blogger.googleusercontent.com\/img\/b\/R29vZ2xl\/AVvXsEirgx3BrDIe184SNbNE8hVlD-ySeeAtKLKMToTy0XS_Cw-3bHBUG0E7J2gCxOEjDSrpmFjBxTaRMrTbmzWt3PygxphQwVFO8ksmo8b5mJtQtWcE5deuP3wVfLVQo-xiGUZvSwg7cQ\/s2048\/Parque+tem%25C3%25A1tico+festas+2.jpg\" \/><\/a><\/p>\n<p><a href=\"https:\/\/blogger.googleusercontent.com\/img\/b\/R29vZ2xl\/AVvXsEivAhyphenhyphent5d8oXd8Q871urNlRUJG35ePOB4ex896uj63v_H8LUkaGrkilzFY0GTGsdlfgJjzK-6KY5ddmCK1G8SHjfS0pSpxVnZicS0ZMizEb2Lno5paUVo5RLppq81XlQjjpSMml_w\/s2048\/Parque+tem%25C3%25A1tico+festas+3.jpg\" imageanchor=\"1\" style=\"margin-left: 1em; margin-right: 1em;\"><img decoding=\"async\" src=\"https:\/\/blogger.googleusercontent.com\/img\/b\/R29vZ2xl\/AVvXsEivAhyphenhyphent5d8oXd8Q871urNlRUJG35ePOB4ex896uj63v_H8LUkaGrkilzFY0GTGsdlfgJjzK-6KY5ddmCK1G8SHjfS0pSpxVnZicS0ZMizEb2Lno5paUVo5RLppq81XlQjjpSMml_w\/s2048\/Parque+tem%25C3%25A1tico+festas+3.jpg\" \/><\/a><\/p>\n<p><a href=\"https:\/\/blogger.googleusercontent.com\/img\/b\/R29vZ2xl\/AVvXsEj5HrHeTJIw_Xj2TO4tWEM68T7_uPsGKxHKBQygKw3InGhHOsZwMyqvH3aYvTjWjqrAN6CKvSRNzPw4PAXDgcJisuMR_iuxZDj7qQDr5lcxR6KqksGvE9Tl10v88wdQa7ZsfYdkNA\/s2048\/Parque+tem%25C3%25A1tico+festas+4.jpg\" imageanchor=\"1\" style=\"margin-left: 1em; margin-right: 1em;\"><img decoding=\"async\" src=\"https:\/\/blogger.googleusercontent.com\/img\/b\/R29vZ2xl\/AVvXsEj5HrHeTJIw_Xj2TO4tWEM68T7_uPsGKxHKBQygKw3InGhHOsZwMyqvH3aYvTjWjqrAN6CKvSRNzPw4PAXDgcJisuMR_iuxZDj7qQDr5lcxR6KqksGvE9Tl10v88wdQa7ZsfYdkNA\/s2048\/Parque+tem%25C3%25A1tico+festas+4.jpg\" \/><\/a><\/p>\n<p><a href=\"https:\/\/blogger.googleusercontent.com\/img\/b\/R29vZ2xl\/AVvXsEj3k0OYSQSkneY8IDrifJ5thJhZL2sVGLfBCiBYXxl5MjYTMyDBZTqlf8svK33YfqF9E8wePUwXQBqIuXLynn7Q8arGZGPRE1NNhCX-VEhRYDTdmN6yuSgKiIh7y1owax-brsNreA\/s2048\/Parque+tem%25C3%25A1tico+festas+5.jpg\" imageanchor=\"1\" style=\"margin-left: 1em; margin-right: 1em;\"><img decoding=\"async\" src=\"https:\/\/blogger.googleusercontent.com\/img\/b\/R29vZ2xl\/AVvXsEj3k0OYSQSkneY8IDrifJ5thJhZL2sVGLfBCiBYXxl5MjYTMyDBZTqlf8svK33YfqF9E8wePUwXQBqIuXLynn7Q8arGZGPRE1NNhCX-VEhRYDTdmN6yuSgKiIh7y1owax-brsNreA\/s2048\/Parque+tem%25C3%25A1tico+festas+5.jpg\" \/><\/a><\/p>\n<p><a href=\"https:\/\/blogger.googleusercontent.com\/img\/b\/R29vZ2xl\/AVvXsEjG24SfX0owftJW4rTt4SMCVvU02lCmIwjxU6HA_E9Ke4dQ27KUkWKkahLy1-mAGtG9pqQmCSE0LQauIBB96yI77pPk-giq4nDh09elMy5BFZFOdC-sUXGsJBytrHruuSSe4c5gKg\/s2048\/Parque+tem%25C3%25A1tico+festas+6.jpg\" imageanchor=\"1\" style=\"margin-left: 1em; margin-right: 1em;\"><img decoding=\"async\" src=\"https:\/\/blogger.googleusercontent.com\/img\/b\/R29vZ2xl\/AVvXsEjG24SfX0owftJW4rTt4SMCVvU02lCmIwjxU6HA_E9Ke4dQ27KUkWKkahLy1-mAGtG9pqQmCSE0LQauIBB96yI77pPk-giq4nDh09elMy5BFZFOdC-sUXGsJBytrHruuSSe4c5gKg\/s2048\/Parque+tem%25C3%25A1tico+festas+6.jpg\" \/><\/a><\/p>\n<p>Como os servizos non os din atopado, non aparecen.<\/p>\n<p>Outras imaxes poden ser com\u00fans tam\u00e9n noutras \u00e9pocas:<\/p>\n<p><a href=\"https:\/\/blogger.googleusercontent.com\/img\/b\/R29vZ2xl\/AVvXsEgoSPScNPD2ZrA8mTEKJjmluYqxXboV849zXYHt6D3TLE6HySZCKmD85B0pIUKoU7mgeJhZRudnaFrXRO2KGjON6QVFg9Ln2tgwLaXJSi9jkUiBOwiVJXVz5jUNrKPGWjQc56R_Cw\/s2048\/papeleira+queimada.jpg\" imageanchor=\"1\" style=\"margin-left: 1em; margin-right: 1em;\"><img decoding=\"async\" src=\"https:\/\/blogger.googleusercontent.com\/img\/b\/R29vZ2xl\/AVvXsEgoSPScNPD2ZrA8mTEKJjmluYqxXboV849zXYHt6D3TLE6HySZCKmD85B0pIUKoU7mgeJhZRudnaFrXRO2KGjON6QVFg9Ln2tgwLaXJSi9jkUiBOwiVJXVz5jUNrKPGWjQc56R_Cw\/s2048\/papeleira+queimada.jpg\" \/><\/a><\/p>\n<p>E, por \u00faltimo, como lembranza m\u00e1is festiva, os Cocos danzando o d\u00eda 7:<\/p>\n<p><iframe loading=\"lazy\" allowfullscreen=\"\" class=\"YOUTUBE-iframe-video\" data-thumbnail-src=\"https:\/\/i.ytimg.com\/vi\/xlPEjqtKcvU\/0.jpg\" frameborder=\"0\" height=\"266\" src=\"https:\/\/www.youtube.com\/embed\/xlPEjqtKcvU?feature=player_embedded\" width=\"320\"><\/iframe><\/p>\n<p><a href=\"https:\/\/blogger.googleusercontent.com\/img\/b\/R29vZ2xl\/AVvXsEic6nZoTPpsCHzuYI-r2MG2scUl6MUK_12uaPum9TYhMw0ZNZyA64Y06Rtd1T9BK8T0OVxEHFRpoDBu2ZeCMqvsKNRZGbsUXSiPc5n6QQliMLR6FaxLvbHY20opUUktTMgusYF9Ww\/s2048\/cocos+danzando.jpg\" imageanchor=\"1\" style=\"margin-left: 1em; margin-right: 1em;\"><img loading=\"lazy\" decoding=\"async\" height=\"320\" src=\"https:\/\/blogger.googleusercontent.com\/img\/b\/R29vZ2xl\/AVvXsEic6nZoTPpsCHzuYI-r2MG2scUl6MUK_12uaPum9TYhMw0ZNZyA64Y06Rtd1T9BK8T0OVxEHFRpoDBu2ZeCMqvsKNRZGbsUXSiPc5n6QQliMLR6FaxLvbHY20opUUktTMgusYF9Ww\/s2048\/cocos+danzando.jpg\" width=\"309\" \/><\/a><\/p>\n","protected":false},"excerpt":{"rendered":"<p>En rematando as festas, a vida contin\u00faa, normal. Mais o que &#8216;se leva&#8217; \u00e9 facer unha valoraci\u00f3n, unha an\u00e1lise, m\u00e1is que unha planificaci\u00f3n futura. Pois ben, sen\u00f3n unha an\u00e1lise profunda ou algo a modo de estat\u00edsticas, que non farei, aqu\u00ed quedan alg\u00fans detalles. Vaia por diante que non se trata de lembrar momentos bonitos ou [&hellip;]<\/p>\n","protected":false},"author":3,"featured_media":0,"comment_status":"open","ping_status":"closed","sticky":false,"template":"","format":"standard","meta":{"activitypub_content_warning":"","activitypub_content_visibility":"","activitypub_max_image_attachments":3,"activitypub_interaction_policy_quote":"anyone","activitypub_status":"federated","footnotes":""},"categories":[1],"tags":[25],"class_list":["post-5734","post","type-post","status-publish","format-standard","hentry","category-sen-categoria","tag-festas"],"_links":{"self":[{"href":"https:\/\/blogs.amarinha.gal\/ribadeando\/wp-json\/wp\/v2\/posts\/5734","targetHints":{"allow":["GET"]}}],"collection":[{"href":"https:\/\/blogs.amarinha.gal\/ribadeando\/wp-json\/wp\/v2\/posts"}],"about":[{"href":"https:\/\/blogs.amarinha.gal\/ribadeando\/wp-json\/wp\/v2\/types\/post"}],"author":[{"embeddable":true,"href":"https:\/\/blogs.amarinha.gal\/ribadeando\/wp-json\/wp\/v2\/users\/3"}],"replies":[{"embeddable":true,"href":"https:\/\/blogs.amarinha.gal\/ribadeando\/wp-json\/wp\/v2\/comments?post=5734"}],"version-history":[{"count":0,"href":"https:\/\/blogs.amarinha.gal\/ribadeando\/wp-json\/wp\/v2\/posts\/5734\/revisions"}],"wp:attachment":[{"href":"https:\/\/blogs.amarinha.gal\/ribadeando\/wp-json\/wp\/v2\/media?parent=5734"}],"wp:term":[{"taxonomy":"category","embeddable":true,"href":"https:\/\/blogs.amarinha.gal\/ribadeando\/wp-json\/wp\/v2\/categories?post=5734"},{"taxonomy":"post_tag","embeddable":true,"href":"https:\/\/blogs.amarinha.gal\/ribadeando\/wp-json\/wp\/v2\/tags?post=5734"}],"curies":[{"name":"wp","href":"https:\/\/api.w.org\/{rel}","templated":true}]}}