{"id":5733,"date":"2017-09-12T07:57:00","date_gmt":"2017-09-12T05:57:00","guid":{"rendered":""},"modified":"2024-11-12T13:34:24","modified_gmt":"2024-11-12T12:34:24","slug":"poner-remedios","status":"publish","type":"post","link":"https:\/\/blogs.amarinha.gal\/ribadeando\/2017\/09\/12\/poner-remedios\/","title":{"rendered":"Po\u00f1er Remedios"},"content":{"rendered":"<p>Hoxe a prensa faise eco do enfado (un m\u00e1is) do PP ribadense porque o alcalde non foi a ser testemu\u00f1a \u00f3s Remedios da petici\u00f3n de Elena Candia \u00e1 virxe (lembremos, dos Remedios)<\/p>\n<p>Mentres, algunha das circunstancias:<\/p>\n<p>*<a href=\"http:\/\/ribadeando.blogspot.com.es\/2014\/09\/o-alcalde-procesionario.html\" target=\"_blank\" rel=\"noopener\">O alcalde si foi \u00e1 procesi\u00f3n da patroa<\/a>, tam\u00e9n acto relixioso (a\u00ednda que entendo que para ese non tivo que ser invitado)<\/p>\n<p>*Son invitados os alcaldes das sedes dos antigos partidos xudiciais, non todos os alcaldes da provincia eclesi\u00e1stica de Mondo\u00f1edo-Ferrol.<\/p>\n<p>*O acto leva 79 edici\u00f3ns, o que, facendo contas, nos retrotrae \u00f3 inicio: 1939<\/p>\n<p>*Non asistiu tampouco o alcalde de Ferrol.<\/p>\n<p>*Houbo invitaci\u00f3n &#8216;oficial&#8217; polo medio (non sei o grao de &#8216;oficialidade&#8217; do acto en si).<\/p>\n<p>*Candia pediu \u00e1 Virxe por cousas como a separaci\u00f3n de Catalu\u00f1a e por m\u00e1is empregos (non sei se tam\u00e9n para que chova).<\/p>\n<p>E agora, xulga.<\/p>\n<p>Ben, podes ter a\u00ednda alg\u00fan dato m\u00e1is. Por exemplo: <\/p>\n<p>*O PP di que van \u00f3s actos &#8216;oficiais&#8217; \u00f3s que se lles invita (a\u00ednda que a moitos non se lles invite) e que o deber como gobernante era atender \u00e1 invitaci\u00f3n institucional.<\/p>\n<table align=\"center\" cellpadding=\"0\" cellspacing=\"0\" class=\"tr-caption-container\" style=\"margin-left: auto; margin-right: auto; text-align: center;\">\n<tbody>\n<tr>\n<td style=\"text-align: center;\"><a href=\"https:\/\/blogger.googleusercontent.com\/img\/b\/R29vZ2xl\/AVvXsEjmGxoOzWoSpaHrltp7DMnnaxWk2EYPz9cpT9axbsiY1Nt8f8TisS1kepyl8fuKOYID5VmUGO_xOzp3EPum21Yl6LiaJEXc3nG03nAc2dk3cR6-qN7RNvPPhvJ2UAgjcvbh4YZELg\/s2048\/Os+Remedios+Mondonedo.jpg\" imageanchor=\"1\" style=\"margin-left: auto; margin-right: auto;\"><img loading=\"lazy\" decoding=\"async\" height=\"640\" src=\"https:\/\/blogger.googleusercontent.com\/img\/b\/R29vZ2xl\/AVvXsEjmGxoOzWoSpaHrltp7DMnnaxWk2EYPz9cpT9axbsiY1Nt8f8TisS1kepyl8fuKOYID5VmUGO_xOzp3EPum21Yl6LiaJEXc3nG03nAc2dk3cR6-qN7RNvPPhvJ2UAgjcvbh4YZELg\/s2048\/Os+Remedios+Mondonedo.jpg\" width=\"479\" \/><\/a><\/td>\n<\/tr>\n<tr>\n<td class=\"tr-caption\" style=\"text-align: center;\">Igrexa de Os Remedios<\/td>\n<\/tr>\n<\/tbody>\n<\/table>\n","protected":false},"excerpt":{"rendered":"<p>Hoxe a prensa faise eco do enfado (un m\u00e1is) do PP ribadense porque o alcalde non foi a ser testemu\u00f1a \u00f3s Remedios da petici\u00f3n de Elena Candia \u00e1 virxe (lembremos, dos Remedios) Mentres, algunha das circunstancias: *O alcalde si foi \u00e1 procesi\u00f3n da patroa, tam\u00e9n acto relixioso (a\u00ednda que entendo que para ese non tivo [&hellip;]<\/p>\n","protected":false},"author":3,"featured_media":0,"comment_status":"open","ping_status":"closed","sticky":false,"template":"","format":"standard","meta":{"activitypub_content_warning":"","activitypub_content_visibility":"","activitypub_max_image_attachments":3,"activitypub_interaction_policy_quote":"anyone","activitypub_status":"federated","footnotes":""},"categories":[1],"tags":[25,13],"class_list":["post-5733","post","type-post","status-publish","format-standard","hentry","category-sen-categoria","tag-festas","tag-politica"],"_links":{"self":[{"href":"https:\/\/blogs.amarinha.gal\/ribadeando\/wp-json\/wp\/v2\/posts\/5733","targetHints":{"allow":["GET"]}}],"collection":[{"href":"https:\/\/blogs.amarinha.gal\/ribadeando\/wp-json\/wp\/v2\/posts"}],"about":[{"href":"https:\/\/blogs.amarinha.gal\/ribadeando\/wp-json\/wp\/v2\/types\/post"}],"author":[{"embeddable":true,"href":"https:\/\/blogs.amarinha.gal\/ribadeando\/wp-json\/wp\/v2\/users\/3"}],"replies":[{"embeddable":true,"href":"https:\/\/blogs.amarinha.gal\/ribadeando\/wp-json\/wp\/v2\/comments?post=5733"}],"version-history":[{"count":0,"href":"https:\/\/blogs.amarinha.gal\/ribadeando\/wp-json\/wp\/v2\/posts\/5733\/revisions"}],"wp:attachment":[{"href":"https:\/\/blogs.amarinha.gal\/ribadeando\/wp-json\/wp\/v2\/media?parent=5733"}],"wp:term":[{"taxonomy":"category","embeddable":true,"href":"https:\/\/blogs.amarinha.gal\/ribadeando\/wp-json\/wp\/v2\/categories?post=5733"},{"taxonomy":"post_tag","embeddable":true,"href":"https:\/\/blogs.amarinha.gal\/ribadeando\/wp-json\/wp\/v2\/tags?post=5733"}],"curies":[{"name":"wp","href":"https:\/\/api.w.org\/{rel}","templated":true}]}}