{"id":5724,"date":"2017-09-22T07:03:00","date_gmt":"2017-09-22T05:03:00","guid":{"rendered":""},"modified":"2024-11-12T13:34:10","modified_gmt":"2024-11-12T12:34:10","slug":"non-fuches-o-pleno","status":"publish","type":"post","link":"https:\/\/blogs.amarinha.gal\/ribadeando\/2017\/09\/22\/non-fuches-o-pleno\/","title":{"rendered":"Non fuches \u00f3 pleno"},"content":{"rendered":"<p>E perd\u00edcheste. Perd\u00edcheste as actuaci\u00f3ns, deixaches os tes dereitos totalmente noutras mans, sen facer un seguemento deles&#8230; A minusvaloraci\u00f3n do Hospital da Costa, despregue dunha pancarta e sa\u00edda dun grupo do pleno en consecuencia. Ou o suposto consenso esgrimido polo alcalde nas actuaci\u00f3ns sobre a illa Pancha e o (di a prensa) seu &#8216;incerto futuro&#8217;.<\/p>\n<p>Vas ter unha segunda oportunidade. <a href=\"http:\/\/ribadeando.blogspot.com.es\/2017\/09\/pleno-con-cous-dias-de-antelacion.html\" target=\"_blank\" rel=\"noopener\">O PSOE gravou o pleno<\/a>. E vas podelo ver en breve. Presta atenci\u00f3n. Os teus asuntos inc\u00fambente.<\/p>\n<table align=\"center\" cellpadding=\"0\" cellspacing=\"0\" class=\"tr-caption-container\" style=\"margin-left: auto; margin-right: auto; text-align: center;\">\n<tbody>\n<tr>\n<td style=\"text-align: center;\"><a href=\"https:\/\/blogger.googleusercontent.com\/img\/b\/R29vZ2xl\/AVvXsEj46BTlQx83MUarVK9L1WFXzP7JETLDjFQBWq3-Wput1WwNvI5DAx8kbxAYqWnzYD35kRy59lofBuTZCoSK8Egg0ow4P53fGx_ccy9GkwOywmFRskeuMX81Nc26SY5rf_4g258fVg\/s2048\/400px-Pinhole-camera.svg.png\" imageanchor=\"1\" style=\"margin-left: auto; margin-right: auto;\"><img decoding=\"async\" src=\"https:\/\/blogger.googleusercontent.com\/img\/b\/R29vZ2xl\/AVvXsEj46BTlQx83MUarVK9L1WFXzP7JETLDjFQBWq3-Wput1WwNvI5DAx8kbxAYqWnzYD35kRy59lofBuTZCoSK8Egg0ow4P53fGx_ccy9GkwOywmFRskeuMX81Nc26SY5rf_4g258fVg\/s2048\/400px-Pinhole-camera.svg.png\" \/><\/a><\/td>\n<\/tr>\n<tr>\n<td class=\"tr-caption\" style=\"text-align: center;\">Ver o v\u00eddeo non vai ser o mesmo que estar presente, pero ach\u00e9gase.<\/td>\n<\/tr>\n<\/tbody>\n<\/table>\n","protected":false},"excerpt":{"rendered":"<p>E perd\u00edcheste. Perd\u00edcheste as actuaci\u00f3ns, deixaches os tes dereitos totalmente noutras mans, sen facer un seguemento deles&#8230; A minusvaloraci\u00f3n do Hospital da Costa, despregue dunha pancarta e sa\u00edda dun grupo do pleno en consecuencia. Ou o suposto consenso esgrimido polo alcalde nas actuaci\u00f3ns sobre a illa Pancha e o (di a prensa) seu &#8216;incerto futuro&#8217;. [&hellip;]<\/p>\n","protected":false},"author":3,"featured_media":0,"comment_status":"open","ping_status":"closed","sticky":false,"template":"","format":"standard","meta":{"activitypub_content_warning":"","activitypub_content_visibility":"","activitypub_max_image_attachments":3,"activitypub_interaction_policy_quote":"anyone","activitypub_status":"federated","footnotes":""},"categories":[1],"tags":[42],"class_list":["post-5724","post","type-post","status-publish","format-standard","hentry","category-sen-categoria","tag-plenos"],"_links":{"self":[{"href":"https:\/\/blogs.amarinha.gal\/ribadeando\/wp-json\/wp\/v2\/posts\/5724","targetHints":{"allow":["GET"]}}],"collection":[{"href":"https:\/\/blogs.amarinha.gal\/ribadeando\/wp-json\/wp\/v2\/posts"}],"about":[{"href":"https:\/\/blogs.amarinha.gal\/ribadeando\/wp-json\/wp\/v2\/types\/post"}],"author":[{"embeddable":true,"href":"https:\/\/blogs.amarinha.gal\/ribadeando\/wp-json\/wp\/v2\/users\/3"}],"replies":[{"embeddable":true,"href":"https:\/\/blogs.amarinha.gal\/ribadeando\/wp-json\/wp\/v2\/comments?post=5724"}],"version-history":[{"count":0,"href":"https:\/\/blogs.amarinha.gal\/ribadeando\/wp-json\/wp\/v2\/posts\/5724\/revisions"}],"wp:attachment":[{"href":"https:\/\/blogs.amarinha.gal\/ribadeando\/wp-json\/wp\/v2\/media?parent=5724"}],"wp:term":[{"taxonomy":"category","embeddable":true,"href":"https:\/\/blogs.amarinha.gal\/ribadeando\/wp-json\/wp\/v2\/categories?post=5724"},{"taxonomy":"post_tag","embeddable":true,"href":"https:\/\/blogs.amarinha.gal\/ribadeando\/wp-json\/wp\/v2\/tags?post=5724"}],"curies":[{"name":"wp","href":"https:\/\/api.w.org\/{rel}","templated":true}]}}