{"id":5723,"date":"2017-09-25T07:58:00","date_gmt":"2017-09-25T05:58:00","guid":{"rendered":""},"modified":"2024-11-12T13:34:08","modified_gmt":"2024-11-12T12:34:08","slug":"alzase-o-faro-no-pleno","status":"publish","type":"post","link":"https:\/\/blogs.amarinha.gal\/ribadeando\/2017\/09\/25\/alzase-o-faro-no-pleno\/","title":{"rendered":"\u00c1lzase o faro no pleno"},"content":{"rendered":"<p>Como estaba anunciado, o PSOE colgou o v\u00eddeo do pleno. Deixo en baixo a parte correspondente \u00e1 pregunta do PSOE sobre a illa Pancha e a contestaci\u00f3n. Continuar\u00e1n no blog tanto o pleno como o faro. Que o desfrutedes se non o v\u00edchedes a\u00ednda. E sempre, que vos anime a participar (tam\u00e9n hai unha pregunta sobre iso no pleno) no que \u00e9 de todos, como o concello.<\/p>\n<p><iframe loading=\"lazy\" width=\"320\" height=\"266\" class=\"YOUTUBE-iframe-video\" data-thumbnail-src=\"https:\/\/i.ytimg.com\/vi\/kd9aRTTKqF4\/0.jpg\" src=\"https:\/\/www.youtube.com\/embed\/kd9aRTTKqF4?feature=player_embedded\" frameborder=\"0\" allowfullscreen><\/iframe><\/p>\n","protected":false},"excerpt":{"rendered":"<p>Como estaba anunciado, o PSOE colgou o v\u00eddeo do pleno. Deixo en baixo a parte correspondente \u00e1 pregunta do PSOE sobre a illa Pancha e a contestaci\u00f3n. Continuar\u00e1n no blog tanto o pleno como o faro. Que o desfrutedes se non o v\u00edchedes a\u00ednda. E sempre, que vos anime a participar (tam\u00e9n hai unha pregunta [&hellip;]<\/p>\n","protected":false},"author":3,"featured_media":0,"comment_status":"open","ping_status":"closed","sticky":false,"template":"","format":"standard","meta":{"activitypub_content_warning":"","activitypub_content_visibility":"","activitypub_max_image_attachments":3,"activitypub_interaction_policy_quote":"anyone","activitypub_status":"federated","footnotes":""},"categories":[1],"tags":[37,42],"class_list":["post-5723","post","type-post","status-publish","format-standard","hentry","category-sen-categoria","tag-illa-pancha","tag-plenos"],"_links":{"self":[{"href":"https:\/\/blogs.amarinha.gal\/ribadeando\/wp-json\/wp\/v2\/posts\/5723","targetHints":{"allow":["GET"]}}],"collection":[{"href":"https:\/\/blogs.amarinha.gal\/ribadeando\/wp-json\/wp\/v2\/posts"}],"about":[{"href":"https:\/\/blogs.amarinha.gal\/ribadeando\/wp-json\/wp\/v2\/types\/post"}],"author":[{"embeddable":true,"href":"https:\/\/blogs.amarinha.gal\/ribadeando\/wp-json\/wp\/v2\/users\/3"}],"replies":[{"embeddable":true,"href":"https:\/\/blogs.amarinha.gal\/ribadeando\/wp-json\/wp\/v2\/comments?post=5723"}],"version-history":[{"count":0,"href":"https:\/\/blogs.amarinha.gal\/ribadeando\/wp-json\/wp\/v2\/posts\/5723\/revisions"}],"wp:attachment":[{"href":"https:\/\/blogs.amarinha.gal\/ribadeando\/wp-json\/wp\/v2\/media?parent=5723"}],"wp:term":[{"taxonomy":"category","embeddable":true,"href":"https:\/\/blogs.amarinha.gal\/ribadeando\/wp-json\/wp\/v2\/categories?post=5723"},{"taxonomy":"post_tag","embeddable":true,"href":"https:\/\/blogs.amarinha.gal\/ribadeando\/wp-json\/wp\/v2\/tags?post=5723"}],"curies":[{"name":"wp","href":"https:\/\/api.w.org\/{rel}","templated":true}]}}