{"id":5719,"date":"2017-09-26T18:00:00","date_gmt":"2017-09-26T16:00:00","guid":{"rendered":""},"modified":"2024-11-12T13:33:56","modified_gmt":"2024-11-12T12:33:56","slug":"queres-participar-nun-concurso-de","status":"publish","type":"post","link":"https:\/\/blogs.amarinha.gal\/ribadeando\/2017\/09\/26\/queres-participar-nun-concurso-de\/","title":{"rendered":"Queres participar nun concurso de debuxo na Galipedia?"},"content":{"rendered":"<table cellpadding=\"0\" cellspacing=\"0\" class=\"tr-caption-container\" style=\"float: left; margin-right: 1em; text-align: left;\">\n<tbody>\n<tr>\n<td style=\"text-align: center;\"><a href=\"https:\/\/blogger.googleusercontent.com\/img\/b\/R29vZ2xl\/AVvXsEixpLNF7p6GAydIaxwUma5YaHBEkQvaSqR0bLWmFzqLQdVirp0S-OWIzZQqmQlJhbJbwOuIyN2TH_PG-H52fXB1-ojA2dE80bn5Qu5ZqY8V_33BLs_z09lw9w_hwy_oY0VFTTKMNQ\/s2048\/Cartel_Wikiconcurso_Ilustra_o_D%25C3%25ADa_das_Letras_2017.png\" imageanchor=\"1\" style=\"margin-left: auto; margin-right: auto;\"><img decoding=\"async\" src=\"https:\/\/blogger.googleusercontent.com\/img\/b\/R29vZ2xl\/AVvXsEixpLNF7p6GAydIaxwUma5YaHBEkQvaSqR0bLWmFzqLQdVirp0S-OWIzZQqmQlJhbJbwOuIyN2TH_PG-H52fXB1-ojA2dE80bn5Qu5ZqY8V_33BLs_z09lw9w_hwy_oY0VFTTKMNQ\/s2048\/Cartel_Wikiconcurso_Ilustra_o_D%25C3%25ADa_das_Letras_2017.png\" \/><\/a><\/td>\n<\/tr>\n<tr>\n<td class=\"tr-caption\" style=\"text-align: center;\"><a href=\"https:\/\/commons.wikimedia.org\/wiki\/File:Drawinglove.png\" title=\"File:Drawinglove.png\">File:Drawinglove.png<\/a> by <a href=\"https:\/\/commons.wikimedia.org\/wiki\/File:Wikipedia-logo-v2-gl.png\" title=\"File:Wikipedia-logo-v2-gl.png\">Daria Arbuz ; File:Wikipedia-logo-v2-gl.png<\/a> by Wikimedia Foundation; Derivative work by <a href=\"https:\/\/commons.wikimedia.org\/wiki\/User:Elisardojm\" title=\"User:Elisardojm\">Elisardojm<\/a> -Lic. <a class=\"extiw\" href=\"https:\/\/en.wikipedia.org\/wiki\/gl:Creative_Commons\" title=\"w:gl:Creative Commons\">Creative Commons<\/a> <a class=\"external text\" href=\"https:\/\/creativecommons.org\/licenses\/by-sa\/4.0\/deed.gl\" rel=\"nofollow\">reco\u00f1ecemento compartir igual 4.0 internacional<\/a> &#8211;<\/td>\n<\/tr>\n<\/tbody>\n<\/table>\n<p>Non se necesita ser profesional, sen\u00f3n a vontade de participar. Deixo abaixo a nota enviada \u00f3s medios:<\/p>\n<p>&#8221; <em><\/em><\/p>\n<p><em><\/em><\/p>\n<p><em>Boas, son un dos editores da Galipedia, a enciclopedia libre en galego, e<br \/>\n p\u00f3\u00f1ome en contacto con vostedes para pedirlles que difundan entre os<br \/>\nseus lectores unha nova actividade que pode serlles de interese.<\/em><span id=\"yui_3_16_0_ym19_1_1506439840169_11744\"><span id=\"yui_3_16_0_ym19_1_1506439840169_11743\"><span id=\"yui_3_16_0_ym19_1_1506439840169_11742\"><span id=\"yui_3_16_0_ym19_1_1506439840169_11741\"><em><\/p>\n<p>Estamos a organizar un concurso de debuxo para <span class=\"yiv7199428225m_-6891234159269018256m_-7158818330915924130m_-8519964802928220588m_-3719114165340997489m_-5245922983329995748m_505867038933358241m_-8462473055944346953m_-4037016035837834377m_1631537332977729920m_-996070079954327036m_-7516627859477974646m_2874850970131839507gmail-il\">ilustrar<\/span><br \/>\n o artigo de <a href=\"https:\/\/gl.wikipedia.org\/wiki\/Mar%C3%ADa_Victoria_Moreno\" target=\"_blank\" rel=\"noopener\">Mar\u00eda Victoria Moreno<\/a>, a pr\u00f3xima homenaxeada no <a href=\"https:\/\/gl.wikipedia.org\/wiki\/D%C3%ADa_das_Letras_Galegas\" target=\"_blank\" rel=\"noopener\">D\u00eda das Letras Galegas<\/a> en 2018, e queremos conseguir a m\u00e1xima participaci\u00f3n<br \/>\nposible.<\/p>\n<p>Todos os detalles est\u00e1n na p\u00e1xina <a href=\"https:\/\/gl.wikipedia.org\/wiki\/Wikipedia:Wikiconcurso_Ilustra_o_D%C3%ADa_das_Letras\" rel=\"nofollow noopener\" target=\"_blank\">https:\/\/gl.wikipedia.org\/wiki\/ Wikipedia:Wikiconcurso_Ilustra _o_D%C3%ADa_das_Letras<\/a> e tam\u00e9n un cartel en <a href=\"https:\/\/gl.wikipedia.org\/wiki\/Ficheiro:Cartel_Wikiconcurso_Ilustra_o_D%C3%ADa_das_Letras_2017.png\" id=\"yui_3_16_0_ym19_1_1506439840169_11745\" rel=\"nofollow noopener\" target=\"_blank\">https:\/\/gl.wikipedia.org\/wiki\/ Ficheiro:Cartel_Wikiconcurso_I lustra_o_D%C3%ADa_das_Letras_2 017.png<\/a>. <\/p>\n<p>Grazas pola s\u00faa atenci\u00f3n e se te\u00f1en calquera consulta non dubiden en contactar comigo. <\/em><\/span><\/span><\/span><\/span><\/p>\n<p><span id=\"yui_3_16_0_ym19_1_1506439840169_11744\"><span id=\"yui_3_16_0_ym19_1_1506439840169_11743\"><span id=\"yui_3_16_0_ym19_1_1506439840169_11742\"><span id=\"yui_3_16_0_ym19_1_1506439840169_11741\"><em><br \/>\nSa\u00fados,<\/em><\/span><\/span><\/span><\/span><\/p>\n<p><span id=\"yui_3_16_0_ym19_1_1506439840169_11744\"><span id=\"yui_3_16_0_ym19_1_1506439840169_11743\"><span id=\"yui_3_16_0_ym19_1_1506439840169_11742\"><span id=\"yui_3_16_0_ym19_1_1506439840169_11741\"><em><br \/>\nElisardo Juncal<\/em>&#8220;<\/span><\/span><\/span><\/span><\/p>\n<p><span id=\"yui_3_16_0_ym19_1_1506439840169_11744\"><span id=\"yui_3_16_0_ym19_1_1506439840169_11743\"><span id=\"yui_3_16_0_ym19_1_1506439840169_11742\"><span id=\"yui_3_16_0_ym19_1_1506439840169_11741\">S\u00f3 lembrar que a <a href=\"https:\/\/gl.wikipedia.org\/\" target=\"_blank\" rel=\"noopener\">Galipedia<\/a>, a <a href=\"https:\/\/gl.wikipedia.org\/wiki\/Wikipedia\" target=\"_blank\" rel=\"noopener\">Wikipedia<\/a> en galego, \u00e9 unha enciclopedia en li\u00f1a realizada de xeito cooperativo, pola comunidade para a comunidade. Para ti, e tam\u00e9n por ti, se queres.<\/span><\/span><\/span><\/span><\/p>\n<p><span id=\"yui_3_16_0_ym19_1_1506439840169_11744\"><span id=\"yui_3_16_0_ym19_1_1506439840169_11743\"><span id=\"yui_3_16_0_ym19_1_1506439840169_11742\"><span id=\"yui_3_16_0_ym19_1_1506439840169_11741\">&nbsp;<\/span><\/span><\/span><\/span><\/p>\n","protected":false},"excerpt":{"rendered":"<p>File:Drawinglove.png by Daria Arbuz ; File:Wikipedia-logo-v2-gl.png by Wikimedia Foundation; Derivative work by Elisardojm -Lic. Creative Commons reco\u00f1ecemento compartir igual 4.0 internacional &#8211; Non se necesita ser profesional, sen\u00f3n a vontade de participar. Deixo abaixo a nota enviada \u00f3s medios: &#8221; Boas, son un dos editores da Galipedia, a enciclopedia libre en galego, e p\u00f3\u00f1ome en [&hellip;]<\/p>\n","protected":false},"author":3,"featured_media":0,"comment_status":"open","ping_status":"closed","sticky":false,"template":"","format":"standard","meta":{"activitypub_content_warning":"","activitypub_content_visibility":"","activitypub_max_image_attachments":3,"activitypub_interaction_policy_quote":"anyone","activitypub_status":"federate","footnotes":""},"categories":[1],"tags":[63],"class_list":["post-5719","post","type-post","status-publish","format-standard","hentry","category-sen-categoria","tag-galipedia"],"_links":{"self":[{"href":"https:\/\/blogs.amarinha.gal\/ribadeando\/wp-json\/wp\/v2\/posts\/5719","targetHints":{"allow":["GET"]}}],"collection":[{"href":"https:\/\/blogs.amarinha.gal\/ribadeando\/wp-json\/wp\/v2\/posts"}],"about":[{"href":"https:\/\/blogs.amarinha.gal\/ribadeando\/wp-json\/wp\/v2\/types\/post"}],"author":[{"embeddable":true,"href":"https:\/\/blogs.amarinha.gal\/ribadeando\/wp-json\/wp\/v2\/users\/3"}],"replies":[{"embeddable":true,"href":"https:\/\/blogs.amarinha.gal\/ribadeando\/wp-json\/wp\/v2\/comments?post=5719"}],"version-history":[{"count":0,"href":"https:\/\/blogs.amarinha.gal\/ribadeando\/wp-json\/wp\/v2\/posts\/5719\/revisions"}],"wp:attachment":[{"href":"https:\/\/blogs.amarinha.gal\/ribadeando\/wp-json\/wp\/v2\/media?parent=5719"}],"wp:term":[{"taxonomy":"category","embeddable":true,"href":"https:\/\/blogs.amarinha.gal\/ribadeando\/wp-json\/wp\/v2\/categories?post=5719"},{"taxonomy":"post_tag","embeddable":true,"href":"https:\/\/blogs.amarinha.gal\/ribadeando\/wp-json\/wp\/v2\/tags?post=5719"}],"curies":[{"name":"wp","href":"https:\/\/api.w.org\/{rel}","templated":true}]}}