{"id":5712,"date":"2017-10-01T10:29:00","date_gmt":"2017-10-01T08:29:00","guid":{"rendered":""},"modified":"2024-11-12T13:33:46","modified_gmt":"2024-11-12T12:33:46","slug":"dereito-saude-pablo-mosquera-mata","status":"publish","type":"post","link":"https:\/\/blogs.amarinha.gal\/ribadeando\/2017\/10\/01\/dereito-saude-pablo-mosquera-mata\/","title":{"rendered":"Dereito \u00e1 sa\u00fade. Pablo Mosquera Mata"},"content":{"rendered":"<p>&nbsp;&nbsp; Dic\u00edan os antergos que hai cuesti\u00f3ns valoradas s\u00f3 cando se perden. Por iso non est\u00e1 mal que se abra un debate na sociedade mari\u00f1\u00e1n sobre como os poderes p\u00fablicos garanten o dereito social \u00e1 sa\u00fade, con dous feitos constatables e recurrentes no tempo. Houbo que loitar para dispor dun hospital p\u00fablico, fronte aos intereses comerciais de certos &#8216;gremios organizados colexialmente&#8217; que pretenderon sempre facer dun dereito, pura mercador\u00eda en Lugo. Houbo un tempo mellor, con d\u00faas premisas hoxe esquecidas: o noso hospital, sito na parroquia de Santa Mar\u00eda de Burela, chegou a figurar no cat\u00e1logo de hospitais como Hospital Xeral; a xesti\u00f3n dos servizos socio sanitarios coa participaci\u00f3n dos representantes da sociedade civil, no marco dunha comarca natural e hist\u00f3rica -antiga provincia de Mondo\u00f1edo-.<\/p>\n<p>&nbsp;&nbsp; A verdade \u00e9 que os que seguimos sendo mindonienses por convici\u00f3n cultural e emocional, lamentamos depender da cidade romana. Nunca lles importamos, nunca nos entenderon, nunca nos deron nada, nunca se aproximaron \u00e1 nosa vocaci\u00f3n de xentes que por limitar ao norte con Inglaterra, mar por medio, non ti\u00f1amos vocacion de aldea profunda, e como me lembraba Carlos Nuevo, cando en Lugo non sab\u00edan o que era a industria, Viveiro e o seu concello -Donap\u00e9try- disfrutaban dunha important\u00edsima actividade do sector secundario da econom\u00eda, am\u00e9n da pesca, am\u00e9n do vi\u00f1o, am\u00e9n do li\u00f1o, am\u00e9n da lembranza hist\u00f3rica da primeira industria de transformaci\u00f3n -balea en sa\u00edn-.<\/p>\n<p>&nbsp;&nbsp; Pero o dereito \u00e1 sa\u00fade non consiste s\u00f3 nunha asistencia sanitaria eficiente, do mesmo xeito que unha democracia non consiste s\u00f3 en poder votar cada catro anos, \u00e9 participar, que os partidos pol\u00edtcios consulten, m\u00e1is al\u00f3 do rito teatral das campa\u00f1as electorais; pois o mesmo debemos saber sobre a sa\u00fade p\u00fablica. Hai non menos de d\u00faas cuesti\u00f3ns sobre as que se debe debater, informar, prever e resolver: os factores de risco no uso dunhas v\u00edas de comunicaci\u00f3n onde a relaci\u00f3n densidade de tr\u00e1fico, trazado, climatolox\u00eda e conservaci\u00f3n dan o resultado dos denominados puntos negros. Os factores de risco que supo\u00f1en os procesos industriais, cando existe contaminaci\u00f3n por terra, mar e aire, por moito que se traten de solapar con programas de &#8216;xerosas&#8217; axudas aos voluntarios de certa multinacional do aluminio. Algu\u00e9n se ten ocupado de observar como est\u00e1n resolvendo o problema dos chamados lodos vermellos? algu\u00e9n se lembra do que sucedeu en Hungr\u00eda?<\/p>\n<p>&nbsp;&nbsp; Todo isto e moito m\u00e1is forma parte do espazo multidisciplinar do dereito \u00e1 sa\u00fade.<\/p>\n<p><a href=\"https:\/\/blogger.googleusercontent.com\/img\/b\/R29vZ2xl\/AVvXsEhORCRdoPkRsJQXNrz0PuLKl-Wg20G7RkL5769jFshfIVgDUyy7EBivhs9EHf-MJRjHhStVsgNfkQHkT9LajoD_Ww6Ij5RJQyA8eUyN9G71Bie4JAe_LyZWdTQivECFvOPErVTrUA\/s2048\/Almacenamiento+de+residuos.jpg\" imageanchor=\"1\" style=\"margin-left: 1em; margin-right: 1em;\"><img loading=\"lazy\" decoding=\"async\" height=\"448\" src=\"https:\/\/blogger.googleusercontent.com\/img\/b\/R29vZ2xl\/AVvXsEhORCRdoPkRsJQXNrz0PuLKl-Wg20G7RkL5769jFshfIVgDUyy7EBivhs9EHf-MJRjHhStVsgNfkQHkT9LajoD_Ww6Ij5RJQyA8eUyN9G71Bie4JAe_LyZWdTQivECFvOPErVTrUA\/s2048\/Almacenamiento+de+residuos.jpg\" width=\"640\" \/><\/a><\/p><\/p>\n","protected":false},"excerpt":{"rendered":"<p>&nbsp;&nbsp; Dic\u00edan os antergos que hai cuesti\u00f3ns valoradas s\u00f3 cando se perden. Por iso non est\u00e1 mal que se abra un debate na sociedade mari\u00f1\u00e1n sobre como os poderes p\u00fablicos garanten o dereito social \u00e1 sa\u00fade, con dous feitos constatables e recurrentes no tempo. Houbo que loitar para dispor dun hospital p\u00fablico, fronte aos intereses [&hellip;]<\/p>\n","protected":false},"author":3,"featured_media":0,"comment_status":"open","ping_status":"closed","sticky":false,"template":"","format":"standard","meta":{"activitypub_content_warning":"","activitypub_content_visibility":"","activitypub_max_image_attachments":3,"activitypub_interaction_policy_quote":"anyone","activitypub_status":"federated","footnotes":""},"categories":[1],"tags":[14,27],"class_list":["post-5712","post","type-post","status-publish","format-standard","hentry","category-sen-categoria","tag-pablo-mosquera","tag-sanidade"],"_links":{"self":[{"href":"https:\/\/blogs.amarinha.gal\/ribadeando\/wp-json\/wp\/v2\/posts\/5712","targetHints":{"allow":["GET"]}}],"collection":[{"href":"https:\/\/blogs.amarinha.gal\/ribadeando\/wp-json\/wp\/v2\/posts"}],"about":[{"href":"https:\/\/blogs.amarinha.gal\/ribadeando\/wp-json\/wp\/v2\/types\/post"}],"author":[{"embeddable":true,"href":"https:\/\/blogs.amarinha.gal\/ribadeando\/wp-json\/wp\/v2\/users\/3"}],"replies":[{"embeddable":true,"href":"https:\/\/blogs.amarinha.gal\/ribadeando\/wp-json\/wp\/v2\/comments?post=5712"}],"version-history":[{"count":0,"href":"https:\/\/blogs.amarinha.gal\/ribadeando\/wp-json\/wp\/v2\/posts\/5712\/revisions"}],"wp:attachment":[{"href":"https:\/\/blogs.amarinha.gal\/ribadeando\/wp-json\/wp\/v2\/media?parent=5712"}],"wp:term":[{"taxonomy":"category","embeddable":true,"href":"https:\/\/blogs.amarinha.gal\/ribadeando\/wp-json\/wp\/v2\/categories?post=5712"},{"taxonomy":"post_tag","embeddable":true,"href":"https:\/\/blogs.amarinha.gal\/ribadeando\/wp-json\/wp\/v2\/tags?post=5712"}],"curies":[{"name":"wp","href":"https:\/\/api.w.org\/{rel}","templated":true}]}}