{"id":5704,"date":"2017-10-05T21:46:00","date_gmt":"2017-10-05T19:46:00","guid":{"rendered":""},"modified":"2024-11-12T13:33:33","modified_gmt":"2024-11-12T12:33:33","slug":"esta-sucedendo-estamos-defendendo","status":"publish","type":"post","link":"https:\/\/blogs.amarinha.gal\/ribadeando\/2017\/10\/05\/esta-sucedendo-estamos-defendendo\/","title":{"rendered":"Est\u00e1 sucedendo. Estamos defendendo a solidaridade sanitaria"},"content":{"rendered":"<p>Non, non estou en Burela na manifestaci\u00f3n. Mais defendo o que se est\u00e1 a defender al\u00ed. \u00c9 unha parte pequena, pero importante -sempre son partes importantes as pequenas cousas- da sanidade com\u00fan. P\u00fablica, si, como un xeito de com\u00fan, sen facer separaci\u00f3ns. Solidaria, si, duns cos outros, facendo sociedade. Pagada entre todos, si, co que sae m\u00e1is rentable socialmente, como est\u00e1 demostrado ata a saciedade.<\/p>\n<p>O detonante \u00e9 \u00e1 desaparici\u00f3n da \u00e1rea de atenci\u00f3n sanitaria da Mari\u00f1a. Un paso m\u00e1is no desmantelamento e afastamento dun servizo com\u00fan. <\/p>\n<p><a href=\"https:\/\/blogger.googleusercontent.com\/img\/b\/R29vZ2xl\/AVvXsEh2c6jCcrEBAa7NJJ04b_QArnmTAbLIwmz88dHH4VvMWF0s9sKHmtOhTiIgXGhNVYTkYS_IaXbne2pRCr_b74yS6cc6AeyPbV8saltmFqLWoOyRSdjuEx84f9XJkNci0E-cd__HIA\/s2048\/mobilizaci%25C3%25B3n+cidad%25C3%25A1+5+oct+2017+hospital.jpg\" imageanchor=\"1\" style=\"margin-left: 1em; margin-right: 1em;\"><img decoding=\"async\" src=\"https:\/\/blogger.googleusercontent.com\/img\/b\/R29vZ2xl\/AVvXsEh2c6jCcrEBAa7NJJ04b_QArnmTAbLIwmz88dHH4VvMWF0s9sKHmtOhTiIgXGhNVYTkYS_IaXbne2pRCr_b74yS6cc6AeyPbV8saltmFqLWoOyRSdjuEx84f9XJkNci0E-cd__HIA\/s2048\/mobilizaci%25C3%25B3n+cidad%25C3%25A1+5+oct+2017+hospital.jpg\" \/><\/a><\/p>\n","protected":false},"excerpt":{"rendered":"<p>Non, non estou en Burela na manifestaci\u00f3n. Mais defendo o que se est\u00e1 a defender al\u00ed. \u00c9 unha parte pequena, pero importante -sempre son partes importantes as pequenas cousas- da sanidade com\u00fan. P\u00fablica, si, como un xeito de com\u00fan, sen facer separaci\u00f3ns. Solidaria, si, duns cos outros, facendo sociedade. Pagada entre todos, si, co que [&hellip;]<\/p>\n","protected":false},"author":3,"featured_media":0,"comment_status":"open","ping_status":"closed","sticky":false,"template":"","format":"standard","meta":{"activitypub_content_warning":"","activitypub_content_visibility":"","activitypub_max_image_attachments":3,"activitypub_interaction_policy_quote":"anyone","activitypub_status":"federated","footnotes":""},"categories":[1],"tags":[27],"class_list":["post-5704","post","type-post","status-publish","format-standard","hentry","category-sen-categoria","tag-sanidade"],"_links":{"self":[{"href":"https:\/\/blogs.amarinha.gal\/ribadeando\/wp-json\/wp\/v2\/posts\/5704","targetHints":{"allow":["GET"]}}],"collection":[{"href":"https:\/\/blogs.amarinha.gal\/ribadeando\/wp-json\/wp\/v2\/posts"}],"about":[{"href":"https:\/\/blogs.amarinha.gal\/ribadeando\/wp-json\/wp\/v2\/types\/post"}],"author":[{"embeddable":true,"href":"https:\/\/blogs.amarinha.gal\/ribadeando\/wp-json\/wp\/v2\/users\/3"}],"replies":[{"embeddable":true,"href":"https:\/\/blogs.amarinha.gal\/ribadeando\/wp-json\/wp\/v2\/comments?post=5704"}],"version-history":[{"count":0,"href":"https:\/\/blogs.amarinha.gal\/ribadeando\/wp-json\/wp\/v2\/posts\/5704\/revisions"}],"wp:attachment":[{"href":"https:\/\/blogs.amarinha.gal\/ribadeando\/wp-json\/wp\/v2\/media?parent=5704"}],"wp:term":[{"taxonomy":"category","embeddable":true,"href":"https:\/\/blogs.amarinha.gal\/ribadeando\/wp-json\/wp\/v2\/categories?post=5704"},{"taxonomy":"post_tag","embeddable":true,"href":"https:\/\/blogs.amarinha.gal\/ribadeando\/wp-json\/wp\/v2\/tags?post=5704"}],"curies":[{"name":"wp","href":"https:\/\/api.w.org\/{rel}","templated":true}]}}