{"id":5698,"date":"2017-10-12T12:06:00","date_gmt":"2017-10-12T10:06:00","guid":{"rendered":""},"modified":"2024-11-12T13:33:17","modified_gmt":"2024-11-12T12:33:17","slug":"sobre-garda-civil-na-marina","status":"publish","type":"post","link":"https:\/\/blogs.amarinha.gal\/ribadeando\/2017\/10\/12\/sobre-garda-civil-na-marina\/","title":{"rendered":"Sobre a Garda Civil na Mari\u00f1a"},"content":{"rendered":"<p>Hoxe \u00e9 o d\u00eda do Pilar, festa da Garda Civil. Quiz\u00e1is por iso un xornal trae hoxe unha entrevista a Jos\u00e9 L\u00f3pez Ginzo, Capit\u00e1n do conxunto de gardas mari\u00f1\u00e1n.<\/p>\n<p>O caso \u00e9 que despois de ler a nova, aproveitando as cifras, deixo alg\u00fan gr\u00e1fico e consideraci\u00f3n.<\/p>\n<p><a href=\"https:\/\/blogger.googleusercontent.com\/img\/b\/R29vZ2xl\/AVvXsEh6bXLlt0NIxSstwvAf59ipm9z8ZiPeM0yOVn5HS5tWpjRbbMurmPUP4Yf60JFePcMe_L62B56tUcupWASNMvMJ0KGFOnjYKlT4B4sCPjz6vW_-tOHd-ks29xiBt0CHHZFm28e8bg\/s2048\/t%25C3%25A1boa+distribuci%25C3%25B3n+GC.jpg\" imageanchor=\"1\" style=\"margin-left: 1em; margin-right: 1em;\"><img loading=\"lazy\" decoding=\"async\" height=\"400\" src=\"https:\/\/blogger.googleusercontent.com\/img\/b\/R29vZ2xl\/AVvXsEh6bXLlt0NIxSstwvAf59ipm9z8ZiPeM0yOVn5HS5tWpjRbbMurmPUP4Yf60JFePcMe_L62B56tUcupWASNMvMJ0KGFOnjYKlT4B4sCPjz6vW_-tOHd-ks29xiBt0CHHZFm28e8bg\/s2048\/t%25C3%25A1boa+distribuci%25C3%25B3n+GC.jpg\" width=\"337\" \/><\/a><\/p>\n<p>O primeiro, unha t\u00e1boa de distribuci\u00f3nda plantilla, que se ve reflectida nos gr\u00e1ficos seguintes de dous xeitos diferentes (en ambos, sen a agrupaci\u00f3n de tr\u00e1fico):<\/p>\n<p><a href=\"https:\/\/blogger.googleusercontent.com\/img\/b\/R29vZ2xl\/AVvXsEjvavTKEhQVOT-fBWtjk06IjWy4fYJCND3cEOJgLWckCEPiwxnj3UR7M_7D_tj3XSlnXgK9-i9aVaplMNZOChrEypDcA_TJK_8Wh300q-atzi93H8HXngFjJHoflqzmzPP_xRNXRw\/s2048\/distribuci%25C3%25B3n+GC.jpg\" imageanchor=\"1\" style=\"margin-left: 1em; margin-right: 1em;\"><img decoding=\"async\" src=\"https:\/\/blogger.googleusercontent.com\/img\/b\/R29vZ2xl\/AVvXsEjvavTKEhQVOT-fBWtjk06IjWy4fYJCND3cEOJgLWckCEPiwxnj3UR7M_7D_tj3XSlnXgK9-i9aVaplMNZOChrEypDcA_TJK_8Wh300q-atzi93H8HXngFjJHoflqzmzPP_xRNXRw\/s2048\/distribuci%25C3%25B3n+GC.jpg\" \/><\/a><\/p>\n<p><a href=\"https:\/\/blogger.googleusercontent.com\/img\/b\/R29vZ2xl\/AVvXsEhcqwGgRvbfqTG9tVW0j3X7QSgBIzbIXP9A9GhpvD86CtFsqFpAqLFr5JVpsJw-yZx3q1NmP_XU0kXYSjUc1wAsUtGJt5hM6u9T-W_3hnYwa8GUK5Ng8vk8xfR6WOAODKCOKIYqRw\/s2048\/plantilla+GC.jpg\" imageanchor=\"1\" style=\"margin-left: 1em; margin-right: 1em;\"><img decoding=\"async\" src=\"https:\/\/blogger.googleusercontent.com\/img\/b\/R29vZ2xl\/AVvXsEhcqwGgRvbfqTG9tVW0j3X7QSgBIzbIXP9A9GhpvD86CtFsqFpAqLFr5JVpsJw-yZx3q1NmP_XU0kXYSjUc1wAsUtGJt5hM6u9T-W_3hnYwa8GUK5Ng8vk8xfR6WOAODKCOKIYqRw\/s2048\/plantilla+GC.jpg\" \/><\/a><\/p>\n<p>A distribuci\u00f3n 1 cabo ao mando dun grupo de 10 gardas, neste caso, 9 gardas (ver par\u00e1grafo seguinte), coido que \u00e9 t\u00edpica dos corpos militares, <a href=\"https:\/\/es.wikipedia.org\/wiki\/Decuri%C3%B3n\" target=\"_blank\" rel=\"noopener\">herdanza m\u00e1is ou menos dos encadres militares dende a \u00e9poca romana<\/a>. De cabo para arriba no escalaf\u00f3n, as proporci\u00f3ns var\u00edan, \u00f3 ter a gradaci\u00f3n m\u00e1is car\u00e1cter de delegaci\u00f3n de funci\u00f3ns ou axuda que de encadre militar, e as\u00ed, voltamos a atopar case a cifra de un mando por riba de cabo por cada 10 gardas e cabo, a pesar das diferencias de mando entre capit\u00e1n e sarxento.<\/p>\n<p>A outra cousa que quer\u00eda comentar \u00e9 que na entrevista f\u00e1lase, dende a primavera ata o de agora, de unha falta de 15-17 gardas, Iso significa unha falta cr\u00f3nica dun 8%-9% de persoal, que sube at\u00e9 m\u00e1is do 10% se se considera que a funci\u00f3n dos cadros est\u00e1 cuberta, e se conta s\u00f3 como gardas m\u00e1is cabo.<\/p>\n<p>Sen meternos nas funci\u00f3ns ou necesidade da GC en competencia con outros corpos como pode ser a Polic\u00eda Nacional, cuesti\u00f3n de organizaci\u00f3n dos corpos de seguridade do estado, o feito de que sexa o mesmo xefe comarcal o que relate que esas faltas sexan recheas con gardas alumnos en pr\u00e1cticas, ou sexa, con persoal en precario\/formaci\u00f3n non como complemento, sen\u00f3n como suplemento, indica que os recortes do estado dalg\u00fan xeito tam\u00e9n foron aplicados neste caso.<\/p>\n","protected":false},"excerpt":{"rendered":"<p>Hoxe \u00e9 o d\u00eda do Pilar, festa da Garda Civil. Quiz\u00e1is por iso un xornal trae hoxe unha entrevista a Jos\u00e9 L\u00f3pez Ginzo, Capit\u00e1n do conxunto de gardas mari\u00f1\u00e1n. O caso \u00e9 que despois de ler a nova, aproveitando as cifras, deixo alg\u00fan gr\u00e1fico e consideraci\u00f3n. O primeiro, unha t\u00e1boa de distribuci\u00f3nda plantilla, que se [&hellip;]<\/p>\n","protected":false},"author":3,"featured_media":0,"comment_status":"open","ping_status":"closed","sticky":false,"template":"","format":"standard","meta":{"activitypub_content_warning":"","activitypub_content_visibility":"","activitypub_max_image_attachments":3,"activitypub_interaction_policy_quote":"anyone","activitypub_status":"federate","footnotes":""},"categories":[1],"tags":[9],"class_list":["post-5698","post","type-post","status-publish","format-standard","hentry","category-sen-categoria","tag-sociedade"],"_links":{"self":[{"href":"https:\/\/blogs.amarinha.gal\/ribadeando\/wp-json\/wp\/v2\/posts\/5698","targetHints":{"allow":["GET"]}}],"collection":[{"href":"https:\/\/blogs.amarinha.gal\/ribadeando\/wp-json\/wp\/v2\/posts"}],"about":[{"href":"https:\/\/blogs.amarinha.gal\/ribadeando\/wp-json\/wp\/v2\/types\/post"}],"author":[{"embeddable":true,"href":"https:\/\/blogs.amarinha.gal\/ribadeando\/wp-json\/wp\/v2\/users\/3"}],"replies":[{"embeddable":true,"href":"https:\/\/blogs.amarinha.gal\/ribadeando\/wp-json\/wp\/v2\/comments?post=5698"}],"version-history":[{"count":0,"href":"https:\/\/blogs.amarinha.gal\/ribadeando\/wp-json\/wp\/v2\/posts\/5698\/revisions"}],"wp:attachment":[{"href":"https:\/\/blogs.amarinha.gal\/ribadeando\/wp-json\/wp\/v2\/media?parent=5698"}],"wp:term":[{"taxonomy":"category","embeddable":true,"href":"https:\/\/blogs.amarinha.gal\/ribadeando\/wp-json\/wp\/v2\/categories?post=5698"},{"taxonomy":"post_tag","embeddable":true,"href":"https:\/\/blogs.amarinha.gal\/ribadeando\/wp-json\/wp\/v2\/tags?post=5698"}],"curies":[{"name":"wp","href":"https:\/\/api.w.org\/{rel}","templated":true}]}}