{"id":5688,"date":"2017-10-19T07:50:00","date_gmt":"2017-10-19T05:50:00","guid":{"rendered":""},"modified":"2024-11-12T13:33:02","modified_gmt":"2024-11-12T12:33:02","slug":"lucas-xvii-por-pablo-mosquera","status":"publish","type":"post","link":"https:\/\/blogs.amarinha.gal\/ribadeando\/2017\/10\/19\/lucas-xvii-por-pablo-mosquera\/","title":{"rendered":"Lucas XVII, por Pablo Mosquera"},"content":{"rendered":"<table align=\"center\" cellpadding=\"0\" cellspacing=\"0\" class=\"tr-caption-container\" style=\"margin-left: auto; margin-right: auto; text-align: center;\">\n<tbody>\n<tr>\n<td style=\"text-align: center;\"><a href=\"https:\/\/blogger.googleusercontent.com\/img\/b\/R29vZ2xl\/AVvXsEi_v5rwYkPMSJPTEwb5oOTo5BUrK3xN2saiL_L8WP9qYb8r1GcrMaXSnQRDi3gsYAjqBvBpHgMac6hiCd1pneNBE1A_sgfKKdEijB_iv2Fb5AosUsHtuOxyIfQgJ9D-3U7A87eESg\/s2048\/Mondo%25C3%25B1edo+por+Ruth+Mailda+Anderson.jpg\" imageanchor=\"1\" style=\"margin-left: auto; margin-right: auto;\"><img loading=\"lazy\" decoding=\"async\" height=\"447\" src=\"https:\/\/blogger.googleusercontent.com\/img\/b\/R29vZ2xl\/AVvXsEi_v5rwYkPMSJPTEwb5oOTo5BUrK3xN2saiL_L8WP9qYb8r1GcrMaXSnQRDi3gsYAjqBvBpHgMac6hiCd1pneNBE1A_sgfKKdEijB_iv2Fb5AosUsHtuOxyIfQgJ9D-3U7A87eESg\/s2048\/Mondo%25C3%25B1edo+por+Ruth+Mailda+Anderson.jpg\" width=\"640\" \/><\/a><\/td>\n<\/tr>\n<tr>\n<td class=\"tr-caption\" style=\"text-align: center;\">Mondo\u00f1edo por ruth Matilda Anderson<\/td>\n<\/tr>\n<\/tbody>\n<\/table>\n<p><em>&nbsp;&nbsp; As San Lucas aspira a que la Unesco las declare patrimonio de la humanidad. Entre tantas noticias preocupantes, indignantes y agobiantes, se alza desde la capital del mar del norte una petici\u00f3n fruto del respeto y cari\u00f1o que los gallegos sentimos por Mondo\u00f1edo, nuestra provincia, nuestra capital, nuestro lugar de cita obligada cada mediados de octubre para acudir a las ferias m\u00e1s antiguas y hermosas del reino de Galicia.<\/em><\/p>\n<p><em>&nbsp;&nbsp; Este 18-O he madrugado para atender mi participaci\u00f3n en la tertulia &#8220;Voces de Galicia&#8221; desde Radio Voz para toda nuestra Comunidad, desde el Mi\u00f1o hasta el Eo, desde La Estaca de Bares hasta el Caurel que cant\u00f3  Novoneyra, desde las Cet\u00e1reas de Rinlo hasta las viejas bodegas de la  Ribeira Sacra. Y la noticia es que San Lucas , disc\u00edpulo de Pablo de Tarso, nos ha tra\u00eddo la lluvia, para remediar la situaci\u00f3n provocada por la sequ\u00eda y por los incendios. Esta vez las Campanas de la Catedral Bas\u00edlica, Paula y Ronda, saludar\u00e1n al reino de la lluvia, y a las caballerizas que agrupadas desde los pastizales se dirijan a las proximidades del Santuario de los Remedios en el ferial de la Alameda, protegido por el Hospital de San Pablo que nos recuerda como el Camino de Compostela pasa por la ciudad donde nacieron: Pascual Veiga, Leiras Pulpeiro, D\u00edaz X\u00e1come, Noriega Varela, \u00c1lvaro Cunqueiro.<\/em><\/p>\n<p><em>Nada tiene que ver el animal fuego al que se refer\u00eda Cunqueiro, que desde la lareira, escuchaba satisfecho las historias contadas por nuestros mayores, con esas pausas tan de los gallegos&#8230;Este fuego es un monstruo creado por la mano asesina del hombre, ese del que Kant afirm\u00f3 que era malo por naturaleza, o aquella sentencia de Cicer\u00f3n: &#8220;el hombre no tiene enemigo peor que el mismo&#8221;. Y algo de todo esto debe haber en los que han sido causa de los incendios coincidiendo con previsiones de vientos huracanados con nombre de mujer.<\/em><\/p>\n<p><em>&nbsp;&nbsp; A\u00fan as\u00ed iremos a Mondo\u00f1edo, recorreremos la calle del Obispo Sarmiento, nos detendremos delante de la Fuente Vieja y del inmortal Seminario de Santa Catalina, tomaremos un vino en O Valeco para saludar a  la puente de Pasatempo y recordar desde su escultura en Os Mui\u00f1os, a nuestro querido Quique Guerra, que nos dej\u00f3 sin su presencia f\u00edsica, pero si a trav\u00e9s de sus obras en madera, piedra y hueso de ballena.<\/em><\/p>\n<p><em>&nbsp;&nbsp; Le dar\u00e9 un abrazo a mis amigos Mindonienses: Xos\u00e9 Vizoso, como siempre autor del cartel para anunciar la buena nueva, Juan Puchades, que preside la orden a la que me honro perteneciendo, Los Caballeros de Pardo de Cela, y desde luego a mi admirado cronista de la ciudad rica en aguas, pan y lat\u00edn, Antonio Reigosa.<\/em><\/p>\n<p><em>&nbsp;&nbsp; Brindaremos por Galicia, por Britonia, por Mondo\u00f1edo. Lo har\u00e9 con el gran fot\u00f3grafo Aventado, Fabi\u00e1n Reino, que plasma como nadie el alma de paisajes y paisanajes.<\/em><\/p>\n","protected":false},"excerpt":{"rendered":"<p>Mondo\u00f1edo por ruth Matilda Anderson &nbsp;&nbsp; As San Lucas aspira a que la Unesco las declare patrimonio de la humanidad. Entre tantas noticias preocupantes, indignantes y agobiantes, se alza desde la capital del mar del norte una petici\u00f3n fruto del respeto y cari\u00f1o que los gallegos sentimos por Mondo\u00f1edo, nuestra provincia, nuestra capital, nuestro lugar [&hellip;]<\/p>\n","protected":false},"author":3,"featured_media":0,"comment_status":"open","ping_status":"closed","sticky":false,"template":"","format":"standard","meta":{"activitypub_content_warning":"","activitypub_content_visibility":"","activitypub_max_image_attachments":3,"activitypub_interaction_policy_quote":"anyone","activitypub_status":"federated","footnotes":""},"categories":[1],"tags":[14],"class_list":["post-5688","post","type-post","status-publish","format-standard","hentry","category-sen-categoria","tag-pablo-mosquera"],"_links":{"self":[{"href":"https:\/\/blogs.amarinha.gal\/ribadeando\/wp-json\/wp\/v2\/posts\/5688","targetHints":{"allow":["GET"]}}],"collection":[{"href":"https:\/\/blogs.amarinha.gal\/ribadeando\/wp-json\/wp\/v2\/posts"}],"about":[{"href":"https:\/\/blogs.amarinha.gal\/ribadeando\/wp-json\/wp\/v2\/types\/post"}],"author":[{"embeddable":true,"href":"https:\/\/blogs.amarinha.gal\/ribadeando\/wp-json\/wp\/v2\/users\/3"}],"replies":[{"embeddable":true,"href":"https:\/\/blogs.amarinha.gal\/ribadeando\/wp-json\/wp\/v2\/comments?post=5688"}],"version-history":[{"count":0,"href":"https:\/\/blogs.amarinha.gal\/ribadeando\/wp-json\/wp\/v2\/posts\/5688\/revisions"}],"wp:attachment":[{"href":"https:\/\/blogs.amarinha.gal\/ribadeando\/wp-json\/wp\/v2\/media?parent=5688"}],"wp:term":[{"taxonomy":"category","embeddable":true,"href":"https:\/\/blogs.amarinha.gal\/ribadeando\/wp-json\/wp\/v2\/categories?post=5688"},{"taxonomy":"post_tag","embeddable":true,"href":"https:\/\/blogs.amarinha.gal\/ribadeando\/wp-json\/wp\/v2\/tags?post=5688"}],"curies":[{"name":"wp","href":"https:\/\/api.w.org\/{rel}","templated":true}]}}