{"id":5682,"date":"2017-10-26T08:06:00","date_gmt":"2017-10-26T06:06:00","guid":{"rendered":""},"modified":"2024-11-12T13:32:53","modified_gmt":"2024-11-12T12:32:53","slug":"vecinos-enfrontados","status":"publish","type":"post","link":"https:\/\/blogs.amarinha.gal\/ribadeando\/2017\/10\/26\/vecinos-enfrontados\/","title":{"rendered":"Veci\u00f1os enfrontados"},"content":{"rendered":"<p>Tra\u00eda o xornal a nova: &#8216;Cisma en la federaci\u00f3n veci\u00f1al por la defensa de la Xunta despu\u00e9s de los incendios&#8217;. Coido que esaxera. Primeiro, porque a representaci\u00f3n veci\u00f1al leva dividida dende hai tempo.<\/p>\n<p>Un caso sucedido hai anos, cando <a href=\"http:\/\/o-teson.blogspot.com.es\/2008\/12\/nota-de-prensa-de-o-teson.html\" target=\"_blank\" rel=\"noopener\">se constiuiu o consello do Hospital da Costa<\/a> (&#8220;Comisi\u00f3n de Participaci\u00f3n Cidad\u00e1 da \u00e1rea Cervo-Burela&#8221;) con presencia de asociaci\u00f3ns veci\u00f1ais, hai uns nove anos, pode explicar o que digo. <a href=\"http:\/\/Comisi\u00f3n de Participaci\u00f3n Cidad\u00e1n da \u00e1rea Cervo-Burela\" target=\"_blank\" rel=\"noopener\">O Tes\u00f3n participou<\/a>. Mais para chegar a participar, tanto O Tes\u00f3n como outras asociaci\u00f3ns da Mari\u00f1a, a cousa foi rocambolesca. Primeiro, a Xunta (Sanidade) p\u00faxose en contacto coa federaci\u00f3n veci\u00f1al de Lugo, que designou xente para a participaci\u00f3n. Como se fora unha premonici\u00f3n do que pasara\u00eda anos despois coa zona sanitaria da Mari\u00f1a, os designados eran da zona de Lugo capital, representantes de asociaci\u00f3ns desa zona, as \u00fanicas asociaci\u00f3ns que estaban federadas, pois non ti\u00f1an asociaci\u00f3ns mari\u00f1\u00e1ns. N\u00f3s enter\u00e1monos pola prensa, e pux\u00e9monos en movemento. Falamos coa Federaci\u00f3n, con outras asociaci\u00f3ns da Mari\u00f1a, co hospital e conseguimos que a representaci\u00f3n fora dos veci\u00f1os da Mari\u00f1a, de asociaci\u00f3ns radicadas en Ribadeo, en Foz ou en Viveiro. Pero, no proceso, enter\u00e1monos de varias cousas. como da presi\u00f3n para federarnos en Lugo. O Tes\u00f3n non o fixo porque non o consideramos oportuno, pero outras asociaci\u00f3ns mari\u00f1\u00e1ns si. Todos os anos se celebra unha comida multitudinaria en Lugo, no &#8216;d\u00eda do veci\u00f1o&#8217;, \u00e1 que foi invitada un ano <a href=\"http:\/\/o-teson.blogspot.com.es\/\" target=\"_blank\" rel=\"noopener\">O Tes\u00f3n<\/a>, indo o noso presidente, Pancho Campos, e descubrindo o parip\u00e9 pol\u00edtico da Federaci\u00f3n, a convivencia de conveniencia ou cooptaci\u00f3n das asociaci\u00f3ns polos pol\u00edticos, que se manifestou polas intervenci\u00f3ns al\u00ed habidas. E, en xeral, a situaci\u00f3n de dependencia das asociaci\u00f3ns do poder pol\u00edtico, na procura de subvenci\u00f3ns e favores, motivo polo que a decisi\u00f3n de O Tes\u00f3n foi non federarse.<\/p>\n<p>Dende aquela non deixo de ollar de cando en vez como anda o mundillo asociativo a nivel federaci\u00f3n, provincial (a maior das da federaci\u00f3n galega, cuns 80 asociados, \u00f3 igual que hai os nove anos) e galego. E non var\u00eda moito. A nova que rese\u00f1o \u00e9 mostra delo, pois, en situaci\u00f3ns l\u00edmite, parte da xente se rebela de deixa a tutela para enfrontarse coa &#8216;man que lle da de comer&#8217;. E se a directiva, pola s\u00faa conta, saca unha nota de apoio \u00e1 Xunta, \u00e1 s\u00faa actuaci\u00f3n (como pasou), cando mesmo hai mortos polo medio, parece l\u00f3xico que polo menos se pida consenso. Lograr\u00e1 unha situaci\u00f3n as\u00ed facer que a <a href=\"https:\/\/federacionvecinallucense.wordpress.com\/\" target=\"_blank\" rel=\"noopener\">Federaci\u00f3n de Asociaci\u00f3ns Veci\u00f1ais<\/a> se independice? Co tramado caciquil existente, \u00e9 dif\u00edcil que sexa desta.<\/p>\n<table align=\"center\" cellpadding=\"0\" cellspacing=\"0\" class=\"tr-caption-container\" style=\"margin-left: auto; margin-right: auto; text-align: center;\">\n<tbody>\n<tr>\n<td style=\"text-align: center;\"><a href=\"https:\/\/blogger.googleusercontent.com\/img\/b\/R29vZ2xl\/AVvXsEjxWkBGZ_Nf9lZmnmd6fqEIrI0Eiu6LLvdo4FNJ6MoXpma1hpiPdEOph2tYE87IHtPoxVNBOIOaVJY9HhYD6_qQwqaH7_a1hzmX7sBD9w3Ijoul4llL5Is0lEsw_Ne5q-r6LZ-rQA\/s2048\/federacion+AAVV+Lugo.jpg\" imageanchor=\"1\" style=\"margin-left: auto; margin-right: auto;\"><img decoding=\"async\" src=\"https:\/\/blogger.googleusercontent.com\/img\/b\/R29vZ2xl\/AVvXsEjxWkBGZ_Nf9lZmnmd6fqEIrI0Eiu6LLvdo4FNJ6MoXpma1hpiPdEOph2tYE87IHtPoxVNBOIOaVJY9HhYD6_qQwqaH7_a1hzmX7sBD9w3Ijoul4llL5Is0lEsw_Ne5q-r6LZ-rQA\/s2048\/federacion+AAVV+Lugo.jpg\" \/><\/a><\/td>\n<\/tr>\n<tr>\n<td class=\"tr-caption\" style=\"text-align: center;\">Logotipo da Federaci\u00f3n de AA VV de Lugo<\/td>\n<\/tr>\n<\/tbody>\n<\/table>\n","protected":false},"excerpt":{"rendered":"<p>Tra\u00eda o xornal a nova: &#8216;Cisma en la federaci\u00f3n veci\u00f1al por la defensa de la Xunta despu\u00e9s de los incendios&#8217;. Coido que esaxera. Primeiro, porque a representaci\u00f3n veci\u00f1al leva dividida dende hai tempo. Un caso sucedido hai anos, cando se constiuiu o consello do Hospital da Costa (&#8220;Comisi\u00f3n de Participaci\u00f3n Cidad\u00e1 da \u00e1rea Cervo-Burela&#8221;) con [&hellip;]<\/p>\n","protected":false},"author":3,"featured_media":0,"comment_status":"open","ping_status":"closed","sticky":false,"template":"","format":"standard","meta":{"activitypub_content_warning":"","activitypub_content_visibility":"","activitypub_max_image_attachments":3,"activitypub_interaction_policy_quote":"anyone","activitypub_status":"federated","footnotes":""},"categories":[1],"tags":[74,9],"class_list":["post-5682","post","type-post","status-publish","format-standard","hentry","category-sen-categoria","tag-o-teson","tag-sociedade"],"_links":{"self":[{"href":"https:\/\/blogs.amarinha.gal\/ribadeando\/wp-json\/wp\/v2\/posts\/5682","targetHints":{"allow":["GET"]}}],"collection":[{"href":"https:\/\/blogs.amarinha.gal\/ribadeando\/wp-json\/wp\/v2\/posts"}],"about":[{"href":"https:\/\/blogs.amarinha.gal\/ribadeando\/wp-json\/wp\/v2\/types\/post"}],"author":[{"embeddable":true,"href":"https:\/\/blogs.amarinha.gal\/ribadeando\/wp-json\/wp\/v2\/users\/3"}],"replies":[{"embeddable":true,"href":"https:\/\/blogs.amarinha.gal\/ribadeando\/wp-json\/wp\/v2\/comments?post=5682"}],"version-history":[{"count":0,"href":"https:\/\/blogs.amarinha.gal\/ribadeando\/wp-json\/wp\/v2\/posts\/5682\/revisions"}],"wp:attachment":[{"href":"https:\/\/blogs.amarinha.gal\/ribadeando\/wp-json\/wp\/v2\/media?parent=5682"}],"wp:term":[{"taxonomy":"category","embeddable":true,"href":"https:\/\/blogs.amarinha.gal\/ribadeando\/wp-json\/wp\/v2\/categories?post=5682"},{"taxonomy":"post_tag","embeddable":true,"href":"https:\/\/blogs.amarinha.gal\/ribadeando\/wp-json\/wp\/v2\/tags?post=5682"}],"curies":[{"name":"wp","href":"https:\/\/api.w.org\/{rel}","templated":true}]}}