{"id":5679,"date":"2017-10-30T07:44:00","date_gmt":"2017-10-30T06:44:00","guid":{"rendered":""},"modified":"2024-11-12T13:32:42","modified_gmt":"2024-11-12T12:32:42","slug":"enterandome-de-cousas-que-non-sabia","status":"publish","type":"post","link":"https:\/\/blogs.amarinha.gal\/ribadeando\/2017\/10\/30\/enterandome-de-cousas-que-non-sabia\/","title":{"rendered":"Enter\u00e1ndome de cousas que non sab\u00eda"},"content":{"rendered":"<p>Pode dicirse que eso foi o que fixen \u00f3 meu paso pola feira. Unha feira, primeira edici\u00f3n, da que non me cadraba o nome para unha actividade as\u00ed: a I feira feminista.<\/p>\n<p><a href=\"https:\/\/blogger.googleusercontent.com\/img\/b\/R29vZ2xl\/AVvXsEj3jSvoTTB0mgk9i7xVOSSy8TVCd1XZU1CS6UVMKMyHcJxkFRFQ1V50tLU7zFJZcfk5fbaKNFDo20epvkUqNj-mC7bkSDgRm0Fl9bUJXaGFN0Ob4Bkm3Pg12BC1c6OpSjVUWpd8YA\/s2048\/Feira+Feminista_20171026.jpg\" imageanchor=\"1\" style=\"margin-left: 1em; margin-right: 1em;\"><img decoding=\"async\" src=\"https:\/\/blogger.googleusercontent.com\/img\/b\/R29vZ2xl\/AVvXsEj3jSvoTTB0mgk9i7xVOSSy8TVCd1XZU1CS6UVMKMyHcJxkFRFQ1V50tLU7zFJZcfk5fbaKNFDo20epvkUqNj-mC7bkSDgRm0Fl9bUJXaGFN0Ob4Bkm3Pg12BC1c6OpSjVUWpd8YA\/s2048\/Feira+Feminista_20171026.jpg\" \/><\/a><\/p>\n<p>De sa\u00edda, o lugar da feira, aleg\u00f3rico na praza 8 de marzo, daba para a montaxe da carpa dun xeito xusti\u00f1o, como se pode ver na imaxe, tomada o d\u00eda da montaxe. A carpa, con postos de venda do mercado, fac\u00eda que d\u00faas organizaci\u00f3ns compartiran un mesmo posto. Hab\u00eda atracci\u00f3ns musicais&#8230; e cando eu fun, moi pouca xente. M\u00e1goa, pois hab\u00eda cousas interesantes, mesmo relacionadas s\u00f3 moi lateralmente co feminismo. Por suposto, o feminismo ou a sexualidade, enfocados dende diferentes aspectos, eran a base da feira, Mais non s\u00f3. A\u00ed est\u00e1 o &#8216;<a href=\"http:\/\/sindicatolabrego.com\/index.php?s=18\" target=\"_blank\" rel=\"noopener\">Fouce<\/a>&#8216;, peri\u00f3dico de informaci\u00f3n t\u00e9cnica e sindical labrega, cunha portada que anuncia: &#8216;VII conferencia da v\u00eda campesina: feminismo e soberan\u00eda alimentaria para mudar o mundo&#8217;, e que no seu interior anuncia un apropiamento do com\u00fan a grande escala que non trascendeu \u00f3s medios: os agricultores ter\u00e1n que pagar 12 euros por tonelada de semente que garden. Non me estendo en detalles pois a\u00ed segue a loita. S\u00f3 quer\u00eda remarcar que unhas p\u00e1xinas m\u00e1is adiante aparece outro titular &#8216;C\u00f3nclave para deseherbar o machismo do medio rural&#8217;. E \u00e9 s\u00f3 un exemplo. Al\u00ed estaba tamen o <a href=\"https:\/\/www.facebook.com\/hashtag\/comit%C3%A9lila\" target=\"_blank\" rel=\"noopener\">Comit\u00e9 lila<\/a> do IES de Ribadeo Dionisio Gamallo, activo dende unha formaci\u00f3n na igualdade. O <a href=\"https:\/\/www.facebook.com\/observatoriomarinhaigualdade\" target=\"_blank\" rel=\"noopener\">observatorio Mari\u00f1a pola igualdade<\/a>, organizadoras da feira (e no muro onde se pode ver un amplo reportaxe gr\u00e1fico sobre a feira)&#8230;<\/p>\n<p>A feira sorprendeume. Primeiro, porque non conceb\u00eda unha feira con este tema. Pero despois, \u00f3 ver cal era a resposta da xente. Claro que pode considerarse que foi semellante \u00e1 resposta que se lle da \u00f3 feminismo: para iniciados, marxinal&#8230; \u00e9 de supo\u00f1er que a primeira edici\u00f3n te\u00f1a abonda m\u00e1is detr\u00e1s e que se vexa cambiar.<\/p>\n","protected":false},"excerpt":{"rendered":"<p>Pode dicirse que eso foi o que fixen \u00f3 meu paso pola feira. Unha feira, primeira edici\u00f3n, da que non me cadraba o nome para unha actividade as\u00ed: a I feira feminista. De sa\u00edda, o lugar da feira, aleg\u00f3rico na praza 8 de marzo, daba para a montaxe da carpa dun xeito xusti\u00f1o, como se [&hellip;]<\/p>\n","protected":false},"author":3,"featured_media":0,"comment_status":"open","ping_status":"closed","sticky":false,"template":"","format":"standard","meta":{"activitypub_content_warning":"","activitypub_content_visibility":"","activitypub_max_image_attachments":3,"activitypub_interaction_policy_quote":"anyone","activitypub_status":"federate","footnotes":""},"categories":[1],"tags":[9],"class_list":["post-5679","post","type-post","status-publish","format-standard","hentry","category-sen-categoria","tag-sociedade"],"_links":{"self":[{"href":"https:\/\/blogs.amarinha.gal\/ribadeando\/wp-json\/wp\/v2\/posts\/5679","targetHints":{"allow":["GET"]}}],"collection":[{"href":"https:\/\/blogs.amarinha.gal\/ribadeando\/wp-json\/wp\/v2\/posts"}],"about":[{"href":"https:\/\/blogs.amarinha.gal\/ribadeando\/wp-json\/wp\/v2\/types\/post"}],"author":[{"embeddable":true,"href":"https:\/\/blogs.amarinha.gal\/ribadeando\/wp-json\/wp\/v2\/users\/3"}],"replies":[{"embeddable":true,"href":"https:\/\/blogs.amarinha.gal\/ribadeando\/wp-json\/wp\/v2\/comments?post=5679"}],"version-history":[{"count":0,"href":"https:\/\/blogs.amarinha.gal\/ribadeando\/wp-json\/wp\/v2\/posts\/5679\/revisions"}],"wp:attachment":[{"href":"https:\/\/blogs.amarinha.gal\/ribadeando\/wp-json\/wp\/v2\/media?parent=5679"}],"wp:term":[{"taxonomy":"category","embeddable":true,"href":"https:\/\/blogs.amarinha.gal\/ribadeando\/wp-json\/wp\/v2\/categories?post=5679"},{"taxonomy":"post_tag","embeddable":true,"href":"https:\/\/blogs.amarinha.gal\/ribadeando\/wp-json\/wp\/v2\/tags?post=5679"}],"curies":[{"name":"wp","href":"https:\/\/api.w.org\/{rel}","templated":true}]}}