{"id":5674,"date":"2017-11-04T18:43:00","date_gmt":"2017-11-04T17:43:00","guid":{"rendered":""},"modified":"2024-11-12T13:32:34","modified_gmt":"2024-11-12T12:32:34","slug":"a-ria-hoxe","status":"publish","type":"post","link":"https:\/\/blogs.amarinha.gal\/ribadeando\/2017\/11\/04\/a-ria-hoxe\/","title":{"rendered":"A r\u00eda, hoxe"},"content":{"rendered":"<p>A r\u00eda de Ribadeo sempre \u00e9 unha sorpresa. Hoxe, coa marea baixa e a luz da preparaci\u00f3n para a chuvia, m\u00e1is a\u00ednda que noutros momentos. Unhas fotos para testemu\u00f1alo:<\/p>\n<p><a href=\"https:\/\/blogger.googleusercontent.com\/img\/b\/R29vZ2xl\/AVvXsEjkjUVqekif4Dl8CQx0RgF-0oJ-vYEXrhXXGLGesw6DMtSX2dMsMMrgd5dQKNpsMW66nB3XI2l2JqJDKXgYD3KZcqt1_XXFax3b4KzrMjpKJfixamv5GoRsEbgB8kuegMs5BLf9JQ\/s2048\/R%25C3%25ADa+de+Ribadeo_20171104_1.jpg\" imageanchor=\"1\" style=\"margin-left: 1em; margin-right: 1em;\"><img decoding=\"async\" src=\"https:\/\/blogger.googleusercontent.com\/img\/b\/R29vZ2xl\/AVvXsEjkjUVqekif4Dl8CQx0RgF-0oJ-vYEXrhXXGLGesw6DMtSX2dMsMMrgd5dQKNpsMW66nB3XI2l2JqJDKXgYD3KZcqt1_XXFax3b4KzrMjpKJfixamv5GoRsEbgB8kuegMs5BLf9JQ\/s2048\/R%25C3%25ADa+de+Ribadeo_20171104_1.jpg\" \/><\/a><\/p>\n<p><a href=\"https:\/\/blogger.googleusercontent.com\/img\/b\/R29vZ2xl\/AVvXsEgQEefSMcLQ8PICPe-jbDTkwEHBOaxbS4xTSvoemJGxnjmX9FUVDBgWjJTFpEG6dSeIlhuRbihK1cTe704C-F2OpI9W0EazUK5VSxFyEPLQmPjektfhpyv3z_e_6nHyeL-0fbdxQw\/s2048\/R%25C3%25ADa+de+Ribadeo_20171104_2.jpg\" imageanchor=\"1\" style=\"margin-left: 1em; margin-right: 1em;\"><img decoding=\"async\" src=\"https:\/\/blogger.googleusercontent.com\/img\/b\/R29vZ2xl\/AVvXsEgQEefSMcLQ8PICPe-jbDTkwEHBOaxbS4xTSvoemJGxnjmX9FUVDBgWjJTFpEG6dSeIlhuRbihK1cTe704C-F2OpI9W0EazUK5VSxFyEPLQmPjektfhpyv3z_e_6nHyeL-0fbdxQw\/s2048\/R%25C3%25ADa+de+Ribadeo_20171104_2.jpg\" \/><\/a><\/p>\n<p><a href=\"https:\/\/blogger.googleusercontent.com\/img\/b\/R29vZ2xl\/AVvXsEgxikA2b8Cr8bnvwr0N8US5e-UL97H1Qya5lny3xQZzc1n1O8h3-LQQjXWDCaoO5dhTEm-2ZIt0X0l-_gr1tyjWrx-o1KZmIiHW1Zcqe5DNEhgxCLJdVR4_qE4mFuY2HqvnDg-_Cg\/s2048\/R%25C3%25ADa+de+Ribadeo_20171104_3.jpg\" imageanchor=\"1\" style=\"margin-left: 1em; margin-right: 1em;\"><img decoding=\"async\" src=\"https:\/\/blogger.googleusercontent.com\/img\/b\/R29vZ2xl\/AVvXsEgxikA2b8Cr8bnvwr0N8US5e-UL97H1Qya5lny3xQZzc1n1O8h3-LQQjXWDCaoO5dhTEm-2ZIt0X0l-_gr1tyjWrx-o1KZmIiHW1Zcqe5DNEhgxCLJdVR4_qE4mFuY2HqvnDg-_Cg\/s2048\/R%25C3%25ADa+de+Ribadeo_20171104_3.jpg\" \/><\/a><\/p>\n<p><a href=\"https:\/\/blogger.googleusercontent.com\/img\/b\/R29vZ2xl\/AVvXsEjd_HIcZ_-KCecT8hyswtBhksE9tjJI7RBCwHdcVlR1igDXkQFrczJwGZ8Ixtjmy-ozlaG-_Bl6idccVuNNZ92KZP1Yd4oOyF2z13fYTiAz1pu9J0iqzt7rlaLqMhC7KrxD97__sg\/s2048\/R%25C3%25ADa+de+Ribadeo_20171104_4.jpg\" imageanchor=\"1\" style=\"margin-left: 1em; margin-right: 1em;\"><img decoding=\"async\" src=\"https:\/\/blogger.googleusercontent.com\/img\/b\/R29vZ2xl\/AVvXsEjd_HIcZ_-KCecT8hyswtBhksE9tjJI7RBCwHdcVlR1igDXkQFrczJwGZ8Ixtjmy-ozlaG-_Bl6idccVuNNZ92KZP1Yd4oOyF2z13fYTiAz1pu9J0iqzt7rlaLqMhC7KrxD97__sg\/s2048\/R%25C3%25ADa+de+Ribadeo_20171104_4.jpg\" \/><\/a><\/p>\n<p><a href=\"https:\/\/blogger.googleusercontent.com\/img\/b\/R29vZ2xl\/AVvXsEgDnEpMdk1tlmgtzyfUN1vRaeUraELNYkgul0ZPWAe0bc0_odWzmvUQDhEiIrfbYVxBERr3tG1w6JJRJYRPPVHM0WxpacYGzM7CtbTg4_XrJTe9zPvGmj-45eIWQtgc1pXAbvvSrg\/s2048\/R%25C3%25ADa+de+Ribadeo_20171104_5.jpg\" imageanchor=\"1\" style=\"margin-left: 1em; margin-right: 1em;\"><img decoding=\"async\" src=\"https:\/\/blogger.googleusercontent.com\/img\/b\/R29vZ2xl\/AVvXsEgDnEpMdk1tlmgtzyfUN1vRaeUraELNYkgul0ZPWAe0bc0_odWzmvUQDhEiIrfbYVxBERr3tG1w6JJRJYRPPVHM0WxpacYGzM7CtbTg4_XrJTe9zPvGmj-45eIWQtgc1pXAbvvSrg\/s2048\/R%25C3%25ADa+de+Ribadeo_20171104_5.jpg\" \/><\/a><\/p>\n","protected":false},"excerpt":{"rendered":"<p>A r\u00eda de Ribadeo sempre \u00e9 unha sorpresa. Hoxe, coa marea baixa e a luz da preparaci\u00f3n para a chuvia, m\u00e1is a\u00ednda que noutros momentos. Unhas fotos para testemu\u00f1alo:<\/p>\n","protected":false},"author":3,"featured_media":0,"comment_status":"open","ping_status":"closed","sticky":false,"template":"","format":"standard","meta":{"activitypub_content_warning":"","activitypub_content_visibility":"","activitypub_max_image_attachments":3,"activitypub_interaction_policy_quote":"anyone","activitypub_status":"federate","footnotes":""},"categories":[1],"tags":[103,57,56],"class_list":["post-5674","post","type-post","status-publish","format-standard","hentry","category-sen-categoria","tag-fotos","tag-fotos-ria-de-ribadeo","tag-ria"],"_links":{"self":[{"href":"https:\/\/blogs.amarinha.gal\/ribadeando\/wp-json\/wp\/v2\/posts\/5674","targetHints":{"allow":["GET"]}}],"collection":[{"href":"https:\/\/blogs.amarinha.gal\/ribadeando\/wp-json\/wp\/v2\/posts"}],"about":[{"href":"https:\/\/blogs.amarinha.gal\/ribadeando\/wp-json\/wp\/v2\/types\/post"}],"author":[{"embeddable":true,"href":"https:\/\/blogs.amarinha.gal\/ribadeando\/wp-json\/wp\/v2\/users\/3"}],"replies":[{"embeddable":true,"href":"https:\/\/blogs.amarinha.gal\/ribadeando\/wp-json\/wp\/v2\/comments?post=5674"}],"version-history":[{"count":0,"href":"https:\/\/blogs.amarinha.gal\/ribadeando\/wp-json\/wp\/v2\/posts\/5674\/revisions"}],"wp:attachment":[{"href":"https:\/\/blogs.amarinha.gal\/ribadeando\/wp-json\/wp\/v2\/media?parent=5674"}],"wp:term":[{"taxonomy":"category","embeddable":true,"href":"https:\/\/blogs.amarinha.gal\/ribadeando\/wp-json\/wp\/v2\/categories?post=5674"},{"taxonomy":"post_tag","embeddable":true,"href":"https:\/\/blogs.amarinha.gal\/ribadeando\/wp-json\/wp\/v2\/tags?post=5674"}],"curies":[{"name":"wp","href":"https:\/\/api.w.org\/{rel}","templated":true}]}}