{"id":5667,"date":"2017-11-10T07:56:00","date_gmt":"2017-11-10T06:56:00","guid":{"rendered":""},"modified":"2024-11-12T13:32:23","modified_gmt":"2024-11-12T12:32:23","slug":"a-marina-nun-fora-de-area","status":"publish","type":"post","link":"https:\/\/blogs.amarinha.gal\/ribadeando\/2017\/11\/10\/a-marina-nun-fora-de-area\/","title":{"rendered":"A Mari\u00f1a, nun f\u00f3ra de \u00e1rea"},"content":{"rendered":"<p>Como se nun partido de f\u00fatbol se tratara. Con esa tranquilidade e como se esa fora a consecuencia, a Mari\u00f1a est\u00e1 a perder o partido coa \u00e1rea sanitaria. Agora, l\u00e9vanse os historiais m\u00e9dicos en papel a Lugo. Sen dixitalizalos na s\u00faa totalidade. Alg\u00fan haber\u00e1 que traer de Lugo para algunha consulta&#8230; sempre ser\u00e1 preferible a levar o paciente a Lugo, non? A Mari\u00f1a est\u00e1 cada vez m\u00e1is dependente, e iso non \u00e9 b\u00f3.<\/p>\n<p>A semana pasada, Feijoo dic\u00eda nos <a href=\"http:\/\/ribadeando.blogspot.com.es\/search?q=Foros+de+Debate\" target=\"_blank\" rel=\"noopener\">Foros de Debate<\/a> en Ribadeo (segundo os xornais), \u00f3 ser preguntado sobre a sanidade na nosa comarca \u00abMe remito aos feitos\u00bb, en alusi\u00f3n \u00e1 ampliaci\u00f3n do hospital, prometida hai m\u00e1is dunha d\u00e9cada e s\u00f3 executada en parte despois de dar servizo mesmo en contedores. Por certo, as obras de ampliaci\u00f3n son a desculpa para o traslado de expedientes: vai usarse o espazo para outra cousa, tendo como consecuencia algo non previsto hai unha d\u00e9cada. E por certo, que casualidade, os datos persoais dos pacientes van ser xestionados -en Lugo- por unha empresa privada. Ou sexa, non s\u00f3 dependencia, sen\u00f3n un pouqui\u00f1o m\u00e1is de privatizaci\u00f3n. A remisi\u00f3n \u00f3s feitos est\u00e1 clara: cada vez menos autonom\u00eda, menos servizo p\u00fablico e m\u00e1is privado, m\u00e1is dependencia de Lugo e non s\u00f3 levando m\u00e9dicos de Burela, sen\u00f3n levando enfermos a Lugo. Mentres, a dixitalizaci\u00f3n total ser\u00e1 &#8216;o pr\u00f3ximo ano&#8217; en caso de que se faga, pois non ser\u00eda a primeira promesa de gardar historial que non se cumpriu: a\u00ed est\u00e1 a destruci\u00f3n de placas pese \u00e1 promesa de dixitalizaci\u00f3n.<\/p>\n<p>E o persoal?&nbsp; &#8216;A outra cousa, bolboreta&#8217;!, e menos ampliaci\u00f3n para as novas necesidades despois da &#8216;ampliaci\u00f3n&#8217;.<\/p>\n<p>Mentres, s\u00e9guese a <a href=\"http:\/\/ribadeo.gal\/actualidade\/nova.php?id=2582&amp;lg=gal\" target=\"_blank\" rel=\"noopener\">protestar pola centralizaci\u00f3n sanitaria en Lugo<\/a> todos os m\u00e9rcores \u00e1s 12 da ma\u00f1\u00e1 no centro de sa\u00fade de Ribadeo, entre outros puntos.<\/p>\n<table align=\"center\" cellpadding=\"0\" cellspacing=\"0\" class=\"tr-caption-container\" style=\"margin-left: auto; margin-right: auto; text-align: center;\">\n<tbody>\n<tr>\n<td style=\"text-align: center;\"><a href=\"https:\/\/blogger.googleusercontent.com\/img\/b\/R29vZ2xl\/AVvXsEh4YyM0ieVWQ8v9xx3KkXUPZ0jSD3HgXf1KwMJRoi3dIIusPRPZjPhfnNy4EC8OXv1zKFE9PM_g72nZOyJpOQsI5lR6mNjmeFFAfrwftqqxn-YlJCp_TPWR0U9gGZ8m2iVybYEnuw\/s2048\/protesta+contra+sanidade+a+Lugo+en+Ribadeo+20171108.JPG\" imageanchor=\"1\" style=\"margin-left: auto; margin-right: auto;\"><img loading=\"lazy\" decoding=\"async\" height=\"336\" src=\"https:\/\/blogger.googleusercontent.com\/img\/b\/R29vZ2xl\/AVvXsEh4YyM0ieVWQ8v9xx3KkXUPZ0jSD3HgXf1KwMJRoi3dIIusPRPZjPhfnNy4EC8OXv1zKFE9PM_g72nZOyJpOQsI5lR6mNjmeFFAfrwftqqxn-YlJCp_TPWR0U9gGZ8m2iVybYEnuw\/s2048\/protesta+contra+sanidade+a+Lugo+en+Ribadeo+20171108.JPG\" width=\"640\" \/><\/a><\/td>\n<\/tr>\n<tr>\n<td class=\"tr-caption\" style=\"text-align: center;\">Protesta no Centro de Sa\u00fade de Ribadeo, este m\u00e9rcores<\/td>\n<\/tr>\n<\/tbody>\n<\/table>\n<p>&nbsp;P\u00f3dense alegar motivos de eficiencia (&#8216;rendemento dunha labor&#8217;, como se fai, sexa ou non certo), pero non de eficacia (&#8216;que en conxunto, da o resultado esperado&#8217; a\u00ednda que se tente confundir as verbas e mesmo nos dicionarios xeralistas se faga) e menos a\u00ednda de consideraci\u00f3n humana do servizo. &#8220;<em>Non \u00e1 supresi\u00f3n da \u00e1rea sanitaria da Mari\u00f1a<\/em>&#8220;.<\/p>\n","protected":false},"excerpt":{"rendered":"<p>Como se nun partido de f\u00fatbol se tratara. Con esa tranquilidade e como se esa fora a consecuencia, a Mari\u00f1a est\u00e1 a perder o partido coa \u00e1rea sanitaria. Agora, l\u00e9vanse os historiais m\u00e9dicos en papel a Lugo. Sen dixitalizalos na s\u00faa totalidade. Alg\u00fan haber\u00e1 que traer de Lugo para algunha consulta&#8230; sempre ser\u00e1 preferible a [&hellip;]<\/p>\n","protected":false},"author":3,"featured_media":0,"comment_status":"open","ping_status":"closed","sticky":false,"template":"","format":"standard","meta":{"activitypub_content_warning":"","activitypub_content_visibility":"","activitypub_max_image_attachments":3,"activitypub_interaction_policy_quote":"anyone","activitypub_status":"federated","footnotes":""},"categories":[1],"tags":[27,9],"class_list":["post-5667","post","type-post","status-publish","format-standard","hentry","category-sen-categoria","tag-sanidade","tag-sociedade"],"_links":{"self":[{"href":"https:\/\/blogs.amarinha.gal\/ribadeando\/wp-json\/wp\/v2\/posts\/5667","targetHints":{"allow":["GET"]}}],"collection":[{"href":"https:\/\/blogs.amarinha.gal\/ribadeando\/wp-json\/wp\/v2\/posts"}],"about":[{"href":"https:\/\/blogs.amarinha.gal\/ribadeando\/wp-json\/wp\/v2\/types\/post"}],"author":[{"embeddable":true,"href":"https:\/\/blogs.amarinha.gal\/ribadeando\/wp-json\/wp\/v2\/users\/3"}],"replies":[{"embeddable":true,"href":"https:\/\/blogs.amarinha.gal\/ribadeando\/wp-json\/wp\/v2\/comments?post=5667"}],"version-history":[{"count":0,"href":"https:\/\/blogs.amarinha.gal\/ribadeando\/wp-json\/wp\/v2\/posts\/5667\/revisions"}],"wp:attachment":[{"href":"https:\/\/blogs.amarinha.gal\/ribadeando\/wp-json\/wp\/v2\/media?parent=5667"}],"wp:term":[{"taxonomy":"category","embeddable":true,"href":"https:\/\/blogs.amarinha.gal\/ribadeando\/wp-json\/wp\/v2\/categories?post=5667"},{"taxonomy":"post_tag","embeddable":true,"href":"https:\/\/blogs.amarinha.gal\/ribadeando\/wp-json\/wp\/v2\/tags?post=5667"}],"curies":[{"name":"wp","href":"https:\/\/api.w.org\/{rel}","templated":true}]}}