{"id":5665,"date":"2017-11-13T07:51:00","date_gmt":"2017-11-13T06:51:00","guid":{"rendered":""},"modified":"2024-11-12T13:32:20","modified_gmt":"2024-11-12T12:32:20","slug":"sanidade-seis-quiexas-diarias","status":"publish","type":"post","link":"https:\/\/blogs.amarinha.gal\/ribadeando\/2017\/11\/13\/sanidade-seis-quiexas-diarias\/","title":{"rendered":"Sanidade na Mari\u00f1a, seis queixas diarias"},"content":{"rendered":"<p>Iso di a <a href=\"https:\/\/www.facebook.com\/search\/top\/?q=plataforma%20na%20defensa%20da%20sanidade%20p%C3%BAblica%20da%20mari%C3%B1a\" target=\"_blank\" rel=\"noopener\">Plataforma na Defensa da Sanidade P\u00fablica na Mari\u00f1a<\/a>. E por iso pon a disposici\u00f3n dos pacientes un buz\u00f3n de reclamaci\u00f3ns complementario \u00f3 que mant\u00e9n a estrutura oficial.<\/p>\n<p>A raz\u00f3n? A falta de resposta da administraci\u00f3n. Deste xeito, a plataforma ter\u00e1 unha visi\u00f3n m\u00e1is clara do que est\u00e1 a ocorrer, \u00f3 tempo que \u00f3 xestionar as queixas por xunto pode facer maior presi\u00f3n para que sexan solucionadas.<\/p>\n<p>Apunta como po\u00f1erte en contacto coa Plataforma: a\u00ednda que ti podas &#8216;pasar&#8217; sen queixarte, se tes motivos, debes facelo: far\u00e1s un ben \u00e1 comunidade. <\/p>\n<p>Imaxe da manifestaci\u00f3n do 4 de outubro en Burela, collida do Facebook da plataforma:<\/p>\n<p><a href=\"https:\/\/blogger.googleusercontent.com\/img\/b\/R29vZ2xl\/AVvXsEjzo1FbYkZYPDd7_4ctPTQ3sfY4clbYLULQ24BWYBcsF0lnfg1mMC1K53Vwq5M0eeHmXcA332vNvnIfdRDQoVNAS-rsmtoUtnSUmkxlELWAkIuTrXv0O7ikuCzkg5kbaOradDlOqw\/s2048\/Manifestaci%25C3%25B3n+para+a+defensa+da+sanidade+p%25C3%25BAblica+na+Mari%25C3%25B1a.jpg\" imageanchor=\"1\" style=\"margin-left: 1em; margin-right: 1em;\"><img decoding=\"async\" src=\"https:\/\/blogger.googleusercontent.com\/img\/b\/R29vZ2xl\/AVvXsEjzo1FbYkZYPDd7_4ctPTQ3sfY4clbYLULQ24BWYBcsF0lnfg1mMC1K53Vwq5M0eeHmXcA332vNvnIfdRDQoVNAS-rsmtoUtnSUmkxlELWAkIuTrXv0O7ikuCzkg5kbaOradDlOqw\/s2048\/Manifestaci%25C3%25B3n+para+a+defensa+da+sanidade+p%25C3%25BAblica+na+Mari%25C3%25B1a.jpg\" \/><\/a><\/p>\n","protected":false},"excerpt":{"rendered":"<p>Iso di a Plataforma na Defensa da Sanidade P\u00fablica na Mari\u00f1a. E por iso pon a disposici\u00f3n dos pacientes un buz\u00f3n de reclamaci\u00f3ns complementario \u00f3 que mant\u00e9n a estrutura oficial. A raz\u00f3n? A falta de resposta da administraci\u00f3n. Deste xeito, a plataforma ter\u00e1 unha visi\u00f3n m\u00e1is clara do que est\u00e1 a ocorrer, \u00f3 tempo que [&hellip;]<\/p>\n","protected":false},"author":3,"featured_media":0,"comment_status":"open","ping_status":"closed","sticky":false,"template":"","format":"standard","meta":{"activitypub_content_warning":"","activitypub_content_visibility":"","activitypub_max_image_attachments":3,"activitypub_interaction_policy_quote":"anyone","activitypub_status":"federated","footnotes":""},"categories":[1],"tags":[27],"class_list":["post-5665","post","type-post","status-publish","format-standard","hentry","category-sen-categoria","tag-sanidade"],"_links":{"self":[{"href":"https:\/\/blogs.amarinha.gal\/ribadeando\/wp-json\/wp\/v2\/posts\/5665","targetHints":{"allow":["GET"]}}],"collection":[{"href":"https:\/\/blogs.amarinha.gal\/ribadeando\/wp-json\/wp\/v2\/posts"}],"about":[{"href":"https:\/\/blogs.amarinha.gal\/ribadeando\/wp-json\/wp\/v2\/types\/post"}],"author":[{"embeddable":true,"href":"https:\/\/blogs.amarinha.gal\/ribadeando\/wp-json\/wp\/v2\/users\/3"}],"replies":[{"embeddable":true,"href":"https:\/\/blogs.amarinha.gal\/ribadeando\/wp-json\/wp\/v2\/comments?post=5665"}],"version-history":[{"count":0,"href":"https:\/\/blogs.amarinha.gal\/ribadeando\/wp-json\/wp\/v2\/posts\/5665\/revisions"}],"wp:attachment":[{"href":"https:\/\/blogs.amarinha.gal\/ribadeando\/wp-json\/wp\/v2\/media?parent=5665"}],"wp:term":[{"taxonomy":"category","embeddable":true,"href":"https:\/\/blogs.amarinha.gal\/ribadeando\/wp-json\/wp\/v2\/categories?post=5665"},{"taxonomy":"post_tag","embeddable":true,"href":"https:\/\/blogs.amarinha.gal\/ribadeando\/wp-json\/wp\/v2\/tags?post=5665"}],"curies":[{"name":"wp","href":"https:\/\/api.w.org\/{rel}","templated":true}]}}