{"id":5664,"date":"2017-11-13T16:15:00","date_gmt":"2017-11-13T15:15:00","guid":{"rendered":""},"modified":"2024-11-12T13:32:18","modified_gmt":"2024-11-12T12:32:18","slug":"nuestro-patrimonio-sanitario-por-pablo","status":"publish","type":"post","link":"https:\/\/blogs.amarinha.gal\/ribadeando\/2017\/11\/13\/nuestro-patrimonio-sanitario-por-pablo\/","title":{"rendered":"Nuestro Patrimonio Sanitario, por Pablo Mosquera"},"content":{"rendered":"<p>Complementario con &#8216;<a href=\"https:\/\/ribadeando.blogspot.com.es\/2017\/11\/sanidade-seis-quiexas-diarias.html\" target=\"_blank\" rel=\"noopener\">Sanidade, seis queixas diarias<\/a>&#8216;, a perspectiva de &#8216;<a href=\"https:\/\/ribadeando.blogspot.com.es\/2017\/10\/vecinos-enfrontados.html\" target=\"_blank\" rel=\"noopener\">veci\u00f1os enfrontados<\/a>&#8216; ou o f\u00f3ra de xogo sanitario de &#8216;<a href=\"http:\/\/ribadeando.blogspot.com.es\/2017\/11\/a-marina-nun-fora-de-area.html\" target=\"_blank\" rel=\"noopener\">A Mari\u00f1a, nun f\u00f3ra de \u00e1rea<\/a>&#8216;, un artigo de Pablo Mosquera:<\/p>\n<p><em>La salud es un derecho consagrado por la Constituci\u00f3n Espa\u00f1ola, el Estatuto de Autonom\u00eda de Galicia as\u00ed como por la Ley de Sanidad que establece un Servicio Nacional de Salud, formado por los diferentes Servicios de Salud en las Comunidades del Estado de las Autonom\u00edas (Galicia-SERGAS). La Asistencia Sanitaria se prestar\u00e1 de forma integrada -conjunto de actividades, servicios, recursos, planes- y de forma integral, es decir con acceso del usuario a todos los dispositivos existentes en el Territorio sobre el que opera la Asistencia Integrada. El Mapa de Salud de cada Comunidad es un instrumento que eval\u00faa las caracter\u00edsticas de cada territorio, sus is\u00f3cronas (curvas de tiempo para llegar a los servicios) y establece comarcas y distritos. Los distritos se refieren al medio urbano, y de ah\u00ed el concepto de Hospital General de Distrito propio de los Ingleses. El Hospital General no deriva, resuelve en el marco del territorio asignado.<\/em><\/p>\n<p><em>La \u00faltima noticia que afecta a lo que antecede se produce desde el Parlamento de Galicia. &#8220;El SERGAS reduce de once a siete las \u00e1reas sanitarias&#8221; mediante anteproyecto de Ley para modificar la vigente Ley de Salud de Galicia. Se saca de la manga el concepto &#8220;distrito&#8221;, y as\u00ed el \u00e1rea integrada de Lugo contar\u00e1 con tres territorios que hasta hace poco gozaban de su propia autonom\u00eda de gesti\u00f3n -Monforte, Costa, HULA- Curiosamente, hay dos ofertas para justificar los cambios: &#8220;simplificar los canales de participaci\u00f3n  social en la sanidad&#8221; y la mejor utilizaci\u00f3n de los recursos disponibles con una mayor coordinaci\u00f3n entre atenci\u00f3n primaria y hospitalaria.<\/em><\/p>\n<p><em>Al reducir las \u00e1reas del Mapa de Salud para Galicia, el Territorio de la hist\u00f3rica provincia de Mondo\u00f1edo, pierde capacidad para resolver -area integrada e integral de la Costa- y queda subordinada a Lugo, amenazando la conquista social que supuso poner cerca del ciudadano servicios y equipamientos que le permiten ejercer la ciudadan\u00eda real -fuente de derechos- Las decisiones, la planificaci\u00f3n, los presupuestos para inversiones, la creaci\u00f3n de nuevos recursos, se har\u00e1 desde Lugo, y se comunicar\u00e1 desde el Concello Gallego de Saude al Concello Galego de Area (Lugo). Estamos ante un modelo centralizador, d\u00f3nde nada se ha consultado con los &#8220;Territorios Hist\u00f3ricos del Antiguo Reino de Galicia&#8221; que por poblaci\u00f3n, distancias, comunicaciones, envejecimiento poblacional, riesgos para su salud, participaci\u00f3n fiscal, desarrollo, deben ser atendidos con participaci\u00f3n previa a la toma de las decisiones legislativas del Parlamento, entre otras razones, para que la democracia sea mucho m\u00e1s que votar una vez cada cuatro a\u00f1os, pues los partidos pol\u00edticos s\u00f3lo son meros intermediarios entre el derecho soberano a participar del pueblo y la funci\u00f3n gestora de las Instituciones P\u00fablicas. Una vez m\u00e1s, tal corriente democr\u00e1tica no se ha tenido en cuenta.<\/em><\/p>\n<p><em>Y lo de la mejor utilizaci\u00f3n de los recursos, tiene mucho de sofisma. Los recursos p\u00fablicos son para atender la demanda del ciudadano en su lugar de habitabilidad. Con el modelo centralizado -gesti\u00f3n integrada- en Lugo, la Mari\u00f1a se ver\u00e1 desde la perspectiva lucense. Sabemos que tal, ya est\u00e1 actuando en doble sentido. Rentabilizar los recursos sanitarios ubicados en Lugo -HULA, Ojos Grandes, Polusa- mediante la derivaci\u00f3n de las listas de espera existentes en la Mari\u00f1a, as\u00ed justifican conciertos con cl\u00ednicas privadas y tama\u00f1o del HULA. Pero de la misma forma, frenan el crecimiento necesario y aut\u00f3nomo de los servicios en La Mari\u00f1a, sin preguntarse: \u00bfCual es el coste de los procesos que se atienden en Lugo en un HULA, dado su tama\u00f1o y plantilla?. \u00bfSe ha tenido en cuenta distancia, tiempos a recorrer y coste por traslado, que sufren las familias de la Mari\u00f1a para acudir a Lugo?<\/em><\/p>\n<p><em>Desde el punto de vista t\u00e9cnico-sanim\u00e9trico. \u00bfEl \u00faltimo Plan de Salud del Territorio Lucense, con sus Comarcas Territoriales, no identifica problemas de salud, problemas sociales, que aconsejan incrementar la dotaci\u00f3n de recursos en la propia Comarca?. En la Memoria del Hospital da Costa del a\u00f1o 2004, en que yo ejerc\u00eda la Gerencia, el Hospital aparece calificado de HOSPITAL GENERAL, hecho que sab\u00edamos y como tal nos beneficiaba a los trabajadores del Centro y a la poblaci\u00f3n, y as\u00ed las unidades que se hab\u00edan ido creando: Di\u00e1lisis. Salud Laboral. Extracci\u00f3n de \u00f3rganos para trasplantes. Ampliaci\u00f3n de la Unidad de Hospitalizaci\u00f3n para Medicina Interna. Consultas en la casa del Mar en Burela y Unidad de Atenci\u00f3n Temprana.     <\/em><\/p>\n","protected":false},"excerpt":{"rendered":"<p>Complementario con &#8216;Sanidade, seis queixas diarias&#8216;, a perspectiva de &#8216;veci\u00f1os enfrontados&#8216; ou o f\u00f3ra de xogo sanitario de &#8216;A Mari\u00f1a, nun f\u00f3ra de \u00e1rea&#8216;, un artigo de Pablo Mosquera: La salud es un derecho consagrado por la Constituci\u00f3n Espa\u00f1ola, el Estatuto de Autonom\u00eda de Galicia as\u00ed como por la Ley de Sanidad que establece un [&hellip;]<\/p>\n","protected":false},"author":3,"featured_media":0,"comment_status":"open","ping_status":"closed","sticky":false,"template":"","format":"standard","meta":{"activitypub_content_warning":"","activitypub_content_visibility":"","activitypub_max_image_attachments":3,"activitypub_interaction_policy_quote":"anyone","activitypub_status":"federated","footnotes":""},"categories":[1],"tags":[14,27],"class_list":["post-5664","post","type-post","status-publish","format-standard","hentry","category-sen-categoria","tag-pablo-mosquera","tag-sanidade"],"_links":{"self":[{"href":"https:\/\/blogs.amarinha.gal\/ribadeando\/wp-json\/wp\/v2\/posts\/5664","targetHints":{"allow":["GET"]}}],"collection":[{"href":"https:\/\/blogs.amarinha.gal\/ribadeando\/wp-json\/wp\/v2\/posts"}],"about":[{"href":"https:\/\/blogs.amarinha.gal\/ribadeando\/wp-json\/wp\/v2\/types\/post"}],"author":[{"embeddable":true,"href":"https:\/\/blogs.amarinha.gal\/ribadeando\/wp-json\/wp\/v2\/users\/3"}],"replies":[{"embeddable":true,"href":"https:\/\/blogs.amarinha.gal\/ribadeando\/wp-json\/wp\/v2\/comments?post=5664"}],"version-history":[{"count":0,"href":"https:\/\/blogs.amarinha.gal\/ribadeando\/wp-json\/wp\/v2\/posts\/5664\/revisions"}],"wp:attachment":[{"href":"https:\/\/blogs.amarinha.gal\/ribadeando\/wp-json\/wp\/v2\/media?parent=5664"}],"wp:term":[{"taxonomy":"category","embeddable":true,"href":"https:\/\/blogs.amarinha.gal\/ribadeando\/wp-json\/wp\/v2\/categories?post=5664"},{"taxonomy":"post_tag","embeddable":true,"href":"https:\/\/blogs.amarinha.gal\/ribadeando\/wp-json\/wp\/v2\/tags?post=5664"}],"curies":[{"name":"wp","href":"https:\/\/api.w.org\/{rel}","templated":true}]}}