{"id":5662,"date":"2017-11-15T08:53:00","date_gmt":"2017-11-15T07:53:00","guid":{"rendered":""},"modified":"2024-11-12T13:32:15","modified_gmt":"2024-11-12T12:32:15","slug":"14-por-cada-ribadense","status":"publish","type":"post","link":"https:\/\/blogs.amarinha.gal\/ribadeando\/2017\/11\/15\/14-por-cada-ribadense\/","title":{"rendered":"1,4 \u20ac por cada ribadense"},"content":{"rendered":"<p>1,4 \u20ac por cada ribadense para &#8216;m\u00e1is de 150&#8217; comercios. Ou sexa, preto de 100 \u20ac por comercio que figure asociado \u00e9 a subvenci\u00f3n que os ribadenses damos a <a href=\"https:\/\/www.acisaribadeo.es\/\" target=\"_blank\" rel=\"noopener\">ACISA<\/a> (a web, despois de longo tempo sen funcionar, xa funciona dende comezos do ano pasado), concello mediante, para este 2017. Encarada por certo nun convenio trienal&nbsp; por tres veces esa cantidade, 42 000 \u20ac en total.<\/p>\n<p>O pasado ano as contas sa\u00edan a preto de 160 socios, despois de declarar os representantes de <a href=\"http:\/\/ribadeando.blogspot.com.es\/search\/label\/ACISA\" target=\"_blank\" rel=\"noopener\">ACISA<\/a> 150 antes da incorporaci\u00f3n dos <a href=\"http:\/\/ribadeando.blogspot.com.es\/2016\/04\/acisa-ten-oito-asociados-mais-mais-ou.html\" target=\"_blank\" rel=\"noopener\">premiados con subvenci\u00f3n da asociaci\u00f3n subvencionada<\/a>. Tam\u00e9n este ano, segundo a nota de prensa do concello, ACISA ter\u00e1 repartido en premiso (non en subvenci\u00f3ns) m\u00e1is de 9000 \u20ac. \u00c9 dicir, s\u00f3 coas subvenci\u00f3ns do concello quedan uns 5000 \u20ac libres para outros menesteres. A nota de prensa liberada valora moi positivamente os froitos desta subvenci\u00f3n. E especifica que o concello sabe que est\u00e1 apoiando de xeito preferencial \u00f3 comercio. Claro que, apoiar de xeito preferencial significa que hai quen non est\u00e1 a ser apoiado de xeito preferente. E fronte a 150 integrados en ACISA, hai 10 000 habitantes no concello. E polo tanto, unha &#8216;transferencia neta&#8217;, a\u00ednda que se sup\u00f3n que est\u00e1n a pagar m\u00e1is impostos. Remarco da nota de prensa: &#8220;<em>O alcalde sinalou que &#8220;para comprar e disfrutar de Ribadeo estas<br \/>\nactividades son as que se necesita que sigamos apoiando con di\u00f1eiro<br \/>\np\u00fablico, con di\u00f1eiro de todos, pero que redunde no comercio, nos<br \/>\nhostais, nos hoteis, etc\u2026 Esta \u00e9 a nosa misi\u00f3n e estamos encantados de<br \/>\npoder achegar esta cantidade econ\u00f3mica para este ano&#8221;.<\/em>&#8221;<\/p>\n<p>As actividades ref\u00edrense a actividades conveniadas a m\u00e1is da subvenci\u00f3n como <a href=\"http:\/\/ribadeando.blogspot.com.es\/search?q=festa+de+indianos\" target=\"_blank\" rel=\"noopener\">indianos<\/a> ou <a href=\"http:\/\/ribadeando.blogspot.com.es\/2016\/12\/foto-natural.html\" target=\"_blank\" rel=\"noopener\">pista de xeo<\/a>, colaborando o concello adem\u00e1is, como se di na nota, coa colaboraci\u00f3n lox\u00edstica.e \u00e9 que ACISA ten unha din\u00e1mica de moita actividade. m\u00e1is de 25 este ano. Segundo o xerente, nunha <a href=\"https:\/\/www.acisaribadeo.es\/balance-2017-proximas-campanas-la-necesidad-asociarse\/\" target=\"_blank\" rel=\"noopener\">nota na web de ACISA<\/a>, &#8220;<em>\u201cUn experto en marketing, Al Ries, dice: sea el primero en lo suyo y ser\u00e1 el primero en la mente de todos. Conc\u00e9ntrese en algo. Inv\u00e9ntese su propio hueco, aunque sea peque\u00f1ito y sea el primero en llenarlo. En nuestra memoria solo hay sitio para los primeros. Desde la asociaci\u00f3n pretendemos hacer de esta frase nuestro modelo de trabajo y que nuestros asociados ocupen ese primer hueco y lo llenen, para ser recordados, ofreciendo los mejores productos y servicios\u201d explica el gerente de la patronal.<\/em>&#8221;<\/p>\n<p>Segundo puxen <a href=\"http:\/\/ribadeando.blogspot.com.es\/2016\/02\/mierando-as-contas-de-acisa.html\" target=\"_blank\" rel=\"noopener\">no blog no seu momento<\/a>, o orzamento de ACISA para 2016 era m\u00e1is ou menos:<\/p>\n<p><em>Orzamento 2016: 139 394 \u20ac<\/p>\n<p>Ingresos.<\/p>\n<p>-Subv. <a href=\"http:\/\/www.deputacionlugo.org\/portal_localweb_ag\/p_20_contenedor1.jsp?seccion=s_fnot_d4_v1.jsp&amp;tipo=8&amp;&amp;contenido=27413&amp;nivel=1400&amp;layout=p_20_contenedor1.jsp&amp;codResi=1&amp;language=gl\">Ben Empregado (Deputaci\u00f3n)<\/a>: 39 417 \u20ac <\/p>\n<p>-Subv. Concello: 14 000 \u20ac<\/p>\n<p>-Subv. Xunta: 40 000\u20ac<\/p>\n<p>-Cotas asociados: 36 000 \u20ac (a ter en conta que as cantidades en miles<br \/>\nson aproximadas, e puxen esa cantidade en troques dos 40 000 que<br \/>\ndestacaba a prensa para que cadren sumas)<\/p>\n<p>Gastos.<\/p>\n<p>-Xerencia 21 837 \u20ac<\/p>\n<p>-Traballadores 34 796 \u20ac <\/p>\n<p>-Asesores externos 6 746 \u20ac<\/p>\n<p>-Bolsas e banderolas socios 1 524 \u20ac<\/p>\n<p>-Gastos oficina 11 530 \u20ac<\/p>\n<p>-Patrocinio 4 000 \u20ac<\/p>\n<p>-Campa\u00f1as 54 985 \u20ac<\/p>\n<p>-Comisi\u00f3ns bancarias 800 \u20ac&nbsp; <\/em><\/p>\n<p><a href=\"https:\/\/blogger.googleusercontent.com\/img\/b\/R29vZ2xl\/AVvXsEjpLOXQmAHmyk2tUfBuC7UI0yCO21dAI4-YIkeyXCUpmqC2z8lYcnHgeMJP8134EturIsCSrtMYBLW3yJPNQQOKlreVlgCBO3Ka8r72cSm0_DvlCEGvaRtCo7kiRst80VdiUw_Ujw\/s2048\/201711+Foto+ACISA+convenio+Concello_.JPG\" imageanchor=\"1\" style=\"margin-left: 1em; margin-right: 1em;\"><img loading=\"lazy\" decoding=\"async\" height=\"123\" src=\"https:\/\/blogger.googleusercontent.com\/img\/b\/R29vZ2xl\/AVvXsEjpLOXQmAHmyk2tUfBuC7UI0yCO21dAI4-YIkeyXCUpmqC2z8lYcnHgeMJP8134EturIsCSrtMYBLW3yJPNQQOKlreVlgCBO3Ka8r72cSm0_DvlCEGvaRtCo7kiRst80VdiUw_Ujw\/s2048\/201711+Foto+ACISA+convenio+Concello_.JPG\" width=\"400\" \/><\/a><\/p>\n<p>Na foto, da nosa esquerda \u00e1 dereita, o xerente de Acisa, Jes\u00fas P\u00e9rez, o presidente en funci\u00f3ns de Acisa, Juan Andina, Fernando Su\u00e1rez, a concelleira de Turismo, Comercio e Desenvovlemento Local, Ana Mart\u00ednez, e o secretario accidental do Concello, Jos\u00e9 Rodil.<\/p>\n<p>Por certo, o luminoso o parque, para b\u00e1sicamente anuncios do concello, cunha participaci\u00f3n importante dos actos de ACISA, non funciona (de novo)<\/p>\n<table align=\"center\" cellpadding=\"0\" cellspacing=\"0\" class=\"tr-caption-container\" style=\"margin-left: auto; margin-right: auto; text-align: center;\">\n<tbody>\n<tr>\n<td style=\"text-align: center;\"><a href=\"https:\/\/blogger.googleusercontent.com\/img\/b\/R29vZ2xl\/AVvXsEgUnHJnW6juTHt9KsxH2kMeIagDXY2RvSdZahDB1aB-t_u50J_PlU3UqpKub5QzshN6blLsueX5JgXDBdCMXp4eTeXX-MSapl8kDpgUPrSjDRzQHunP4-ROQx5-LNdDiHqwkaptoQ\/s2048\/aparello+luminoso+paque.jpg\" imageanchor=\"1\" style=\"margin-left: auto; margin-right: auto;\"><img loading=\"lazy\" decoding=\"async\" height=\"640\" src=\"https:\/\/blogger.googleusercontent.com\/img\/b\/R29vZ2xl\/AVvXsEgUnHJnW6juTHt9KsxH2kMeIagDXY2RvSdZahDB1aB-t_u50J_PlU3UqpKub5QzshN6blLsueX5JgXDBdCMXp4eTeXX-MSapl8kDpgUPrSjDRzQHunP4-ROQx5-LNdDiHqwkaptoQ\/s2048\/aparello+luminoso+paque.jpg\" width=\"480\" \/><\/a><\/td>\n<\/tr>\n<tr>\n<td class=\"tr-caption\" style=\"text-align: center;\">O aparello, nunha avar\u00eda anterior.<\/td>\n<\/tr>\n<\/tbody>\n<\/table>\n","protected":false},"excerpt":{"rendered":"<p>1,4 \u20ac por cada ribadense para &#8216;m\u00e1is de 150&#8217; comercios. Ou sexa, preto de 100 \u20ac por comercio que figure asociado \u00e9 a subvenci\u00f3n que os ribadenses damos a ACISA (a web, despois de longo tempo sen funcionar, xa funciona dende comezos do ano pasado), concello mediante, para este 2017. Encarada por certo nun convenio [&hellip;]<\/p>\n","protected":false},"author":3,"featured_media":0,"comment_status":"open","ping_status":"closed","sticky":false,"template":"","format":"standard","meta":{"activitypub_content_warning":"","activitypub_content_visibility":"","activitypub_max_image_attachments":3,"activitypub_interaction_policy_quote":"anyone","activitypub_status":"federated","footnotes":""},"categories":[1],"tags":[98],"class_list":["post-5662","post","type-post","status-publish","format-standard","hentry","category-sen-categoria","tag-acisa"],"_links":{"self":[{"href":"https:\/\/blogs.amarinha.gal\/ribadeando\/wp-json\/wp\/v2\/posts\/5662","targetHints":{"allow":["GET"]}}],"collection":[{"href":"https:\/\/blogs.amarinha.gal\/ribadeando\/wp-json\/wp\/v2\/posts"}],"about":[{"href":"https:\/\/blogs.amarinha.gal\/ribadeando\/wp-json\/wp\/v2\/types\/post"}],"author":[{"embeddable":true,"href":"https:\/\/blogs.amarinha.gal\/ribadeando\/wp-json\/wp\/v2\/users\/3"}],"replies":[{"embeddable":true,"href":"https:\/\/blogs.amarinha.gal\/ribadeando\/wp-json\/wp\/v2\/comments?post=5662"}],"version-history":[{"count":0,"href":"https:\/\/blogs.amarinha.gal\/ribadeando\/wp-json\/wp\/v2\/posts\/5662\/revisions"}],"wp:attachment":[{"href":"https:\/\/blogs.amarinha.gal\/ribadeando\/wp-json\/wp\/v2\/media?parent=5662"}],"wp:term":[{"taxonomy":"category","embeddable":true,"href":"https:\/\/blogs.amarinha.gal\/ribadeando\/wp-json\/wp\/v2\/categories?post=5662"},{"taxonomy":"post_tag","embeddable":true,"href":"https:\/\/blogs.amarinha.gal\/ribadeando\/wp-json\/wp\/v2\/tags?post=5662"}],"curies":[{"name":"wp","href":"https:\/\/api.w.org\/{rel}","templated":true}]}}