{"id":5659,"date":"2017-11-19T00:20:00","date_gmt":"2017-11-18T23:20:00","guid":{"rendered":""},"modified":"2024-11-12T13:32:03","modified_gmt":"2024-11-12T12:32:03","slug":"errejoen-en-ribadeo-por-pablo-mosquera","status":"publish","type":"post","link":"https:\/\/blogs.amarinha.gal\/ribadeando\/2017\/11\/19\/errejoen-en-ribadeo-por-pablo-mosquera\/","title":{"rendered":"Errej\u00f3n en Ribadeo, por Pablo Mosquera Mata"},"content":{"rendered":"<p><em>&nbsp;&nbsp; Alumno de mi inolvidable Universidad Complutense de Madrid, que sin duda sigue dando libertarios, rebeldes frente a lo oficialmente correcto, enemigos del pensamiento \u00fanico y ciudadanos cultos, por tanto inquietos y comprometidos con la m\u00e1s hermosa de las revoluciones: cambiar el mundo.<\/em><\/p>\n<p><em>&nbsp;&nbsp; \u00c9xito de p\u00fablico, \u00e1vido de conocer en la distancia m\u00e1s corta, aun chaval alto y delgado, fruto del 15-M y fruto de esa Universidad P\u00fablica a la que hemos estado mirando muchos a\u00f1os para aguardar que sacara a las calles, tribunas e Instituciones P\u00fablicas, lo mejor del pensamiento. Y es que si algo tiene PODEMOS es su contribuci\u00f3n a la nueva generaci\u00f3n de dirigentes en una sociedad anestesiada, hu\u00e9rfana, controlada por el capitalismo y sus herramientas para volver al feudalismo en pleno siglo XXI.<br \/>\nCreo que \u00cd\u00f1igo estuvo en la ciudad que da nombre a la R\u00eda, con el freno de mano puesto. Quiz\u00e1 por sus antecesores en la tribuna. Quiz\u00e1 por c\u00f3mo nos ven desde la Meseta: pueblo conservador, envejecido, que entre protestar, luchar, y exigir derechos, opta por hacer las maletas&#8230;De tanto no querer dar miedo -siempre la gesti\u00f3n del miedo- fue un fil\u00f3sofo impecable en las formas y en el fondo del discurso. Yo esperaba un grito revolucionario. Dado que hemos agotado el sistema, procedamos a romperlo, para construir otro sistema acorde con las ra\u00edces hist\u00f3ricas de la democracia, que no es la partitocracia.<\/em><\/p>\n<p><em>&nbsp;&nbsp; La ciudadan\u00eda est\u00e1 presa y sometida a la verdad de unos pocos. Los que han convertido la Europa de los ciudadanos en una Europa para hacer negocios, explotando al hombre, d\u00e1ndole la espalda al humanismo del Renacimiento, permitiendo esa repugnante doctrina sobre competir con los pueblos sin derechos, transformando los derechos sociales en mercanc\u00edas, cuando deber\u00edan ser nichos de empleo y al mismo tiempo, -aqu\u00ed s\u00ed que estuvo claro- progresismo supone que las generaciones presentes tenemos el derecho y el deber de trasladar la esperanza a las generaciones futuras. Lo que no puede ser de recibo es, que los pr\u00f3ximos habitantes de la tierra, vivan peor que nosotros, a inventario favorable de esas \u00e9lites que: mandan, prestan, cambian, sacrifican, dan dicterios y hacen de los sofismas, teor\u00edas e inventos a los que conceden el Premio Nobel.<\/em><\/p>\n<p><em>&nbsp;&nbsp; Hay que volver a ense\u00f1ar \u00e9tica. Y examinar de tal a los dirigentes. Quien no apruebe no debe ser representante del pueblo. Y el primer cap\u00edtulo de tal refundaci\u00f3n de la democracia supone, dejar muy claro que los partidos pol\u00edticos son meros intermediarios entre el pueblo soberano y las Instituciones P\u00fablicas.<\/em><\/p>\n<p><em>Curiosamente, en el coloquio, nadie pregunt\u00f3 por el papel de PODEMOS en Catalu\u00f1a, como nadie pregunt\u00f3 qu\u00e9 ventajas puede tener para los gallegos una reforma Constitucional, m\u00e1xime si se opta por un modelo Territorial asim\u00e9trico, a fin de mantener los Derechos Hist\u00f3ricos de los vasco-navarros y las reivindicaciones de Catalu\u00f1a.<\/em><\/p>\n<p><em>&nbsp;&nbsp; A veces creo que de tanto hablar de la corrupci\u00f3n, am\u00e9n de no ser capaz de castigarla como se merecen sus actores, estamos olvidando no s\u00f3lo los derechos del Estado para el Bienestar y la igualdad de oportunidades; es que nos olvidamos del impacto brutal que tiene la revoluci\u00f3n tecnol\u00f3gica en el mercado laboral. Y sin trabajo estable, son salario digno, ni hay pensiones, ni se puede ejercer con dignidad la ciudadan\u00eda.<\/em><\/p>\n","protected":false},"excerpt":{"rendered":"<p>&nbsp;&nbsp; Alumno de mi inolvidable Universidad Complutense de Madrid, que sin duda sigue dando libertarios, rebeldes frente a lo oficialmente correcto, enemigos del pensamiento \u00fanico y ciudadanos cultos, por tanto inquietos y comprometidos con la m\u00e1s hermosa de las revoluciones: cambiar el mundo. &nbsp;&nbsp; \u00c9xito de p\u00fablico, \u00e1vido de conocer en la distancia m\u00e1s corta, [&hellip;]<\/p>\n","protected":false},"author":3,"featured_media":0,"comment_status":"open","ping_status":"closed","sticky":false,"template":"","format":"standard","meta":{"activitypub_content_warning":"","activitypub_content_visibility":"","activitypub_max_image_attachments":3,"activitypub_interaction_policy_quote":"anyone","activitypub_status":"federate","footnotes":""},"categories":[1],"tags":[14],"class_list":["post-5659","post","type-post","status-publish","format-standard","hentry","category-sen-categoria","tag-pablo-mosquera"],"_links":{"self":[{"href":"https:\/\/blogs.amarinha.gal\/ribadeando\/wp-json\/wp\/v2\/posts\/5659","targetHints":{"allow":["GET"]}}],"collection":[{"href":"https:\/\/blogs.amarinha.gal\/ribadeando\/wp-json\/wp\/v2\/posts"}],"about":[{"href":"https:\/\/blogs.amarinha.gal\/ribadeando\/wp-json\/wp\/v2\/types\/post"}],"author":[{"embeddable":true,"href":"https:\/\/blogs.amarinha.gal\/ribadeando\/wp-json\/wp\/v2\/users\/3"}],"replies":[{"embeddable":true,"href":"https:\/\/blogs.amarinha.gal\/ribadeando\/wp-json\/wp\/v2\/comments?post=5659"}],"version-history":[{"count":0,"href":"https:\/\/blogs.amarinha.gal\/ribadeando\/wp-json\/wp\/v2\/posts\/5659\/revisions"}],"wp:attachment":[{"href":"https:\/\/blogs.amarinha.gal\/ribadeando\/wp-json\/wp\/v2\/media?parent=5659"}],"wp:term":[{"taxonomy":"category","embeddable":true,"href":"https:\/\/blogs.amarinha.gal\/ribadeando\/wp-json\/wp\/v2\/categories?post=5659"},{"taxonomy":"post_tag","embeddable":true,"href":"https:\/\/blogs.amarinha.gal\/ribadeando\/wp-json\/wp\/v2\/tags?post=5659"}],"curies":[{"name":"wp","href":"https:\/\/api.w.org\/{rel}","templated":true}]}}