{"id":5653,"date":"2017-11-30T08:04:00","date_gmt":"2017-11-30T07:04:00","guid":{"rendered":""},"modified":"2024-11-12T13:31:54","modified_gmt":"2024-11-12T12:31:54","slug":"un-pleno-pode-ser-divertido","status":"publish","type":"post","link":"https:\/\/blogs.amarinha.gal\/ribadeando\/2017\/11\/30\/un-pleno-pode-ser-divertido\/","title":{"rendered":"Un pleno pode ser divertido"},"content":{"rendered":"<p>Un m\u00e1ximo de 7 persoas estivemos onte vendo o desenvolvemento dos <a href=\"http:\/\/ribadeando.blogspot.com.es\/2017\/11\/pleno-hoxe-14-puntos-cinco-mocions.html\" target=\"_blank\" rel=\"noopener\">puntos na orde do d\u00eda do pleno de onte<\/a> no sal\u00f3n de sesi\u00f3ns do concello de Ribadeo. 16 concelleiros dos 17 (faltou Ana, do equipo de goberno, e chegou Jorge, tam\u00e9n do equipo de goberno, no punto 4\u00ba,) xunto con tres funcionarios (interventor, secretario e vicesecretario) m\u00e1is que duplicaban \u00f3 p\u00fablico.<\/p>\n<p>O pleno foi emitido en directo v\u00eda Facebook polo PSOE ata un certo punto no que deixou de facelo por problemas t\u00e9cnicos, e colgarao en youtube proximamente (darei conta delo)<\/p>\n<p>Foi un pleno que durou de 20:30 a 22:45, e no que estaba interesado especialmente na constituci\u00f3n da comisi\u00f3n para informar do tipo de xesti\u00f3n da nova residencia de maiores e na pregunta, realizada polo PSOE, sobre o estado actual de licenzas e revisi\u00f3ns dos apartamentos na Illa Pancha. E no que houbo momentos que deron para sorrir por diversas raz\u00f3ns, a\u00ednda que nisto dos sorrisos, moitas veces as causas vaian por barrios.<\/p>\n<p>Como pleno longo que foi, hai abondo que dicir, a\u00ednda que concentrado en certos puntos. Vaia hoxe un resume pequeno, centrado sobre todo nas votaci\u00f3ns.<\/p>\n<p><a href=\"https:\/\/blogger.googleusercontent.com\/img\/b\/R29vZ2xl\/AVvXsEj16MUhwOn2-jmk9jFM8vQA4zbF2g0aaRe8G2XlF7Uy68hRktlok3M7KO8VLJDjB7CQiubNiq9KFZIC_BMJCzya57JoaN3kwNIcTVwFCgfEHEo105vZB8-cvqSkKpwM-hk6kBVfWA\/s2048\/votaci%25C3%25B3ns+20171129.jpg\" imageanchor=\"1\" style=\"margin-left: 1em; margin-right: 1em;\"><img decoding=\"async\" src=\"https:\/\/blogger.googleusercontent.com\/img\/b\/R29vZ2xl\/AVvXsEj16MUhwOn2-jmk9jFM8vQA4zbF2g0aaRe8G2XlF7Uy68hRktlok3M7KO8VLJDjB7CQiubNiq9KFZIC_BMJCzya57JoaN3kwNIcTVwFCgfEHEo105vZB8-cvqSkKpwM-hk6kBVfWA\/s2048\/votaci%25C3%25B3ns+20171129.jpg\" \/><\/a><\/p>\n<p>O punto 10, a Proposta de constituci\u00f3n dunha Comisi\u00f3n Informativa Especial para estudo e informe do sistema de xesti\u00f3n da Residencia para persoas maiores de Ribadeo, saiu adiante por unanimidade. Estar\u00e1 constitu\u00edda, por lei, por un presidente (o alcalde), catro membros do BNG, 2 do PP, 1 do PSOE, e 1 de C&#8217;s. Participar\u00e1 o secretario e persoal t\u00e9cnico do concello, con voz pero sen voto. Remarcouse que est\u00e1 a rematarse o equipamento, e interviu o secretario para dicir que agora \u00e9 o momento de redactar o informe que se ped\u00eda dende a Xunta (Conseller\u00eda de Servicios Sociais) sobre xesti\u00f3n e financiaciamento, non antes. Un dos puntos sobre o que volver no futuro.<\/p>\n<p>O punto 14, por lei, incl\u00fae tam\u00e9n moci\u00f3ns e rogos e preguntas. Nestas \u00faltimas, unha do PSOE foi a repetici\u00f3n en pleno do <a href=\"http:\/\/ribadeando.blogspot.com.es\/2017\/10\/por-nuestro-faro-escrito-ao-sr-alcalde.html\" target=\"_blank\" rel=\"noopener\">escrito de Por Nuestro Faro de 18 de outubro<\/a>, a\u00ednda sen contestar. A\u00ednda que noutro momento poda ampliar o comentario, cun &#8216;espero que non se demore moito esta situaci\u00f3n&#8217;, o alcalde rematou a s\u00faa intervenci\u00f3n despois de dicir varias veces de diversos xeitos que os t\u00e9cnicos est\u00e1n a avaliar a situaci\u00f3n (do estado de cumprimento do pedido para concesi\u00f3n de licenza) sen aclarar se se concedeu ou non.<\/p>\n<p>O dito, continuar\u00e1.<\/p>\n<table align=\"center\" cellpadding=\"0\" cellspacing=\"0\" class=\"tr-caption-container\" style=\"margin-left: auto; margin-right: auto; text-align: center;\">\n<tbody>\n<tr>\n<td style=\"text-align: center;\"><a href=\"https:\/\/blogger.googleusercontent.com\/img\/b\/R29vZ2xl\/AVvXsEiraTMZ7pDVXyIjiaR8H8sQTlBeW5Yhz1Pxtrtn2hP1ImbmcKvG1ciMfcjWixqNUbicvEcDe0wfGQOUgON4pfWyuQWXB9Vj36ssj7xfRGAYxFHhVNorods19rLxW7dV7sOpYFa1Zg\/s2048\/IMG_20171129_213729_.jpg\" imageanchor=\"1\" style=\"margin-left: auto; margin-right: auto;\"><img decoding=\"async\" src=\"https:\/\/blogger.googleusercontent.com\/img\/b\/R29vZ2xl\/AVvXsEiraTMZ7pDVXyIjiaR8H8sQTlBeW5Yhz1Pxtrtn2hP1ImbmcKvG1ciMfcjWixqNUbicvEcDe0wfGQOUgON4pfWyuQWXB9Vj36ssj7xfRGAYxFHhVNorods19rLxW7dV7sOpYFa1Zg\/s2048\/IMG_20171129_213729_.jpg\" \/><\/a><\/td>\n<\/tr>\n<tr>\n<td class=\"tr-caption\" style=\"text-align: center;\">Un momento do pleno de onte<\/td>\n<\/tr>\n<\/tbody>\n<\/table>\n","protected":false},"excerpt":{"rendered":"<p>Un m\u00e1ximo de 7 persoas estivemos onte vendo o desenvolvemento dos puntos na orde do d\u00eda do pleno de onte no sal\u00f3n de sesi\u00f3ns do concello de Ribadeo. 16 concelleiros dos 17 (faltou Ana, do equipo de goberno, e chegou Jorge, tam\u00e9n do equipo de goberno, no punto 4\u00ba,) xunto con tres funcionarios (interventor, secretario [&hellip;]<\/p>\n","protected":false},"author":3,"featured_media":0,"comment_status":"open","ping_status":"closed","sticky":false,"template":"","format":"standard","meta":{"activitypub_content_warning":"","activitypub_content_visibility":"","activitypub_max_image_attachments":3,"activitypub_interaction_policy_quote":"anyone","activitypub_status":"federated","footnotes":""},"categories":[1],"tags":[37,42,64],"class_list":["post-5653","post","type-post","status-publish","format-standard","hentry","category-sen-categoria","tag-illa-pancha","tag-plenos","tag-residencia"],"_links":{"self":[{"href":"https:\/\/blogs.amarinha.gal\/ribadeando\/wp-json\/wp\/v2\/posts\/5653","targetHints":{"allow":["GET"]}}],"collection":[{"href":"https:\/\/blogs.amarinha.gal\/ribadeando\/wp-json\/wp\/v2\/posts"}],"about":[{"href":"https:\/\/blogs.amarinha.gal\/ribadeando\/wp-json\/wp\/v2\/types\/post"}],"author":[{"embeddable":true,"href":"https:\/\/blogs.amarinha.gal\/ribadeando\/wp-json\/wp\/v2\/users\/3"}],"replies":[{"embeddable":true,"href":"https:\/\/blogs.amarinha.gal\/ribadeando\/wp-json\/wp\/v2\/comments?post=5653"}],"version-history":[{"count":0,"href":"https:\/\/blogs.amarinha.gal\/ribadeando\/wp-json\/wp\/v2\/posts\/5653\/revisions"}],"wp:attachment":[{"href":"https:\/\/blogs.amarinha.gal\/ribadeando\/wp-json\/wp\/v2\/media?parent=5653"}],"wp:term":[{"taxonomy":"category","embeddable":true,"href":"https:\/\/blogs.amarinha.gal\/ribadeando\/wp-json\/wp\/v2\/categories?post=5653"},{"taxonomy":"post_tag","embeddable":true,"href":"https:\/\/blogs.amarinha.gal\/ribadeando\/wp-json\/wp\/v2\/tags?post=5653"}],"curies":[{"name":"wp","href":"https:\/\/api.w.org\/{rel}","templated":true}]}}