{"id":5651,"date":"2017-12-01T07:45:00","date_gmt":"2017-12-01T06:45:00","guid":{"rendered":""},"modified":"2024-11-12T13:31:50","modified_gmt":"2024-11-12T12:31:50","slug":"pleno-version-do-concello","status":"publish","type":"post","link":"https:\/\/blogs.amarinha.gal\/ribadeando\/2017\/12\/01\/pleno-version-do-concello\/","title":{"rendered":"Pleno. A versi\u00f3n do concello"},"content":{"rendered":"<p>Despois de &#8216;<a href=\"http:\/\/ribadeando.blogspot.com.es\/2017\/11\/un-pleno-pode-ser-divertido.html\">un pleno pode ser divertido<\/a>&#8216;, sigo co tempa do pleno de novembro, mais esta volta presentando a visi\u00f3n do concello, a <a href=\"http:\/\/ribadeo.gal\/actualidade\/nova.php?id=2603&amp;lg=gal\">nota de prensa que se pode ver na web do concello<\/a>. E po\u00f1o de xeito independente a nota para contrastar cos outros comentarios que poda facer, tanto en &#8216;<a href=\"http:\/\/ribadeando.blogspot.com.es\/2017\/11\/un-pleno-pode-ser-divertido.html\">un pleno pode ser divertido<\/a>&#8216; como en futuras entradas.<\/p>\n<p>&#8220;<em><br \/>\n<\/em><\/p>\n<p><em>TAM\u00c9N SE RECLAMAR\u00c1 A FOMENTO O ARRANXO DA N-642<\/em><\/p>\n<p><em><\/em><\/p>\n<p><em>&nbsp;<strong>Residencia para maiores<\/strong><\/em><\/p>\n<p><em>30\/11\/2017<\/em><\/p>\n<p><em>No pleno celebrado onte no Concello de Ribadeo aprobouse o orzamento municipal de 2018 que ascende a preto de nove mill\u00f3ns e medio de euros. O alcalde, Fernando Su\u00e1rez, m\u00f3strase moi orgulloso de ter xa o presuposto listo e cualif\u00edcao de equilibrado. As contas incl\u00faen obras importantes como as que se acometer\u00e1n na avenida R\u00eda de Ribadeo e na r\u00faa San Roque. Ademais por unanimidade aprobouse a creaci\u00f3n dunha comisi\u00f3n que determine o modelo de xesti\u00f3n da nova residencia de maiores de Ribadeo.<br \/>\n<\/em><\/p>\n<p><em>O rexedor ribadense manifestou esta ma\u00f1\u00e1 que &#8220;foi importante e interesante o pleno ordinario que celebramos onte con moit\u00edsimos puntos da orde do d\u00eda aprobados por unanimidade, e con asuntos moi importantes para o futuro m\u00e1is inmediato de Ribadeo. Eu penso que o m\u00e1is importante dunha Corporaci\u00f3n \u00e9 o orzamento municipal que neste ano temos o orgullo de poder dicir que aprobamos o orzamento do 2018 neste ano 2017, e que vai entrar en vigor seguramente a finais deste ano. \u00c9 algo que a lei establece que sexa as\u00ed, pero que a maior\u00eda de Concellos non o fan, e nosoutros en Ribadeo estamos moi orgullosos de facelo as\u00ed&#8221;.<br \/>\n<\/em><\/p>\n<p><em>Fernando Su\u00e1rez dixo que &#8220;presentamos un orzamento entendemos que equilibrado nos ingresos, no senso de presupostar ingresos cos principios de prudencia sen botar as camp\u00e1s ao vo. Ao mesmo tempo co orgullo de poder dicir que non subimos os impostos nin as taxas coa excepci\u00f3n do IPC aplicado \u00e1 piscina municipal, segundo ven no contrato de concesi\u00f3n, pero polo resto non subimos ning\u00fan tributo nin ningunha taxa municipal&#8221;.<br \/>\n<\/em><\/p>\n<p><em>O alcalde declarou que &#8220;no apartado de gastos est\u00e1 o incremento na dotaci\u00f3n para a prestaci\u00f3n do servizo de axuda no fogar un ano m\u00e1is, e tam\u00e9n dunha serie de obras de infraestruturas importantes tanto para a vila como para as parroquias. Queremos seguir avanzando no saneamento municipal, no ama\u00f1o de cami\u00f1os e de pistas municipais, e tam\u00e9n no \u00e1mbito da vila queremos dar conta desta gran obra que pretendemos levar adiante a principios do ano 2018, como \u00e9 a mellora e a humanizaci\u00f3n da avenida da R\u00eda de Ribadeo. Este acceso principal leva moitos anos configurado para turismos e veh\u00edculos, pero non como un lugar para que as persoas poidan cami\u00f1ar con seguridade. Queremos humanizalo e queremos dar seguridade a que calquera persoa da vila que queira ir andando ata estes lugares de centros comerciais e de diferentes tendas e servizos que hai ao longo e ancho desta avenida poida facelo con seguridade&#8221;. E seguiu a relatar:&#8221;tam\u00e9n queremos aproveitar o inicio de ano para facer unha actuaci\u00f3n moi importante na r\u00faa San Roque. Hai moit\u00edsimos anos que non se lle toca e ten graves problemas de inundaci\u00f3ns, desprendemento de plaquetas, etc\u2026 Queremos facer unha r\u00faa axeitada ao que \u00e9, unha das r\u00faas m\u00e1is bonitas de Ribadeo e de Galicia, e queremos actuar para que haxa a posteriori movemento econ\u00f3mico, poidan abrir m\u00e1is tendas, m\u00e1is negocios, m\u00e1is bares, terrazas, etc\u2026 Queremos aprobar canto antes o orzamento municipal para poder actuar en todas estas necesidades que ten Ribadeo e a s\u00faa xente&#8221;.<br \/>\n<\/em><\/p>\n<p><em>Fernando Su\u00e1rez comentou: &#8220;tam\u00e9n \u00e9 de destacar a baixada dos xuros da d\u00e9beda coas entidades financeiras polo tanto cada vez pagamos menos de xuro, e iso determina que poidamos ter m\u00e1is di\u00f1eiro para efectuar inversi\u00f3ns&#8221;.<br \/>\n<\/em><\/p>\n<p><em>O rexedor salientou que &#8220;outro dos puntos importantes que se aprobou por unanimidade no pleno de onte, foi o relativo \u00e1 creaci\u00f3n dunha comisi\u00f3n especial para o estudo e o informe da forma de xesti\u00f3n da residencia para maiores de Ribadeo. Seguemos dando pasos na li\u00f1a que todos, ou case todos, nos conxuramos hai varios anos para que Ribadeo tivera unha residencia. Agora rematadas as obras, o continente, estando a piques de ter resolto o contido, \u00e9 dicir o equipamento, \u00e9 o momento de dar este novo paso creando unha comisi\u00f3n que por lei ten que estar creada, para determinar dentro das f\u00f3rmulas posibles, dentro da legalidade vixente actual, qu\u00e9 \u00e9 o que pode facer o Concello para xestionar esta residencia. Mirar pola xesti\u00f3n directa ou indirecta, cales son os pros e os contras, e esta comisi\u00f3n xunto cos t\u00e9cnicos municipais e coa auditor\u00eda que se est\u00e1 realizando nestes d\u00edas, teremos que determinar cal \u00e9 o procedemento para trasladarllo \u00e1 Xunta para que nos dea autorizaci\u00f3n de funcionamento. A Xunta, m\u00e1is al\u00f3 de se deu ou non deu di\u00f1eiro, que ata o de agora falta o primeiro c\u00e9ntimo que dera para a residencia de Ribadeo, si que \u00e9 obrigado que nos dea luz verde. Igual que nola deu no seu momento para iniciar a construci\u00f3n a\u00ednda que non puxera un peso, tam\u00e9n agora ter\u00e1 que darnos luz verde para a xesti\u00f3n, e por iso \u00e9 necesario a creaci\u00f3n desta comisi\u00f3n&#8221;.<br \/>\n<\/em><\/p>\n<p><em>Estrada N-642<\/em><\/p>\n<p><em>Sobre outros asuntos debatidos no pleno de onte Su\u00e1rez Barcia explicou que &#8220;tam\u00e9n por unanimidade o Concello acordou dirixirse ao Ministerio de Fomento para que dunha vez por todas ama\u00f1e, dunha maneira digna e eficaz, o treito da N-642 entre Ribadeo e Porto. Est\u00e1 moi deteriorado, \u00e9 moi perigoso, sobre todo para motociclistas e para ciclistas porque non hai arc\u00e9n, est\u00e1 cheo de grixo, t\u00e9\u00f1ense producido ultimamente accidentes, e o d\u00eda menos pensado vai pasar algo grave. Ped\u00edmoslle ao Ministerio de Fomento que dunha vez por todas nos trate a este treito de Ribadeo da N-642 como a estivo tratando de Porto cara a Lugo, a Meira e A Pontenova, que est\u00e1 en aglomerado, e en perfecto estado de revista, non as\u00ed este treito en Ribadeo. Ao mesmo tempo dimos conta do que lle estamos pedindo \u00e1 Deputaci\u00f3n para este 2018, son petici\u00f3ns de arranxos en diversos viarios provinciais neste termo municipal. Os viarios da Deputaci\u00f3n est\u00e1n nunha situaci\u00f3n moi deteriorada desde hai moito tempo, especialmente aqueles das parroquias do interior, necesitan con urxencia unha actuaci\u00f3n, que confiemos que se dea neste 2018. As\u00ed llo pedimos sinceramente, as\u00ed lle describimos cales eran as necesidades e confiemos que en breve poidamos ter noticias positivas ao respecto&#8221;.<br \/>\n<\/em><\/p>\n<p><em>O alcalde comentou que &#8220;tam\u00e9n houbo unha serie de moci\u00f3ns, catro concretamente do grupo municipal do PSOE sobre a situaci\u00f3n de Feve, sobre o medio rural galego, sobre o 25 de novembro e sobre a vaga de incendios que asolou Galicia que foron votadas polo noso grupo favorablemente. Ao mesmo tempo houbo unha moci\u00f3n do noso grupo municipal do BNG sobre o 25 de novembro, sobre a violencia de x\u00e9nero e o maior esforzo que debe facer a Xunta de Galicia e o goberno estatal. Houbo alg\u00fans rogos e preguntas, alg\u00fans m\u00e1is acertados e outros menos. Intentamos cumprir todos aqueles rogos que son posibles, e en canto \u00e1s preguntas intentamos responder todas na s\u00faa totalidade sen esperar ao seguinte pleno&#8221;.&nbsp;<\/em><\/p>\n<p>&#8220;<\/p>\n","protected":false},"excerpt":{"rendered":"<p>Despois de &#8216;un pleno pode ser divertido&#8216;, sigo co tempa do pleno de novembro, mais esta volta presentando a visi\u00f3n do concello, a nota de prensa que se pode ver na web do concello. E po\u00f1o de xeito independente a nota para contrastar cos outros comentarios que poda facer, tanto en &#8216;un pleno pode ser [&hellip;]<\/p>\n","protected":false},"author":3,"featured_media":0,"comment_status":"open","ping_status":"closed","sticky":false,"template":"","format":"standard","meta":{"activitypub_content_warning":"","activitypub_content_visibility":"","activitypub_max_image_attachments":3,"activitypub_interaction_policy_quote":"anyone","activitypub_status":"federated","footnotes":""},"categories":[1],"tags":[42],"class_list":["post-5651","post","type-post","status-publish","format-standard","hentry","category-sen-categoria","tag-plenos"],"_links":{"self":[{"href":"https:\/\/blogs.amarinha.gal\/ribadeando\/wp-json\/wp\/v2\/posts\/5651","targetHints":{"allow":["GET"]}}],"collection":[{"href":"https:\/\/blogs.amarinha.gal\/ribadeando\/wp-json\/wp\/v2\/posts"}],"about":[{"href":"https:\/\/blogs.amarinha.gal\/ribadeando\/wp-json\/wp\/v2\/types\/post"}],"author":[{"embeddable":true,"href":"https:\/\/blogs.amarinha.gal\/ribadeando\/wp-json\/wp\/v2\/users\/3"}],"replies":[{"embeddable":true,"href":"https:\/\/blogs.amarinha.gal\/ribadeando\/wp-json\/wp\/v2\/comments?post=5651"}],"version-history":[{"count":0,"href":"https:\/\/blogs.amarinha.gal\/ribadeando\/wp-json\/wp\/v2\/posts\/5651\/revisions"}],"wp:attachment":[{"href":"https:\/\/blogs.amarinha.gal\/ribadeando\/wp-json\/wp\/v2\/media?parent=5651"}],"wp:term":[{"taxonomy":"category","embeddable":true,"href":"https:\/\/blogs.amarinha.gal\/ribadeando\/wp-json\/wp\/v2\/categories?post=5651"},{"taxonomy":"post_tag","embeddable":true,"href":"https:\/\/blogs.amarinha.gal\/ribadeando\/wp-json\/wp\/v2\/tags?post=5651"}],"curies":[{"name":"wp","href":"https:\/\/api.w.org\/{rel}","templated":true}]}}