{"id":5646,"date":"2017-12-05T08:27:00","date_gmt":"2017-12-05T07:27:00","guid":{"rendered":""},"modified":"2024-11-12T13:31:43","modified_gmt":"2024-11-12T12:31:43","slug":"canapes","status":"publish","type":"post","link":"https:\/\/blogs.amarinha.gal\/ribadeando\/2017\/12\/05\/canapes\/","title":{"rendered":"Canap\u00e9s"},"content":{"rendered":"<p>O canap\u00e9s chaman a atenci\u00f3n. M\u00e1is \u00f3s que chegan de f\u00f3ra de Ribadeo que \u00f3s propios, Hai tempo adiquei un par de entradas \u00e1 zona. A primeira, al\u00f3 polo 2013, relacionada coas obras do parque infantil que hoxe segue na zona, e <a href=\"http:\/\/ribadeando.blogspot.com.es\/2013\/01\/promocionando-o-novo-parque-de-ribadeo.html\">onde se pod\u00edan ver en foto aerea as estruturas dos canap\u00e9s<\/a>. A segunda, na primavera do ano pasado, &#8216;<a href=\"http:\/\/ribadeando.blogspot.com.es\/2016\/04\/o-combate-dos-canapes.html\">o combate dos canap\u00e9s<\/a>&#8216;, fac\u00eda un resumo hist\u00f3rico e daba conta do estado de conservaci\u00f3n.<\/p>\n<p>Agora, ano e medio despois, o concello saca unha nota na que da conta do comezo das obras para adecentar e facer mantemento da zona, inclu\u00edndo canap\u00e9s e Avda. de Am\u00e9rica, ata a gasolinera:<\/p>\n<p>&#8221; <\/p>\n<p><em>O INVESTIMENTO ASCENDE A 12.000 EUROS<\/em><\/p>\n<p><em>Obras nos Canap\u00e9s<\/em><\/p>\n<p><em>04\/12\/2017<\/em><\/p>\n<p><em>Hoxe comezaron as obras de arranxo dos bancos dos Canap\u00e9s, na zona do Xard\u00edn, e dun treito das beirarr\u00faas das vivendas Francisco Iglesias. A actuaci\u00f3n nesa zona contempla tam\u00e9n a plantaci\u00f3n de \u00e1rbores na Avenida de Am\u00e9rica, entre a r\u00faa Francisco Lanza e a gasolineira.<br \/>\n<\/em><\/p>\n<p><em>O alcalde ribadense, Fernando Su\u00e1rez, anunciou que &#8220;no d\u00eda de hoxe estamos dando comezo a unhas pequenas, pero importantes, obras de humanizaci\u00f3n no entorno da entrada da vila como \u00e9 o barrio do Xard\u00edn, concretamente como \u00e9 a Avenida de Am\u00e9rica&#8221;.<br \/>\n<\/em><\/p>\n<p><em>O rexedor explicou que &#8220;imos facer varias actuaci\u00f3ns, unha delas vai ser o remozado e a mellora dos Canap\u00e9s, destes bancos tan singulares deste barrio que levan tantos anos a\u00ed, e que lles imos dar unha mellora coa eliminaci\u00f3n de varias fendas que te\u00f1en e un pintado de todos eles, dado que est\u00e1n sendo moi utilizados desde sempre, especialmente por xente maior que nas tardes de sol acode al\u00ed con moita frecuencia&#8221;.<br \/>\n<\/em><\/p>\n<p><em>Fernando Su\u00e1rez engadiu que &#8220;imos cambiar a pavimentaci\u00f3n da beirarr\u00faa diante das vivendas das casas baratas, concretamente na Avenida de Am\u00e9rica, que era un treito que faltaba por cambiar, que est\u00e1 moi deteriorado e que o d\u00eda menos pensado temos alg\u00fan problema con algunha ca\u00edda porque est\u00e1 totalmente rota e desde hai decenios non se lle toca&#8221;.<br \/>\n<\/em><\/p>\n<p><em>O alcalde dixo que &#8220;tam\u00e9n continuaremos coa plantaci\u00f3n de \u00e1rbores na parte da Avenida de Am\u00e9rica que non os ten, entre a r\u00faa Francisco Lanza e a gasolineira de O Xard\u00edn. Estas pequenas actuaci\u00f3ns v\u00e9\u00f1ense sumar \u00e1s que levamos facendo no grupo Francisco Iglesias e no nese entorno desde hai unhas poucas semanas, e tam\u00e9n van ser continuadas, a principios xa do ano que ven, con esta importante actuaci\u00f3n da humanizaci\u00f3n da Avenida da R\u00eda de Ribadeo, entre a gasolineira de O Xard\u00edn e a rotonda de Dompi\u00f1or&#8221;.<br \/>\n<\/em><\/p>\n<p><em>Su\u00e1rez Barcia manifestou que &#8220;son unha serie de obras, neste caso con fondos propios e un orzamento de 12.000 euros e un prazo dun mes aproximadamente, pero que van ser o pr\u00f3logo destas outras que a inicios do ano que ven faremos en toda esta avenida da R\u00eda de Ribadeo&#8221;<\/em>.<\/p>\n<p>&nbsp;&#8221;<\/p>\n<p>O anterior vai acompa\u00f1ado cunha foto tomada dende a r\u00faa que circunda o grupo Francisco Iglesias:<\/p>\n<p><a href=\"https:\/\/blogger.googleusercontent.com\/img\/b\/R29vZ2xl\/AVvXsEhv75JvwCFAMLU61Fs9Alc8ttn4uUwdsghExRMnI5FdlkghJlNhdtvfnPPmxnspaVmfycUCKpWzfetChg9pN842aEcbE6FGu467sfKf_Lj_d0Rp1dicQI6q00MoiaQxxy0auO3neA\/s2048\/Foto_obras_aceras_Francisco_Iglesias_-_copia.jpg\" imageanchor=\"1\" style=\"margin-left: 1em; margin-right: 1em;\"><img decoding=\"async\" src=\"https:\/\/blogger.googleusercontent.com\/img\/b\/R29vZ2xl\/AVvXsEhv75JvwCFAMLU61Fs9Alc8ttn4uUwdsghExRMnI5FdlkghJlNhdtvfnPPmxnspaVmfycUCKpWzfetChg9pN842aEcbE6FGu467sfKf_Lj_d0Rp1dicQI6q00MoiaQxxy0auO3neA\/s2048\/Foto_obras_aceras_Francisco_Iglesias_-_copia.jpg\" \/><\/a><\/p>\n<p>Qu\u00e9dame unha d\u00fabida: a eliminaci\u00f3n da fenda nos canap\u00e9s (<a href=\"http:\/\/ribadeando.blogspot.com.es\/2016\/04\/o-combate-dos-canapes.html\">visible perfectamente nas referencias do ano pasado<\/a>) supo\u00f1er\u00e1 a eliminaci\u00f3n da \u00e1rbore? Porque, en caso contrario, a fenda voltar\u00e1 a medrar.<\/p>\n<p>&nbsp;A referencia que se fai a obras o pr\u00f3ximo ano foi tratada no orzamento&nbsp; presentado <a href=\"http:\/\/ribadeando.blogspot.com.es\/2017\/11\/un-pleno-pode-ser-divertido.html\">o pleno pasado<\/a>, no que se falou dunha adicaci\u00f3n de 600 000 \u20ac para obras en infrastruturas, inclu\u00edndo estas da Avda. de Am\u00e9rica, da que se pretende &#8216;unha reforma integral&#8217; e inclu\u00edr un paso de pe\u00f3ns cara \u00f3 Vilar, coa axuda da Deputaci\u00f3n, e o arranxo da r\u00faa San Roque, en d\u00faas partes, unha dende a capela ata a r\u00faa Vilalba e outra segunda ata a capela da Virxe do Cami\u00f1o (e que xa mereceu unha <a href=\"http:\/\/ribadeando.blogspot.com.es\/2017\/12\/pleno-version-do-concello.html\">nota do concello<\/a>).<\/p>\n<p>Deixo a continuaci\u00f3n sucesivamente un plano de openstreetmap, unha foto a\u00e9rea de sigpac mapa, un plano de Google e d\u00faas fotos (canap\u00e9 sur arriba e norte abaixo) de Google Street View, todos documentos collidos hoxe de internet:<\/p>\n<p><a href=\"https:\/\/blogger.googleusercontent.com\/img\/b\/R29vZ2xl\/AVvXsEh_mmbCxQMqQbRAsSRTDL3vLkebbh32RZ2S-eaIiFLyubIObXGMHkEyqrDPzQxPCsIxD-HHAAp4LgtDIuTgGypwlRQivXmBkRj0rDi30Zv5ElMWh5TBD1G5ZPBdgnGkGeeVCcvmhQ\/s2048\/plano+centrado+nos+canap%25C3%25A9s.jpg\" imageanchor=\"1\" style=\"margin-left: 1em; margin-right: 1em;\"><img decoding=\"async\" src=\"https:\/\/blogger.googleusercontent.com\/img\/b\/R29vZ2xl\/AVvXsEh_mmbCxQMqQbRAsSRTDL3vLkebbh32RZ2S-eaIiFLyubIObXGMHkEyqrDPzQxPCsIxD-HHAAp4LgtDIuTgGypwlRQivXmBkRj0rDi30Zv5ElMWh5TBD1G5ZPBdgnGkGeeVCcvmhQ\/s2048\/plano+centrado+nos+canap%25C3%25A9s.jpg\" \/><\/a><\/p>\n<p><a href=\"https:\/\/blogger.googleusercontent.com\/img\/b\/R29vZ2xl\/AVvXsEhVObVr7dBnLUonXqy7LLJMlTInkidIh89ev6JgzHjsc79vAn7zYN_TbxhB8NtniWW3mWCaP8evjApsHotlJl8sxonB3249rwZ1OeadCfBqVcbeX61ooHvuxB3Btt_8LeZgZuM9Sw\/s2048\/foto+centrada+nos+canap%25C3%25A9s+sigpac.jpg\" imageanchor=\"1\" style=\"margin-left: 1em; margin-right: 1em;\"><img decoding=\"async\" src=\"https:\/\/blogger.googleusercontent.com\/img\/b\/R29vZ2xl\/AVvXsEhVObVr7dBnLUonXqy7LLJMlTInkidIh89ev6JgzHjsc79vAn7zYN_TbxhB8NtniWW3mWCaP8evjApsHotlJl8sxonB3249rwZ1OeadCfBqVcbeX61ooHvuxB3Btt_8LeZgZuM9Sw\/s2048\/foto+centrada+nos+canap%25C3%25A9s+sigpac.jpg\" \/><\/a><\/p>\n<p><a href=\"https:\/\/blogger.googleusercontent.com\/img\/b\/R29vZ2xl\/AVvXsEhmbV-m-leYMvhCUdCAsTmxIoyAnI5OG3ByV_EfTg6aCb0QC34a8upRX3fIkUZAO5WcJ3Xdxtm3bvvxDuBMtH59w00N_sdp-ACkYtcFcwb6WS-KjeRUIZOuCeJadOgSJocfa4A7Ew\/s2048\/plano+centrado+nos+canap%25C3%25A9s+google.jpg\" imageanchor=\"1\" style=\"margin-left: 1em; margin-right: 1em;\"><img decoding=\"async\" src=\"https:\/\/blogger.googleusercontent.com\/img\/b\/R29vZ2xl\/AVvXsEhmbV-m-leYMvhCUdCAsTmxIoyAnI5OG3ByV_EfTg6aCb0QC34a8upRX3fIkUZAO5WcJ3Xdxtm3bvvxDuBMtH59w00N_sdp-ACkYtcFcwb6WS-KjeRUIZOuCeJadOgSJocfa4A7Ew\/s2048\/plano+centrado+nos+canap%25C3%25A9s+google.jpg\" \/><\/a><\/p>\n<p><a href=\"https:\/\/blogger.googleusercontent.com\/img\/b\/R29vZ2xl\/AVvXsEjsPmsCwHHfnysT5_D-1pdIZQr9HIAIMMnlriPZudXT91foB6lvxGf448ul5cXrJuF2A9eXzqKx1mURK9TkZBfDi6lYUeIgGBhoHBVEc9UeSPbAdl7wrIoQR1gowKReZ9aIYsswgg\/s2048\/foto+canap%25C3%25A9s+sur+Google.jpg\" imageanchor=\"1\" style=\"margin-left: 1em; margin-right: 1em;\"><img decoding=\"async\" src=\"https:\/\/blogger.googleusercontent.com\/img\/b\/R29vZ2xl\/AVvXsEjsPmsCwHHfnysT5_D-1pdIZQr9HIAIMMnlriPZudXT91foB6lvxGf448ul5cXrJuF2A9eXzqKx1mURK9TkZBfDi6lYUeIgGBhoHBVEc9UeSPbAdl7wrIoQR1gowKReZ9aIYsswgg\/s2048\/foto+canap%25C3%25A9s+sur+Google.jpg\" \/><\/a><\/p>\n<p><a href=\"https:\/\/blogger.googleusercontent.com\/img\/b\/R29vZ2xl\/AVvXsEjRha-rW7uLy5Q5oeCA5hdZNq2weueAiyQzXDAwe14eAd5w0QDKauufbQPWSXZapj3wIL2f3yvq73-zUghC4nIt3Yw4WHynWQSUiXFXBm1G3gz7efE_0KChcwLdPfIPQ5pbYphfyQ\/s2048\/foto+canap%25C3%25A9s+norte+Google.jpg\" imageanchor=\"1\" style=\"margin-left: 1em; margin-right: 1em;\"><img decoding=\"async\" src=\"https:\/\/blogger.googleusercontent.com\/img\/b\/R29vZ2xl\/AVvXsEjRha-rW7uLy5Q5oeCA5hdZNq2weueAiyQzXDAwe14eAd5w0QDKauufbQPWSXZapj3wIL2f3yvq73-zUghC4nIt3Yw4WHynWQSUiXFXBm1G3gz7efE_0KChcwLdPfIPQ5pbYphfyQ\/s2048\/foto+canap%25C3%25A9s+norte+Google.jpg\" \/><\/a><\/p>\n","protected":false},"excerpt":{"rendered":"<p>O canap\u00e9s chaman a atenci\u00f3n. M\u00e1is \u00f3s que chegan de f\u00f3ra de Ribadeo que \u00f3s propios, Hai tempo adiquei un par de entradas \u00e1 zona. A primeira, al\u00f3 polo 2013, relacionada coas obras do parque infantil que hoxe segue na zona, e onde se pod\u00edan ver en foto aerea as estruturas dos canap\u00e9s. A segunda, [&hellip;]<\/p>\n","protected":false},"author":3,"featured_media":0,"comment_status":"open","ping_status":"closed","sticky":false,"template":"","format":"standard","meta":{"activitypub_content_warning":"","activitypub_content_visibility":"","activitypub_max_image_attachments":3,"activitypub_interaction_policy_quote":"anyone","activitypub_status":"federated","footnotes":""},"categories":[1],"tags":[65,21,42,9],"class_list":["post-5646","post","type-post","status-publish","format-standard","hentry","category-sen-categoria","tag-arquitectura","tag-economia","tag-plenos","tag-sociedade"],"_links":{"self":[{"href":"https:\/\/blogs.amarinha.gal\/ribadeando\/wp-json\/wp\/v2\/posts\/5646","targetHints":{"allow":["GET"]}}],"collection":[{"href":"https:\/\/blogs.amarinha.gal\/ribadeando\/wp-json\/wp\/v2\/posts"}],"about":[{"href":"https:\/\/blogs.amarinha.gal\/ribadeando\/wp-json\/wp\/v2\/types\/post"}],"author":[{"embeddable":true,"href":"https:\/\/blogs.amarinha.gal\/ribadeando\/wp-json\/wp\/v2\/users\/3"}],"replies":[{"embeddable":true,"href":"https:\/\/blogs.amarinha.gal\/ribadeando\/wp-json\/wp\/v2\/comments?post=5646"}],"version-history":[{"count":0,"href":"https:\/\/blogs.amarinha.gal\/ribadeando\/wp-json\/wp\/v2\/posts\/5646\/revisions"}],"wp:attachment":[{"href":"https:\/\/blogs.amarinha.gal\/ribadeando\/wp-json\/wp\/v2\/media?parent=5646"}],"wp:term":[{"taxonomy":"category","embeddable":true,"href":"https:\/\/blogs.amarinha.gal\/ribadeando\/wp-json\/wp\/v2\/categories?post=5646"},{"taxonomy":"post_tag","embeddable":true,"href":"https:\/\/blogs.amarinha.gal\/ribadeando\/wp-json\/wp\/v2\/tags?post=5646"}],"curies":[{"name":"wp","href":"https:\/\/api.w.org\/{rel}","templated":true}]}}