{"id":5633,"date":"2017-12-14T08:03:00","date_gmt":"2017-12-14T07:03:00","guid":{"rendered":""},"modified":"2024-11-12T13:31:15","modified_gmt":"2024-11-12T12:31:15","slug":"acoso","status":"publish","type":"post","link":"https:\/\/blogs.amarinha.gal\/ribadeando\/2017\/12\/14\/acoso\/","title":{"rendered":"Acoso"},"content":{"rendered":"<p><iframe loading=\"lazy\" frameborder=\"no\" height=\"300\" scrolling=\"no\" src=\"https:\/\/w.soundcloud.com\/player\/?url=https%3A\/\/api.soundcloud.com\/tracks\/369335948&amp;color=%23ff5500&amp;auto_play=false&amp;hide_related=false&amp;show_comments=true&amp;show_user=true&amp;show_reposts=false&amp;show_teaser=true&amp;visual=true\" width=\"100%\"><\/iframe><\/p>\n<p>Acoso? O problema medra se non hai un traballo para solucionalo. Traballo entre todos, social. Traballo que comeza na escola, con intervenci\u00f3n temper\u00e1. Traballo que pode minimizar as secuelas&#8230;<\/p>\n<p>Desto e de moitas m\u00e1is cousas relacionadas falaron onte os especialistas que interviron na mesa redonda sobre acoso escolar. O audio comeza despois de falar Sonia Meil\u00e1n, a Concelleira de Servicios Sociais, coas verbas de M\u00f3nica Fern\u00e1ndez Lamparte, e continu\u00faa con Olga Alvite e Octavio Susacasa, que fixeron unha descrici\u00f3n formal, e os expertos da Guardia Civil (a partir do minuto 47) Fernando Villar e Ram\u00f3n Pe\u00f1a, cun achegamento \u00f3 problema moito m\u00e1is pr\u00e1ctico e achegado \u00e1 realidade.<\/p>\n<p>Coido que \u00e9 unha mesa redonda dif\u00edcil de resumir sen acoder a estereotipos, por iso deixo o audio tal cual. O son non \u00e9 demasiado bo, pero con tranquilidade, desfrutar\u00e1s dunha charla que \u00e9 bastante posible que te ter\u00eda gustado escoitar. <\/p>\n<p><a href=\"https:\/\/blogger.googleusercontent.com\/img\/b\/R29vZ2xl\/AVvXsEjF_PbkFjjzRZj4fZISXLUokqs1-KoGC5xgzSsvZPjhs-b4g2bNK_BqbDqA_P-iDy6QWljHMEmk4omqFaTbUmeZJBfQQKuAMJcp0n2lwyDqwBvS3IhI0hSOJ_Q-YnLsDmiL-XIIRA\/s2048\/acoso+escolar.jpg\" imageanchor=\"1\" style=\"margin-left: 1em; margin-right: 1em;\"><img decoding=\"async\" src=\"https:\/\/blogger.googleusercontent.com\/img\/b\/R29vZ2xl\/AVvXsEjF_PbkFjjzRZj4fZISXLUokqs1-KoGC5xgzSsvZPjhs-b4g2bNK_BqbDqA_P-iDy6QWljHMEmk4omqFaTbUmeZJBfQQKuAMJcp0n2lwyDqwBvS3IhI0hSOJ_Q-YnLsDmiL-XIIRA\/s2048\/acoso+escolar.jpg\" \/><\/a><\/p>\n<p><a href=\"https:\/\/blogger.googleusercontent.com\/img\/b\/R29vZ2xl\/AVvXsEi4wUn_M0hzt4m3awUUrwXtSTXln_hA-LI2gdu80bIn911BGc4GuXo6ns-D7LVxCrseGt6p1S6rQBaJnTyJxSBbFz7VuvwGNhgQBpQY68mhn84xKga9vrXcekG-8QO8ZnWehhwong\/s2048\/Acoso+escolar.jpg\" imageanchor=\"1\" style=\"margin-left: 1em; margin-right: 1em;\"><img decoding=\"async\" src=\"https:\/\/blogger.googleusercontent.com\/img\/b\/R29vZ2xl\/AVvXsEi4wUn_M0hzt4m3awUUrwXtSTXln_hA-LI2gdu80bIn911BGc4GuXo6ns-D7LVxCrseGt6p1S6rQBaJnTyJxSBbFz7VuvwGNhgQBpQY68mhn84xKga9vrXcekG-8QO8ZnWehhwong\/s2048\/Acoso+escolar.jpg\" \/><\/a><\/p>\n","protected":false},"excerpt":{"rendered":"<p>Acoso? O problema medra se non hai un traballo para solucionalo. Traballo entre todos, social. Traballo que comeza na escola, con intervenci\u00f3n temper\u00e1. Traballo que pode minimizar as secuelas&#8230; Desto e de moitas m\u00e1is cousas relacionadas falaron onte os especialistas que interviron na mesa redonda sobre acoso escolar. O audio comeza despois de falar Sonia [&hellip;]<\/p>\n","protected":false},"author":3,"featured_media":0,"comment_status":"open","ping_status":"closed","sticky":false,"template":"","format":"standard","meta":{"activitypub_content_warning":"","activitypub_content_visibility":"","activitypub_max_image_attachments":3,"activitypub_interaction_policy_quote":"anyone","activitypub_status":"federated","footnotes":""},"categories":[1],"tags":[9],"class_list":["post-5633","post","type-post","status-publish","format-standard","hentry","category-sen-categoria","tag-sociedade"],"_links":{"self":[{"href":"https:\/\/blogs.amarinha.gal\/ribadeando\/wp-json\/wp\/v2\/posts\/5633","targetHints":{"allow":["GET"]}}],"collection":[{"href":"https:\/\/blogs.amarinha.gal\/ribadeando\/wp-json\/wp\/v2\/posts"}],"about":[{"href":"https:\/\/blogs.amarinha.gal\/ribadeando\/wp-json\/wp\/v2\/types\/post"}],"author":[{"embeddable":true,"href":"https:\/\/blogs.amarinha.gal\/ribadeando\/wp-json\/wp\/v2\/users\/3"}],"replies":[{"embeddable":true,"href":"https:\/\/blogs.amarinha.gal\/ribadeando\/wp-json\/wp\/v2\/comments?post=5633"}],"version-history":[{"count":0,"href":"https:\/\/blogs.amarinha.gal\/ribadeando\/wp-json\/wp\/v2\/posts\/5633\/revisions"}],"wp:attachment":[{"href":"https:\/\/blogs.amarinha.gal\/ribadeando\/wp-json\/wp\/v2\/media?parent=5633"}],"wp:term":[{"taxonomy":"category","embeddable":true,"href":"https:\/\/blogs.amarinha.gal\/ribadeando\/wp-json\/wp\/v2\/categories?post=5633"},{"taxonomy":"post_tag","embeddable":true,"href":"https:\/\/blogs.amarinha.gal\/ribadeando\/wp-json\/wp\/v2\/tags?post=5633"}],"curies":[{"name":"wp","href":"https:\/\/api.w.org\/{rel}","templated":true}]}}