{"id":5628,"date":"2017-12-19T07:56:00","date_gmt":"2017-12-19T06:56:00","guid":{"rendered":""},"modified":"2024-11-12T13:31:08","modified_gmt":"2024-11-12T12:31:08","slug":"achegandonos-autovia-con-unanimidade","status":"publish","type":"post","link":"https:\/\/blogs.amarinha.gal\/ribadeando\/2017\/12\/19\/achegandonos-autovia-con-unanimidade\/","title":{"rendered":"Acheg\u00e1ndonos \u00e1 autov\u00eda con unanimidade"},"content":{"rendered":"<table align=\"center\" cellpadding=\"0\" cellspacing=\"0\" class=\"tr-caption-container\" style=\"margin-left: auto; margin-right: auto; text-align: center;\">\n<tbody>\n<tr>\n<td style=\"text-align: center;\"><a href=\"https:\/\/blogger.googleusercontent.com\/img\/b\/R29vZ2xl\/AVvXsEiYIS3tZAHQWGb2Pnu7n-4W9EjK6fPbOEy6wylsTxqI3iakg7Tqthcj5wt8y2uVn_bp7a1SVZCAarKHLt6RbrWpEzEJNx8Nk39AOITelWmpynuOmbh-vaVADQQZFPEHBkX45BP8cA\/s2048\/zona+novo+novo+acceso.jpg\" imageanchor=\"1\" style=\"margin-left: auto; margin-right: auto;\"><img decoding=\"async\" src=\"https:\/\/blogger.googleusercontent.com\/img\/b\/R29vZ2xl\/AVvXsEiYIS3tZAHQWGb2Pnu7n-4W9EjK6fPbOEy6wylsTxqI3iakg7Tqthcj5wt8y2uVn_bp7a1SVZCAarKHLt6RbrWpEzEJNx8Nk39AOITelWmpynuOmbh-vaVADQQZFPEHBkX45BP8cA\/s2048\/zona+novo+novo+acceso.jpg\" \/><\/a><\/td>\n<\/tr>\n<tr>\n<td class=\"tr-caption\" style=\"text-align: center;\">O que se pretende<\/td>\n<\/tr>\n<\/tbody>\n<\/table>\n<table align=\"center\" cellpadding=\"0\" cellspacing=\"0\" class=\"tr-caption-container\" style=\"margin-left: auto; margin-right: auto; text-align: center;\">\n<tbody>\n<tr>\n<td style=\"text-align: center;\"><a href=\"https:\/\/blogger.googleusercontent.com\/img\/b\/R29vZ2xl\/AVvXsEiJuE7H8l49YgPwLVlODpoLrlzyIQLt_9ScyDxl7_UYBIFpD7J7ljOzGlDYW5hbwmIHv4Uykz8s03Wl5cse9tQ2C2jAzQbPN3sSBwCDTAt5nYcwP9UuGF2rw8TqLwZVAi6vQ2eZkw\/s2048\/zona+novo+acceso.jpg\" imageanchor=\"1\" style=\"margin-left: auto; margin-right: auto;\"><img decoding=\"async\" src=\"https:\/\/blogger.googleusercontent.com\/img\/b\/R29vZ2xl\/AVvXsEiJuE7H8l49YgPwLVlODpoLrlzyIQLt_9ScyDxl7_UYBIFpD7J7ljOzGlDYW5hbwmIHv4Uykz8s03Wl5cse9tQ2C2jAzQbPN3sSBwCDTAt5nYcwP9UuGF2rw8TqLwZVAi6vQ2eZkw\/s2048\/zona+novo+acceso.jpg\" \/><\/a><\/td>\n<\/tr>\n<tr>\n<td class=\"tr-caption\" style=\"text-align: center;\"><a href=\"http:\/\/www.planeamentourbanistico.xunta.es\/siotuga\/documentos\/urbanismo\/RIBADEO\/documents\/27886eo006.JPG\">Plano do PXOM actual<\/a>, centrado na zona do novo acceso pretendido.<\/td>\n<\/tr>\n<\/tbody>\n<\/table>\n<p>O achegamento de Ribadeo \u00e1 autov\u00eda \u00e9 desexable. As\u00ed o ven os grupos pol\u00edticos en conxunto. Queda moito para abrir o acceso \u00e1s rotondas de Vilasel\u00e1n vindo de Galicia, pero esa \u00e9 parte da idea, cara a un futuro non moi lonxano como aparece na nota de prensa do concello. Polo momento, pret\u00e9ndese facilitar o acceso a Ribadeo dende a <a href=\"http:\/\/ribadeando.blogspot.com.es\/2016\/01\/a-ruta-do-ferrocarril-de-vilaoudriz.html\">estaci\u00f3n do tren de Vilaoudriz<\/a>, desenvolvendo o PXOM nunha zona de terreos sen casas, pero que limita con outra abandoada.<\/p>\n<p>A <a href=\"http:\/\/ribadeo.gal\/actualidade\/nova.php?id=2618&amp;lg=gal\">nota de prensa do concello<\/a>:<\/p>\n<p><a href=\"https:\/\/blogger.googleusercontent.com\/img\/b\/R29vZ2xl\/AVvXsEj3MvfHEebbRRWzyPbrrYrrp8OLcaHJ81F3G6Yh43wPg1tYfXq8Lf-ygJak6m0tJJUblejC8AZnpaO_XXTRlwds9ohA6FzRc3qKly0k3cKX35ESmAQ2VyjEP2sf0r16yyC0SL5Q8g\/s2048\/Foto_novo_viario_Ribadeo.jpg\" imageanchor=\"1\" style=\"margin-left: 1em; margin-right: 1em;\"><img decoding=\"async\" src=\"https:\/\/blogger.googleusercontent.com\/img\/b\/R29vZ2xl\/AVvXsEj3MvfHEebbRRWzyPbrrYrrp8OLcaHJ81F3G6Yh43wPg1tYfXq8Lf-ygJak6m0tJJUblejC8AZnpaO_XXTRlwds9ohA6FzRc3qKly0k3cKX35ESmAQ2VyjEP2sf0r16yyC0SL5Q8g\/s2048\/Foto_novo_viario_Ribadeo.jpg\" \/><\/a><\/p>\n<p><em>O ASUNTO DEBATERASE EN PLENO EXTRAORDINARIO ESTE MARTES<\/em><\/p>\n<p><em>Novo viario<\/em><\/p>\n<p><em>18\/12\/2017<\/em><\/p>\n<p><em>O Concello traballa na redacci\u00f3n dun novo proxecto para a creaci\u00f3n dun viario que comunicar\u00e1 a rotonda da A-8 en Vilasel\u00e1n coa avenida Rafael Fern\u00e1ndez Cardoso. Este asunto conta co apoio de todos os grupos pol\u00edticos. O alcalde, Fernando Su\u00e1rez, dixo que o obxectivo \u00e9 aprobalo e sometelo a informaci\u00f3n p\u00fablica.<br \/>\n<\/em><\/p>\n<p><em>O rexedor ribadense manifestou: &#8220;cabe destacar unha vez m\u00e1is a importancia de que un Concello poida ter un plan xeral de ordenaci\u00f3n municipal vixente de acordo coas leis estatais e auton\u00f3micas, e de a\u00ed que estamos desenvolvendo pasi\u00f1o a pasi\u00f1o, aspectos fundamentais para o futuro de Ribadeo, non para o futuro dentro de trinta anos sen\u00f3n para o futuro m\u00e1is ou menos inmediato&#8221;.<br \/>\n<\/em><\/p>\n<p><em>Fernando Su\u00e1rez declarou que &#8220;levamos m\u00e1is dun ano traballando na redacci\u00f3n dun proxecto de creaci\u00f3n dun novo viario en Ribadeo que comunicar\u00e1 a rotonda da A-8 en Vilasel\u00e1n coa avenida Rafael Fern\u00e1ndez Cardoso. Ser\u00e1 a trav\u00e9s dun novo viario e cunha nova rotonda a situar xusto a car\u00f3n da antiga estaci\u00f3n do tren mineiro&#8221;.<br \/>\n<\/em><\/p>\n<p><em>O alcalde comentou que &#8220;\u00e9 un proxecto que deber\u00edan desenvolver os propietarios desa bolsa de solo, que son d\u00faas categor\u00edas de solo por unha banda solo non consolidado e pola outra solo urbanizable. Pero o Concello quere anticipar a execuci\u00f3n deste viario, deste sistema xeral b\u00e1sico, por interese p\u00fablico. Isto \u00e9 as\u00ed porque quizais os propietarios desas bolsas de solo non te\u00f1an interese nestes anos actuais ou nos vindeiros. De a\u00ed que o Concello, por interese p\u00fablico, pode subrogarse esa obriga, e pode iniciar a execuci\u00f3n ou executar o viario, sen prexu\u00edzo de que o que poida investir o Concello, hai que ter en conta que a obra se aproxima aos 500.000 euros e a previsi\u00f3n de expropiaci\u00f3ns aos 200.000 euros, sexa posteriormente reintegrado ao Concello polos propietarios deses dous pol\u00edgonos urban\u00edsticos&#8221;. O orzamento total (licitaci\u00f3n, expropiaci\u00f3ns, seguimento e control ambiental e IVE) ascende a 764.000 euros.<br \/>\n<\/em><\/p>\n<p><em>Su\u00e1rez Barcia explicou que &#8220;isto foi tratado a semana pasada nunha comisi\u00f3n informativa, que te\u00f1o que dicir que contou co apoio un\u00e1nime de todos os grupos da Corporaci\u00f3n, o cal \u00e9 boa cousa porque o urbanismo en Ribadeo sempre o tratamos de maneira un\u00e1nime entre todos, e a\u00ed est\u00e1 amosando d\u00eda a d\u00eda toda esa potencia. Nas Catedrais, para o conxunto hist\u00f3rico e para diferentes solos que antes estaban sen uso e que se lles pode dar un uso racional e con beneficio para o interese xeral&#8221;.<br \/>\n<\/em><\/p>\n<p><em>O rexedor engadiu que &#8220;queremos agora aprobar inicialmente este proxecto, sometelo a informaci\u00f3n p\u00fablica para que todo o mundo, os cidad\u00e1ns en xeral e os posibles propietarios en particular, poidan ver de primeira man cal \u00e9 a nosa pretensi\u00f3n, poidan alegar o que estimen conveniente, para que poidan incluso anticipar os terreos afectados ao Concello, a fin de que no seu momento no reparto de cargas e beneficios xa te\u00f1an saldado todo isto&#8221;.<br \/>\n<\/em><\/p>\n<p><em>Fernando Su\u00e1rez subli\u00f1ou que &#8220;queremos sobre todo dar unha participaci\u00f3n p\u00fablica porque me parece moi importante para o futuro de Ribadeo, pero para o futuro inmediato nestes anos vindeiros, a posibilidade de que algu\u00e9n desde autov\u00eda poida acceder a Ribadeo sen ter que usar sempre necesariamente a avenida da R\u00eda de Ribadeo, que \u00e9 o \u00fanico enlace practicamente que temos da autov\u00eda. \u00c9 importante que Ribadeo poida ter polo tanto estes dous enlaces, estes dous accesos, e ao mesmo tempo desenvolver unha zona que a d\u00eda de hoxe est\u00e1 bastante esquecida, no que ten que ver coa traseira da estaci\u00f3n vella do tren mineiro de Ribadeo a Vilaodriz&#8221;<\/em>.<\/p>\n<table align=\"center\" cellpadding=\"0\" cellspacing=\"0\" class=\"tr-caption-container\" style=\"margin-left: auto; margin-right: auto; text-align: center;\">\n<tbody>\n<tr>\n<td style=\"text-align: center;\"><a href=\"https:\/\/blogger.googleusercontent.com\/img\/b\/R29vZ2xl\/AVvXsEgu46dgkskn__CfaPOqrswG8jcLEo-tFIl4qTPHgB-dy35BTG-CT3vLJJzHBtSgQaYIZR3UTZxlFS8KgRz6aDEISMraZMnMl0ANB8F7BZN_4cosKY2YEw6L99OvI6dQSFyO6SsHnA\/s2048\/estaci%25C3%25B3n+Ribadeo_20160120+de+preto.jpg\" imageanchor=\"1\" style=\"margin-left: auto; margin-right: auto;\"><img loading=\"lazy\" decoding=\"async\" height=\"480\" src=\"https:\/\/blogger.googleusercontent.com\/img\/b\/R29vZ2xl\/AVvXsEgu46dgkskn__CfaPOqrswG8jcLEo-tFIl4qTPHgB-dy35BTG-CT3vLJJzHBtSgQaYIZR3UTZxlFS8KgRz6aDEISMraZMnMl0ANB8F7BZN_4cosKY2YEw6L99OvI6dQSFyO6SsHnA\/s2048\/estaci%25C3%25B3n+Ribadeo_20160120+de+preto.jpg\" width=\"640\" \/><\/a><\/td>\n<\/tr>\n<tr>\n<td class=\"tr-caption\" style=\"text-align: center;\">A estaci\u00f3n do tren de Vilaoudriz,nunha imaxe de hai dous anos <\/td>\n<\/tr>\n<\/tbody>\n<\/table>\n","protected":false},"excerpt":{"rendered":"<p>O que se pretende Plano do PXOM actual, centrado na zona do novo acceso pretendido. O achegamento de Ribadeo \u00e1 autov\u00eda \u00e9 desexable. As\u00ed o ven os grupos pol\u00edticos en conxunto. Queda moito para abrir o acceso \u00e1s rotondas de Vilasel\u00e1n vindo de Galicia, pero esa \u00e9 parte da idea, cara a un futuro non [&hellip;]<\/p>\n","protected":false},"author":3,"featured_media":0,"comment_status":"open","ping_status":"closed","sticky":false,"template":"","format":"standard","meta":{"activitypub_content_warning":"","activitypub_content_visibility":"","activitypub_max_image_attachments":3,"activitypub_interaction_policy_quote":"anyone","activitypub_status":"federated","footnotes":""},"categories":[1],"tags":[65,42],"class_list":["post-5628","post","type-post","status-publish","format-standard","hentry","category-sen-categoria","tag-arquitectura","tag-plenos"],"_links":{"self":[{"href":"https:\/\/blogs.amarinha.gal\/ribadeando\/wp-json\/wp\/v2\/posts\/5628","targetHints":{"allow":["GET"]}}],"collection":[{"href":"https:\/\/blogs.amarinha.gal\/ribadeando\/wp-json\/wp\/v2\/posts"}],"about":[{"href":"https:\/\/blogs.amarinha.gal\/ribadeando\/wp-json\/wp\/v2\/types\/post"}],"author":[{"embeddable":true,"href":"https:\/\/blogs.amarinha.gal\/ribadeando\/wp-json\/wp\/v2\/users\/3"}],"replies":[{"embeddable":true,"href":"https:\/\/blogs.amarinha.gal\/ribadeando\/wp-json\/wp\/v2\/comments?post=5628"}],"version-history":[{"count":0,"href":"https:\/\/blogs.amarinha.gal\/ribadeando\/wp-json\/wp\/v2\/posts\/5628\/revisions"}],"wp:attachment":[{"href":"https:\/\/blogs.amarinha.gal\/ribadeando\/wp-json\/wp\/v2\/media?parent=5628"}],"wp:term":[{"taxonomy":"category","embeddable":true,"href":"https:\/\/blogs.amarinha.gal\/ribadeando\/wp-json\/wp\/v2\/categories?post=5628"},{"taxonomy":"post_tag","embeddable":true,"href":"https:\/\/blogs.amarinha.gal\/ribadeando\/wp-json\/wp\/v2\/tags?post=5628"}],"curies":[{"name":"wp","href":"https:\/\/api.w.org\/{rel}","templated":true}]}}