{"id":5622,"date":"2017-12-23T16:53:00","date_gmt":"2017-12-23T15:53:00","guid":{"rendered":""},"modified":"2024-11-12T13:30:57","modified_gmt":"2024-11-12T12:30:57","slug":"sal-no-camino-das-aceas","status":"publish","type":"post","link":"https:\/\/blogs.amarinha.gal\/ribadeando\/2017\/12\/23\/sal-no-camino-das-aceas\/","title":{"rendered":"Sal no cami\u00f1o das Aceas"},"content":{"rendered":"<p>Hoxe sorprendeume o ver sal estrada polas t\u00e1boas de madeira do cami\u00f1o das aceas que ahi subindo dende a Vilavella \u00f3 Costal, Pola apariencia, tivo que ser botada como cedo, xoves. Imaxino que o que se procura \u00e9 evitar o esvarar dos cami\u00f1antes, que nesa zona segue a ser perigoso a pesar de que este inverno non hai \u00e1rbores para facer sombra e deixar as s\u00faas follas facer unha capa deslizante. Os seus efectos? Supo\u00f1o que ser\u00edan estudados. O sal \u00e9 <a href=\"https:\/\/es.wikipedia.org\/wiki\/Higroscopia\">higrosc\u00f3pico<\/a> (ver os grumos de sal con auga que se forman nos salgueiros, impedindo moitas veces que saia polos furados de servizo), facilitando a s\u00faa diseminaci\u00f3n que a auga non quede na superficie da madeira, coa criaci\u00f3n dunha lamela de humidade e microorganismos que facilitan o esvaramento.<\/p>\n<p><a href=\"https:\/\/blogger.googleusercontent.com\/img\/b\/R29vZ2xl\/AVvXsEj0xnqj1y11SpkdcSaLmBT-KKPyNxaZUFDCcAdWxO0qDQE1FUEaR48cxsbO-50hCJD_P6vj1e_sja3jB_us_1wRoRlHIMwCbjw_CuV84HZm37ptQAg_1JSgalsCfE0ihXCI7vl7xw\/s2048\/Sal+cami%25C3%25B1o+das+Aceas+1.jpg\" imageanchor=\"1\" style=\"margin-left: 1em; margin-right: 1em;\"><img decoding=\"async\" src=\"https:\/\/blogger.googleusercontent.com\/img\/b\/R29vZ2xl\/AVvXsEj0xnqj1y11SpkdcSaLmBT-KKPyNxaZUFDCcAdWxO0qDQE1FUEaR48cxsbO-50hCJD_P6vj1e_sja3jB_us_1wRoRlHIMwCbjw_CuV84HZm37ptQAg_1JSgalsCfE0ihXCI7vl7xw\/s2048\/Sal+cami%25C3%25B1o+das+Aceas+1.jpg\" \/><\/a><\/p>\n<p><a href=\"https:\/\/blogger.googleusercontent.com\/img\/b\/R29vZ2xl\/AVvXsEjLTz_M-Zsg5lZi_FMASujSXNA3oP-prk99nVqoTBMU2xuNd8WJeh5XyEuqmfsgD7syP7EjvoYNw5EKRklDEg8Sj7C5o4SrjqSTReqY8i_Bp87izDInBeqmcANicvRn5pbvnLpt8w\/s2048\/Sal+cami%25C3%25B1o+das+Aceas+2.jpg\" imageanchor=\"1\" style=\"margin-left: 1em; margin-right: 1em;\"><img decoding=\"async\" src=\"https:\/\/blogger.googleusercontent.com\/img\/b\/R29vZ2xl\/AVvXsEjLTz_M-Zsg5lZi_FMASujSXNA3oP-prk99nVqoTBMU2xuNd8WJeh5XyEuqmfsgD7syP7EjvoYNw5EKRklDEg8Sj7C5o4SrjqSTReqY8i_Bp87izDInBeqmcANicvRn5pbvnLpt8w\/s2048\/Sal+cami%25C3%25B1o+das+Aceas+2.jpg\" \/><\/a><\/p>\n<p><a href=\"https:\/\/blogger.googleusercontent.com\/img\/b\/R29vZ2xl\/AVvXsEiXg3MoFavt5RVDZmSiF8TwZcfvpkmCTPJHgFx2_jNfisYCO1344kxe8hTDNld42vd_u1O2QxcPZc9XMck2aczOZeTYPwgkTPDNiAPntGQW66Q17H-p1H3i__uGIHrzp8o4EtFZEQ\/s2048\/Sal+cami%25C3%25B1o+das+Aceas+3.jpg\" imageanchor=\"1\" style=\"margin-left: 1em; margin-right: 1em;\"><img decoding=\"async\" src=\"https:\/\/blogger.googleusercontent.com\/img\/b\/R29vZ2xl\/AVvXsEiXg3MoFavt5RVDZmSiF8TwZcfvpkmCTPJHgFx2_jNfisYCO1344kxe8hTDNld42vd_u1O2QxcPZc9XMck2aczOZeTYPwgkTPDNiAPntGQW66Q17H-p1H3i__uGIHrzp8o4EtFZEQ\/s2048\/Sal+cami%25C3%25B1o+das+Aceas+3.jpg\" \/><\/a><\/p>\n","protected":false},"excerpt":{"rendered":"<p>Hoxe sorprendeume o ver sal estrada polas t\u00e1boas de madeira do cami\u00f1o das aceas que ahi subindo dende a Vilavella \u00f3 Costal, Pola apariencia, tivo que ser botada como cedo, xoves. Imaxino que o que se procura \u00e9 evitar o esvarar dos cami\u00f1antes, que nesa zona segue a ser perigoso a pesar de que este [&hellip;]<\/p>\n","protected":false},"author":3,"featured_media":0,"comment_status":"open","ping_status":"closed","sticky":false,"template":"","format":"standard","meta":{"activitypub_content_warning":"","activitypub_content_visibility":"","activitypub_max_image_attachments":3,"activitypub_interaction_policy_quote":"anyone","activitypub_status":"federated","footnotes":""},"categories":[1],"tags":[9],"class_list":["post-5622","post","type-post","status-publish","format-standard","hentry","category-sen-categoria","tag-sociedade"],"_links":{"self":[{"href":"https:\/\/blogs.amarinha.gal\/ribadeando\/wp-json\/wp\/v2\/posts\/5622","targetHints":{"allow":["GET"]}}],"collection":[{"href":"https:\/\/blogs.amarinha.gal\/ribadeando\/wp-json\/wp\/v2\/posts"}],"about":[{"href":"https:\/\/blogs.amarinha.gal\/ribadeando\/wp-json\/wp\/v2\/types\/post"}],"author":[{"embeddable":true,"href":"https:\/\/blogs.amarinha.gal\/ribadeando\/wp-json\/wp\/v2\/users\/3"}],"replies":[{"embeddable":true,"href":"https:\/\/blogs.amarinha.gal\/ribadeando\/wp-json\/wp\/v2\/comments?post=5622"}],"version-history":[{"count":0,"href":"https:\/\/blogs.amarinha.gal\/ribadeando\/wp-json\/wp\/v2\/posts\/5622\/revisions"}],"wp:attachment":[{"href":"https:\/\/blogs.amarinha.gal\/ribadeando\/wp-json\/wp\/v2\/media?parent=5622"}],"wp:term":[{"taxonomy":"category","embeddable":true,"href":"https:\/\/blogs.amarinha.gal\/ribadeando\/wp-json\/wp\/v2\/categories?post=5622"},{"taxonomy":"post_tag","embeddable":true,"href":"https:\/\/blogs.amarinha.gal\/ribadeando\/wp-json\/wp\/v2\/tags?post=5622"}],"curies":[{"name":"wp","href":"https:\/\/api.w.org\/{rel}","templated":true}]}}