{"id":5620,"date":"2017-12-27T13:58:00","date_gmt":"2017-12-27T12:58:00","guid":{"rendered":""},"modified":"2024-11-12T13:30:48","modified_gmt":"2024-11-12T12:30:48","slug":"musica-para-festa","status":"publish","type":"post","link":"https:\/\/blogs.amarinha.gal\/ribadeando\/2017\/12\/27\/musica-para-festa\/","title":{"rendered":"M\u00fasica para a festa"},"content":{"rendered":"<p>Hai xa moitos anos, 25, que baixo a batuta de Hern\u00e1n Naval comezou a serie de concertos de Nadal\/ano novo\/como aqu\u00ed, nin en Viena\/aqu\u00ed, como en Viena. Neste 2017, a cousa pres\u00e9ntase as\u00ed:<\/p>\n<p><a href=\"https:\/\/blogger.googleusercontent.com\/img\/b\/R29vZ2xl\/AVvXsEgDDHtrxEPaqqn1u3s-KqdeOSqC5zgYNiKlU600zkHsO0gZ2vNGvPmJbeCjudt93GC0AGThQB1yddQBDU30zu8DHGdhFiCGxMaWfxLdicz-HQ6fKBrNceeKWF-Lj8Xjo0G31RRXug\/s2048\/Aqu%25C3%25AD+como+en+Viena+2017.jpg\" imageanchor=\"1\" style=\"margin-left: 1em; margin-right: 1em;\"><img decoding=\"async\" src=\"https:\/\/blogger.googleusercontent.com\/img\/b\/R29vZ2xl\/AVvXsEgDDHtrxEPaqqn1u3s-KqdeOSqC5zgYNiKlU600zkHsO0gZ2vNGvPmJbeCjudt93GC0AGThQB1yddQBDU30zu8DHGdhFiCGxMaWfxLdicz-HQ6fKBrNceeKWF-Lj8Xjo0G31RRXug\/s2048\/Aqu%25C3%25AD+como+en+Viena+2017.jpg\" \/><\/a><\/p>\n<p>E, atenci\u00f3n: hai que ir procurar as entradas antes!<\/p>\n<p>Un par de complementos:<\/p>\n<p>Comezando a historia da Banda Municipal de Ribadeo<\/p>\n<p>A banda naceu\u2026 Non, hai que comezar antes: a banda municipal de Ribadeo tivo un caldo de cultivo e uns coidados previos. En Ribadeo hab\u00eda tradici\u00f3n musical, e \u00f3 longo do s\u00e9culo XX diversas iniciativas foron relev\u00e1ndose de xeito que a finais dos oitenta quedaba unha agrupaci\u00f3n xa daquela de longa tradici\u00f3n, a Coral Polif\u00f3nica, mentres se suced\u00edan grupos musicais diversos. Foi ese o caldo de cultivo no que se comezou a pensar nunha banda de m\u00fasica para Ribadeo, algo do que a vila carec\u00eda dende uns trinta anos antes. O impulso que marcou o comezo do cami\u00f1o foi o xuntar forzas de V\u00edctor Manuel Sanjurjo (Choup\u00edn), e Evaristo Lombardero, no 1988, que atraeron outras persoas, Ana Mar\u00eda Rodr\u00edguez (Ani), Jos\u00e9 Loredo (Pepe da Caixa), Toni Dea\u00f1o, Carlos D\u00edaz e eu mesmo para facer unha xestora. A xestora sacou adiante uns estatutos, e, \u00f3 tempo, f\u00f3ronse inscribindo un xerme de socios. O torrente desbordante do Choupo, un proxecto consistente e unha ilusi\u00f3n contaxiosa fac\u00edan medrar, d\u00eda a d\u00eda, a idea.<\/p>\n<p>Botou a andar a sociedade de Amadores da M\u00fasica, e o primeiro foi procurar unha persoa que puidera levar adiante a formaci\u00f3n musical, que se considerou b\u00e1sica para chegar a bo porto, e logo dirixir a banda. As\u00ed se chegou a unha persoa que ti\u00f1a un proxecto persoal que \u00eda como anel o dedo \u00f3 proxecto nacente. Hern\u00e1n Naval chegou a Ribadeo e o primeiro que fixo foi clarificar, o proxecto com\u00fan na s\u00faa parte musical: a banda, finalidade de Amadores da M\u00fasica pero \u00f3 tempo con vida propia. Era o ano 1989. Tres anos foi a cifra b\u00e1sica marcada nun primeiro momento para formar a agrupaci\u00f3n e comezar as actuaci\u00f3ns. E, co comezo do curso acad\u00e9mico 1989-90, deu comezo a formaci\u00f3n musical. O pequeno grupo de xente que se apuntou \u00e1 academia de musica destacaba por ilusi\u00f3n, por ganas, por traballo, pero sobre todo polo ambiente que se formou.<\/p>\n<p>O 9 de xullo de 1991, Amadores, en asemblea, puxo data para o nacemento da banda, programando con tempo, de xeito natural. As\u00ed, o 25 de xaneiro de 1992, con antelaci\u00f3n \u00f3 previsto, a banda tivo o seu concerto inaugural abr\u00edndose \u00f3 mundo cos compases da Marcha Militar n\u00ba 1, Op. 51 de F. Schubert. A segunda obra, Airi\u00f1os, aires!, foi xa unha alegor\u00eda para os m\u00fasicos, que despois do Coro de peregrinos do Tannh\u00e4user encami\u00f1aron o fin do concerto sent\u00edndose participantes da historia musical de Ribadeo.<\/p>\n<p>Dende aquela, as diversas actuaci\u00f3ns (xa 100 en Melide o 19 de agosto do 1995) foron deixando o seu aporte na historia da agrupaci\u00f3n, das persoas que a te\u00f1en integrado, da sociedade que a apoia e do p\u00fablico que as goza.<\/p>\n<p>A d\u00eda de hoxe, a banda xa hai longo tempo que cumpriu a s\u00faa maior\u00eda de idade\u2026 e segue a facer historia.<\/p>\n<p>Antonio Gregorio Montes<\/p>\n<p>(<a href=\"http:\/\/www.galiciadigital.com\/opinion\/opinion.15075.php\">publicado por primeira vez en Galicia Dixital<\/a>)<\/p>\n<p>&nbsp;Folleto de &#8216;Aqu\u00ed como en Viena&#8217; do ano 1993:<\/p>\n<p><a href=\"https:\/\/blogger.googleusercontent.com\/img\/b\/R29vZ2xl\/AVvXsEjAmIORf0wfMvt9OtR952PbCXgoKGplqjvIQCpcEE7H7l8wprgnj-D_HGyj5PR3rR_6llEpeGZKVgCprIrZrerw7UeEDxJkeVGbaopaoVs_gHFfikHA1nQWoZQ0D-Cwl1aJaLRpwg\/s2048\/aqu%25C3%25AD+como+en+Viena+1993+1.jpg\" imageanchor=\"1\" style=\"margin-left: 1em; margin-right: 1em;\"><img loading=\"lazy\" decoding=\"async\" height=\"640\" src=\"https:\/\/blogger.googleusercontent.com\/img\/b\/R29vZ2xl\/AVvXsEjAmIORf0wfMvt9OtR952PbCXgoKGplqjvIQCpcEE7H7l8wprgnj-D_HGyj5PR3rR_6llEpeGZKVgCprIrZrerw7UeEDxJkeVGbaopaoVs_gHFfikHA1nQWoZQ0D-Cwl1aJaLRpwg\/s2048\/aqu%25C3%25AD+como+en+Viena+1993+1.jpg\" width=\"484\" \/><\/a><\/p>\n<p><a href=\"https:\/\/blogger.googleusercontent.com\/img\/b\/R29vZ2xl\/AVvXsEj8w4VhzkokBXjgx-TwaxEzP7LTXgnTLGKC4WrbBV-iHs-qihafUTKXyiCyxuP5XXKS5Voa5RdabnwrQyPWlcvI8SdtFr9TJui3sBORQVC2k68jeXUWzJcEE9SSRLv_G_emeuN9WA\/s2048\/aqu%25C3%25AD+como+en+Viena+1993+2.jpg\" imageanchor=\"1\" style=\"margin-left: 1em; margin-right: 1em;\"><img loading=\"lazy\" decoding=\"async\" height=\"640\" src=\"https:\/\/blogger.googleusercontent.com\/img\/b\/R29vZ2xl\/AVvXsEj8w4VhzkokBXjgx-TwaxEzP7LTXgnTLGKC4WrbBV-iHs-qihafUTKXyiCyxuP5XXKS5Voa5RdabnwrQyPWlcvI8SdtFr9TJui3sBORQVC2k68jeXUWzJcEE9SSRLv_G_emeuN9WA\/s2048\/aqu%25C3%25AD+como+en+Viena+1993+2.jpg\" width=\"484\" \/><\/a><\/p>\n","protected":false},"excerpt":{"rendered":"<p>Hai xa moitos anos, 25, que baixo a batuta de Hern\u00e1n Naval comezou a serie de concertos de Nadal\/ano novo\/como aqu\u00ed, nin en Viena\/aqu\u00ed, como en Viena. Neste 2017, a cousa pres\u00e9ntase as\u00ed: E, atenci\u00f3n: hai que ir procurar as entradas antes! Un par de complementos: Comezando a historia da Banda Municipal de Ribadeo A [&hellip;]<\/p>\n","protected":false},"author":3,"featured_media":0,"comment_status":"open","ping_status":"closed","sticky":false,"template":"","format":"standard","meta":{"activitypub_content_warning":"","activitypub_content_visibility":"","activitypub_max_image_attachments":3,"activitypub_interaction_policy_quote":"anyone","activitypub_status":"federate","footnotes":""},"categories":[1],"tags":[81,51,23],"class_list":["post-5620","post","type-post","status-publish","format-standard","hentry","category-sen-categoria","tag-banda","tag-hernan-naval","tag-musica"],"_links":{"self":[{"href":"https:\/\/blogs.amarinha.gal\/ribadeando\/wp-json\/wp\/v2\/posts\/5620","targetHints":{"allow":["GET"]}}],"collection":[{"href":"https:\/\/blogs.amarinha.gal\/ribadeando\/wp-json\/wp\/v2\/posts"}],"about":[{"href":"https:\/\/blogs.amarinha.gal\/ribadeando\/wp-json\/wp\/v2\/types\/post"}],"author":[{"embeddable":true,"href":"https:\/\/blogs.amarinha.gal\/ribadeando\/wp-json\/wp\/v2\/users\/3"}],"replies":[{"embeddable":true,"href":"https:\/\/blogs.amarinha.gal\/ribadeando\/wp-json\/wp\/v2\/comments?post=5620"}],"version-history":[{"count":0,"href":"https:\/\/blogs.amarinha.gal\/ribadeando\/wp-json\/wp\/v2\/posts\/5620\/revisions"}],"wp:attachment":[{"href":"https:\/\/blogs.amarinha.gal\/ribadeando\/wp-json\/wp\/v2\/media?parent=5620"}],"wp:term":[{"taxonomy":"category","embeddable":true,"href":"https:\/\/blogs.amarinha.gal\/ribadeando\/wp-json\/wp\/v2\/categories?post=5620"},{"taxonomy":"post_tag","embeddable":true,"href":"https:\/\/blogs.amarinha.gal\/ribadeando\/wp-json\/wp\/v2\/tags?post=5620"}],"curies":[{"name":"wp","href":"https:\/\/api.w.org\/{rel}","templated":true}]}}