{"id":5613,"date":"2018-01-03T10:29:00","date_gmt":"2018-01-03T09:29:00","guid":{"rendered":""},"modified":"2024-11-12T13:30:38","modified_gmt":"2024-11-12T12:30:38","slug":"lembranzas-do-concerto-de-nadal-en","status":"publish","type":"post","link":"https:\/\/blogs.amarinha.gal\/ribadeando\/2018\/01\/03\/lembranzas-do-concerto-de-nadal-en\/","title":{"rendered":"Lembranzas do concerto de Nadal en Ribadeo (Aqu\u00ed como en Viena 2017)"},"content":{"rendered":"<p>Un pase, o d\u00edptico e unha foto como lembranza visual. O dous \u00faltimos temas como lembranza auditiva.<\/p>\n<p><a href=\"https:\/\/blogger.googleusercontent.com\/img\/b\/R29vZ2xl\/AVvXsEjMU3qmxw3lhXDsgZ5nVCrD8J89NyGu_kDI_KTo6ral9TrvhiauFeAPaJoU0JH6yEfkc7aZuqW77pHCqPOQIWMam7L9UfJ5oUnm6nBJRt1fRdNBIItHxtkJYxGAJ_XuHLhWgGAcIA\/s2048\/pase_Aqu%25C3%25AD+como+en+Viena+2017.jpg\" imageanchor=\"1\" style=\"margin-left: 1em; margin-right: 1em;\"><img loading=\"lazy\" decoding=\"async\" height=\"302\" src=\"https:\/\/blogger.googleusercontent.com\/img\/b\/R29vZ2xl\/AVvXsEjMU3qmxw3lhXDsgZ5nVCrD8J89NyGu_kDI_KTo6ral9TrvhiauFeAPaJoU0JH6yEfkc7aZuqW77pHCqPOQIWMam7L9UfJ5oUnm6nBJRt1fRdNBIItHxtkJYxGAJ_XuHLhWgGAcIA\/s2048\/pase_Aqu%25C3%25AD+como+en+Viena+2017.jpg\" width=\"640\" \/><\/a><\/p>\n<p><a href=\"https:\/\/blogger.googleusercontent.com\/img\/b\/R29vZ2xl\/AVvXsEiRyTlp68caeh2Q_NP3AyQvFUzrH24fV8_L5TBIng5smnpef56WuZHfQuZCx_VCvPF9vfdi0uE7O3jlyz78415HgNk9ecW63AwSVXy9jq_9_QNMaA1Wfesvh87ykPxoJstzaoZUoA\/s2048\/D%25C3%25ADptico+Aqu%25C3%25AD+como+en+Viena-1_2017.jpg\" imageanchor=\"1\" style=\"margin-left: 1em; margin-right: 1em;\"><img decoding=\"async\" src=\"https:\/\/blogger.googleusercontent.com\/img\/b\/R29vZ2xl\/AVvXsEiRyTlp68caeh2Q_NP3AyQvFUzrH24fV8_L5TBIng5smnpef56WuZHfQuZCx_VCvPF9vfdi0uE7O3jlyz78415HgNk9ecW63AwSVXy9jq_9_QNMaA1Wfesvh87ykPxoJstzaoZUoA\/s2048\/D%25C3%25ADptico+Aqu%25C3%25AD+como+en+Viena-1_2017.jpg\" \/><\/a><\/p>\n<p><a href=\"https:\/\/blogger.googleusercontent.com\/img\/b\/R29vZ2xl\/AVvXsEh60drptzHGv7YxDP0ZL1rn7dYCuqzAZCeswu7AenAkkY3XsXQJALnOB2ya8jyc_9SqWmGY0p5MpJa-Kjag2Bjg3FcXHrp2ES0OP0NIjBM97WfgQs6bXFP9YHOu5DSJBsvyPwHMvA\/s2048\/D%25C3%25ADptico+Aqu%25C3%25AD+como+en+Viena-2_2017.jpg\" imageanchor=\"1\" style=\"margin-left: 1em; margin-right: 1em;\"><img decoding=\"async\" src=\"https:\/\/blogger.googleusercontent.com\/img\/b\/R29vZ2xl\/AVvXsEh60drptzHGv7YxDP0ZL1rn7dYCuqzAZCeswu7AenAkkY3XsXQJALnOB2ya8jyc_9SqWmGY0p5MpJa-Kjag2Bjg3FcXHrp2ES0OP0NIjBM97WfgQs6bXFP9YHOu5DSJBsvyPwHMvA\/s2048\/D%25C3%25ADptico+Aqu%25C3%25AD+como+en+Viena-2_2017.jpg\" \/><\/a><\/p>\n<p><a href=\"https:\/\/blogger.googleusercontent.com\/img\/b\/R29vZ2xl\/AVvXsEg1CvgANnM0Lkp9-GZenizmpKIS6WkTUHTIwlqqEus3HITsySl4UCcDzmhxed70gSJQPYK6-teforVwOkMtY-AmB5YiCewyiHP6OfmcPmairMXyi0LKj6K2qH28tYCxvplluRfm2w\/s2048\/imaxe+concerto+Aqu%25C3%25AD+como+en+Viena+2017.jpg\" imageanchor=\"1\" style=\"margin-left: 1em; margin-right: 1em;\"><img decoding=\"async\" src=\"https:\/\/blogger.googleusercontent.com\/img\/b\/R29vZ2xl\/AVvXsEg1CvgANnM0Lkp9-GZenizmpKIS6WkTUHTIwlqqEus3HITsySl4UCcDzmhxed70gSJQPYK6-teforVwOkMtY-AmB5YiCewyiHP6OfmcPmairMXyi0LKj6K2qH28tYCxvplluRfm2w\/s2048\/imaxe+concerto+Aqu%25C3%25AD+como+en+Viena+2017.jpg\" \/><\/a><\/p>\n<p><iframe loading=\"lazy\" width=\"320\" height=\"266\" class=\"YOUTUBE-iframe-video\" data-thumbnail-src=\"https:\/\/i.ytimg.com\/vi\/rEACv_7N06w\/0.jpg\" src=\"https:\/\/www.youtube.com\/embed\/rEACv_7N06w?feature=player_embedded\" frameborder=\"0\" allowfullscreen><\/iframe><\/p>\n","protected":false},"excerpt":{"rendered":"<p>Un pase, o d\u00edptico e unha foto como lembranza visual. O dous \u00faltimos temas como lembranza auditiva.<\/p>\n","protected":false},"author":3,"featured_media":0,"comment_status":"open","ping_status":"closed","sticky":false,"template":"","format":"standard","meta":{"activitypub_content_warning":"","activitypub_content_visibility":"","activitypub_max_image_attachments":3,"activitypub_interaction_policy_quote":"anyone","activitypub_status":"federate","footnotes":""},"categories":[1],"tags":[81,23],"class_list":["post-5613","post","type-post","status-publish","format-standard","hentry","category-sen-categoria","tag-banda","tag-musica"],"_links":{"self":[{"href":"https:\/\/blogs.amarinha.gal\/ribadeando\/wp-json\/wp\/v2\/posts\/5613","targetHints":{"allow":["GET"]}}],"collection":[{"href":"https:\/\/blogs.amarinha.gal\/ribadeando\/wp-json\/wp\/v2\/posts"}],"about":[{"href":"https:\/\/blogs.amarinha.gal\/ribadeando\/wp-json\/wp\/v2\/types\/post"}],"author":[{"embeddable":true,"href":"https:\/\/blogs.amarinha.gal\/ribadeando\/wp-json\/wp\/v2\/users\/3"}],"replies":[{"embeddable":true,"href":"https:\/\/blogs.amarinha.gal\/ribadeando\/wp-json\/wp\/v2\/comments?post=5613"}],"version-history":[{"count":0,"href":"https:\/\/blogs.amarinha.gal\/ribadeando\/wp-json\/wp\/v2\/posts\/5613\/revisions"}],"wp:attachment":[{"href":"https:\/\/blogs.amarinha.gal\/ribadeando\/wp-json\/wp\/v2\/media?parent=5613"}],"wp:term":[{"taxonomy":"category","embeddable":true,"href":"https:\/\/blogs.amarinha.gal\/ribadeando\/wp-json\/wp\/v2\/categories?post=5613"},{"taxonomy":"post_tag","embeddable":true,"href":"https:\/\/blogs.amarinha.gal\/ribadeando\/wp-json\/wp\/v2\/tags?post=5613"}],"curies":[{"name":"wp","href":"https:\/\/api.w.org\/{rel}","templated":true}]}}