{"id":5608,"date":"2018-01-07T10:50:00","date_gmt":"2018-01-07T09:50:00","guid":{"rendered":""},"modified":"2024-11-12T13:30:30","modified_gmt":"2024-11-12T12:30:30","slug":"e-continua-o-belen","status":"publish","type":"post","link":"https:\/\/blogs.amarinha.gal\/ribadeando\/2018\/01\/07\/e-continua-o-belen\/","title":{"rendered":"E contin\u00faa o Bel\u00e9n!"},"content":{"rendered":"<p>Cos reis pasados, as festas de Nadal tocan \u00f3 fin. Nunnha continuaci\u00f3n tradicional, os bel\u00e9ns de exposici\u00f3n a\u00ednda non ser\u00e1n desmontados. Non sei o da Orde Terceira, mais o da <a href=\"http:\/\/ribadeando.blogspot.com.es\/search?q=Asociaci%C3%B3n+belenista\">Asociaci\u00f3n Belenista<\/a>, na antiga Casa Maseda, na esquina da r\/ Villafranca coa Praza de Espa\u00f1a, continuar\u00e1 visitable ata cousa de fin de mes. Este bel\u00e9n est\u00e1 conformado seguindo a etapa do cami\u00f1o de Santiago Ribadeo-Mondo\u00f1edo, seguindo as diferentes capelas polas que pasa (non todas: est\u00e1 o mosteiro de S. Salvador de Lourenz\u00e1, pero non a s\u00faa igrexa, e a praza da catedral de Mondo\u00f1edo, pero non o edificio da catedral). Deixo como mostra varias fotos de capelas, tomadas por Goyi G\u00f3mez:<\/p>\n<p><a href=\"https:\/\/blogger.googleusercontent.com\/img\/b\/R29vZ2xl\/AVvXsEhXJcwfJNdq37gdHsNi86sEYFZaGov70Qq-GyB7jIs-TKVzwGvFO7XtLRqXsItoYCPT5BWKQenI3JsU_fho3JGDzGlfYKKLZz7611Xkfn69W_8f-iN_oj8G6gIjq2EBQTj8LIG_pA\/s2048\/20180107-WA0007_.jpg\" imageanchor=\"1\" style=\"margin-left: 1em; margin-right: 1em;\"><img decoding=\"async\" src=\"https:\/\/blogger.googleusercontent.com\/img\/b\/R29vZ2xl\/AVvXsEhXJcwfJNdq37gdHsNi86sEYFZaGov70Qq-GyB7jIs-TKVzwGvFO7XtLRqXsItoYCPT5BWKQenI3JsU_fho3JGDzGlfYKKLZz7611Xkfn69W_8f-iN_oj8G6gIjq2EBQTj8LIG_pA\/s2048\/20180107-WA0007_.jpg\" \/><\/a><\/p>\n<p>Capela da Virxe do Cami\u00f1o<\/p>\n<p><a href=\"https:\/\/blogger.googleusercontent.com\/img\/b\/R29vZ2xl\/AVvXsEgWptyqu9XCYojhE4Hai0aOrv_krN-IhDMFQA9h5FZaojcp4L952KCpgMg_OoYG0JdqMMYix2eNi9dBXtarXidHCCEjtAOWCSYX4SN0ZO2vZPV_qq616gq65RGWcc7bz1_YbqQKXg\/s2048\/20180107-WA0005_.jpg\" imageanchor=\"1\" style=\"margin-left: 1em; margin-right: 1em;\"><img decoding=\"async\" src=\"https:\/\/blogger.googleusercontent.com\/img\/b\/R29vZ2xl\/AVvXsEgWptyqu9XCYojhE4Hai0aOrv_krN-IhDMFQA9h5FZaojcp4L952KCpgMg_OoYG0JdqMMYix2eNi9dBXtarXidHCCEjtAOWCSYX4SN0ZO2vZPV_qq616gq65RGWcc7bz1_YbqQKXg\/s2048\/20180107-WA0005_.jpg\" \/><\/a><\/p>\n<p>Igrexa de S. Vicente de Covelas<\/p>\n<p><a href=\"https:\/\/blogger.googleusercontent.com\/img\/b\/R29vZ2xl\/AVvXsEgZGa8yACOgRDc-lEOL4P8MTDxCxyJUvT4awI-4YEww16tKubd8mgnoiXbYMd3Ux6BiEYAWyea8_Xa2AMHiqVCnSZ3WmwGeXYHEDQ7IGAbKPtaboS_6JzaTbh8xCQiA-kyXb5RXcg\/s2048\/20180107-WA0001_.jpg\" imageanchor=\"1\" style=\"margin-left: 1em; margin-right: 1em;\"><img decoding=\"async\" src=\"https:\/\/blogger.googleusercontent.com\/img\/b\/R29vZ2xl\/AVvXsEgZGa8yACOgRDc-lEOL4P8MTDxCxyJUvT4awI-4YEww16tKubd8mgnoiXbYMd3Ux6BiEYAWyea8_Xa2AMHiqVCnSZ3WmwGeXYHEDQ7IGAbKPtaboS_6JzaTbh8xCQiA-kyXb5RXcg\/s2048\/20180107-WA0001_.jpg\" \/><\/a><\/p>\n<p>Igrexa de S. Xusto (Barreiros)<\/p>\n<p><a href=\"https:\/\/blogger.googleusercontent.com\/img\/b\/R29vZ2xl\/AVvXsEjlT__vfMgThZG_5L5tUrjIJ3b9tm9Pi5VWdiRkcZE1n2ROS3bB-IQ00ZZtqRysCH3lBGzuXmIsFxXVRPf7Yfn7gIkBHJWbR1HYH75_-Wnopw4mzlOueHp-guC6bw30HUxQwkfJFw\/s2048\/20180107-WA0004_.jpg\" imageanchor=\"1\" style=\"margin-left: 1em; margin-right: 1em;\"><img decoding=\"async\" src=\"https:\/\/blogger.googleusercontent.com\/img\/b\/R29vZ2xl\/AVvXsEjlT__vfMgThZG_5L5tUrjIJ3b9tm9Pi5VWdiRkcZE1n2ROS3bB-IQ00ZZtqRysCH3lBGzuXmIsFxXVRPf7Yfn7gIkBHJWbR1HYH75_-Wnopw4mzlOueHp-guC6bw30HUxQwkfJFw\/s2048\/20180107-WA0004_.jpg\" \/><\/a><\/p>\n<p>Praza da Catedral de Mondo\u00f1edo<\/p>\n<p><a href=\"https:\/\/blogger.googleusercontent.com\/img\/b\/R29vZ2xl\/AVvXsEhZFgWIcMQqy0JiWtLjH8RrGiRkQR7fod-xeBn7VVg2e8YXLwCY2Y8FofkH_cYxSBW1-JBRLZgzhO2G3jSk_Lk7Lo4Ja7U0By-GJnG26JS_hctndFZNhM82D4LN7E6epw3oTk1oNw\/s2048\/20180107-WA0000_.jpg\" imageanchor=\"1\" style=\"margin-left: 1em; margin-right: 1em;\"><img decoding=\"async\" src=\"https:\/\/blogger.googleusercontent.com\/img\/b\/R29vZ2xl\/AVvXsEhZFgWIcMQqy0JiWtLjH8RrGiRkQR7fod-xeBn7VVg2e8YXLwCY2Y8FofkH_cYxSBW1-JBRLZgzhO2G3jSk_Lk7Lo4Ja7U0By-GJnG26JS_hctndFZNhM82D4LN7E6epw3oTk1oNw\/s2048\/20180107-WA0000_.jpg\" \/><\/a><\/p>\n<p>Pza. da catedral de Mondo\u00f1edo, outra vista.<\/p>\n<p>&#8212;<\/p>\n<p>Sobre Bel\u00e9ns:<\/p>\n<p><a href=\"http:\/\/ribadeando.blogspot.com.es\/2015\/12\/o-nacemento-da-asoicacion-belenista.html\">Nadal 2015<\/a> <\/p>\n<p><a href=\"http:\/\/ribadeando.blogspot.com.es\/2015\/01\/desarmouse-o-belen.html\">En Vilalba (2015)<\/a><\/p>\n<p>Bel\u00e9ns de Ribadeo (<a href=\"http:\/\/ribadeando.blogspot.com\/2008\/12\/armuse-o-beln.html\">Asoc. belenista<\/a>, Orde terceira, etc)<\/p>\n<p>Nadal 2013 (<a href=\"http:\/\/ribadeando.blogspot.com\/2014\/01\/concerto-de-nadal-e-residuos.html\">actuaci\u00f3n<\/a>) <\/p>\n<p><a href=\"http:\/\/ribadeando.blogspot.com.es\/2012\/12\/e-armouse-o-belen.html\">Nadal 2012<\/a><\/p>\n<p><a href=\"http:\/\/ribadeando.blogspot.com\/2011\/12\/un-descanso-para-deixar-marchar-o-ano.html\">Nadal 2011<\/a> <\/p>\n<p><a href=\"http:\/\/ribadeando.blogspot.com.es\/2010\/12\/os-belens-de-ribadeo.html\">Nadal 2010<\/a> <\/p>\n<p><a href=\"http:\/\/ribadeando.blogspot.com\/2008\/12\/armuse-o-beln.html\">Nadal 2008<\/a><\/p>\n<p>O <a href=\"https:\/\/www.facebook.com\/AgrupacionBelenistaRibadeo\">Facebook da Asociaci\u00f3n Belenista<\/a>.<\/p>\n","protected":false},"excerpt":{"rendered":"<p>Cos reis pasados, as festas de Nadal tocan \u00f3 fin. Nunnha continuaci\u00f3n tradicional, os bel\u00e9ns de exposici\u00f3n a\u00ednda non ser\u00e1n desmontados. Non sei o da Orde Terceira, mais o da Asociaci\u00f3n Belenista, na antiga Casa Maseda, na esquina da r\/ Villafranca coa Praza de Espa\u00f1a, continuar\u00e1 visitable ata cousa de fin de mes. Este bel\u00e9n [&hellip;]<\/p>\n","protected":false},"author":3,"featured_media":0,"comment_status":"open","ping_status":"closed","sticky":false,"template":"","format":"standard","meta":{"activitypub_content_warning":"","activitypub_content_visibility":"","activitypub_max_image_attachments":3,"activitypub_interaction_policy_quote":"anyone","activitypub_status":"federated","footnotes":""},"categories":[1],"tags":[],"class_list":["post-5608","post","type-post","status-publish","format-standard","hentry","category-sen-categoria"],"_links":{"self":[{"href":"https:\/\/blogs.amarinha.gal\/ribadeando\/wp-json\/wp\/v2\/posts\/5608","targetHints":{"allow":["GET"]}}],"collection":[{"href":"https:\/\/blogs.amarinha.gal\/ribadeando\/wp-json\/wp\/v2\/posts"}],"about":[{"href":"https:\/\/blogs.amarinha.gal\/ribadeando\/wp-json\/wp\/v2\/types\/post"}],"author":[{"embeddable":true,"href":"https:\/\/blogs.amarinha.gal\/ribadeando\/wp-json\/wp\/v2\/users\/3"}],"replies":[{"embeddable":true,"href":"https:\/\/blogs.amarinha.gal\/ribadeando\/wp-json\/wp\/v2\/comments?post=5608"}],"version-history":[{"count":0,"href":"https:\/\/blogs.amarinha.gal\/ribadeando\/wp-json\/wp\/v2\/posts\/5608\/revisions"}],"wp:attachment":[{"href":"https:\/\/blogs.amarinha.gal\/ribadeando\/wp-json\/wp\/v2\/media?parent=5608"}],"wp:term":[{"taxonomy":"category","embeddable":true,"href":"https:\/\/blogs.amarinha.gal\/ribadeando\/wp-json\/wp\/v2\/categories?post=5608"},{"taxonomy":"post_tag","embeddable":true,"href":"https:\/\/blogs.amarinha.gal\/ribadeando\/wp-json\/wp\/v2\/tags?post=5608"}],"curies":[{"name":"wp","href":"https:\/\/api.w.org\/{rel}","templated":true}]}}