{"id":5607,"date":"2018-01-08T07:38:00","date_gmt":"2018-01-08T06:38:00","guid":{"rendered":""},"modified":"2024-11-12T13:30:29","modified_gmt":"2024-11-12T12:30:29","slug":"xeo-en-ribadeo-pista-ano-ii","status":"publish","type":"post","link":"https:\/\/blogs.amarinha.gal\/ribadeando\/2018\/01\/08\/xeo-en-ribadeo-pista-ano-ii\/","title":{"rendered":"Xeo en Ribadeo: pista, ano II"},"content":{"rendered":"<p>Remata de pechar a segunda tempada da pista de xeo en Ribadeo . O parque deixar\u00e1 xa de estar ocupado despois de ver a montaxe no seu centro <a href=\"http:\/\/ribadeando.blogspot.com.es\/2017\/12\/7-de-decembro-xa-chegou-o-nadal-ribadeo.html\">dende hai un mes<\/a>.<\/p>\n<p>Agora, din, \u00e9 cousa de botar contas. O ano pasado tivo un d\u00e9ficit de 12 000 \u20ac, asumidos polo concello. Este ano, segundo o xornal, os n\u00fameros de custe voltaron aproximadamente a reproducirse: 35 000 \u20ac aportados polo concello, m\u00e1is 4 000 de ACISA para a carpa (os 35 000 \u20ac do concello non est\u00e1n inclu\u00eddos na <a href=\"http:\/\/ribadeando.blogspot.com.es\/2017\/11\/14-por-cada-ribadense.html\">subvenci\u00f3n a ACISA<\/a>). O ano pasado a perda para concello foi de m\u00e1is de 12 000 \u20ac (\u00e9 dicir, custe efectivo para o concello). Os visitantes do pasado ano estaban cifrados en 7000, algo que se repite este ano. Este ano veremos as contas e a valoraci\u00f3n, cousas que o pasado ano foron respectivamente negativas e positiva, segundo o concello.<\/p>\n<table align=\"center\" cellpadding=\"0\" cellspacing=\"0\" class=\"tr-caption-container\" style=\"margin-left: auto; margin-right: auto; text-align: center;\">\n<tbody>\n<tr>\n<td style=\"text-align: center;\"><a href=\"https:\/\/blogger.googleusercontent.com\/img\/b\/R29vZ2xl\/AVvXsEiRhy0xL6QyUNoxrzCrxaOKNSprk-ojCiKSQjR4_et3VF0yAP_3AZyQZKswxI_Sm27pdbboNJLzU3umMrtaz1zcDLSJ-IQitLFJ7n8znVX3ZOgfRmnOB1ftbRheNgNF4Gtb0kn0ZA\/s2048\/Foto_pista_xeo.JPG\" imageanchor=\"1\" style=\"margin-left: auto; margin-right: auto;\"><img decoding=\"async\" src=\"https:\/\/blogger.googleusercontent.com\/img\/b\/R29vZ2xl\/AVvXsEiRhy0xL6QyUNoxrzCrxaOKNSprk-ojCiKSQjR4_et3VF0yAP_3AZyQZKswxI_Sm27pdbboNJLzU3umMrtaz1zcDLSJ-IQitLFJ7n8znVX3ZOgfRmnOB1ftbRheNgNF4Gtb0kn0ZA\/s2048\/Foto_pista_xeo.JPG\" \/><\/a><\/td>\n<\/tr>\n<tr>\n<td class=\"tr-caption\" style=\"text-align: center;\">Imaxe da <a href=\"http:\/\/ribadeando.blogspot.com.es\/2016\/12\/foto-natural.html\">pasada edici\u00f3n<\/a> coa nota de prensa do concello<\/td>\n<\/tr>\n<\/tbody>\n<\/table>\n<p>As <a href=\"http:\/\/ribadeando.blogspot.com.es\/2016\/01\/xa-non-hai-pista-de-xeo-en-ribadeo.html\">contas da pista de xeo do ano ano pasado, m\u00e1is ou menos, est\u00e1n aqu\u00ed<\/a>.<\/p>\n<table align=\"center\" cellpadding=\"0\" cellspacing=\"0\" class=\"tr-caption-container\" style=\"margin-left: auto; margin-right: auto; text-align: center;\">\n<tbody>\n<tr>\n<td style=\"text-align: center;\"><a href=\"https:\/\/blogger.googleusercontent.com\/img\/b\/R29vZ2xl\/AVvXsEhnaGEDb5QRYdMRJW08NERHLTGA4b5ru3nY_wasH6RRbhK_PCYoN22aYlYZ_g1cbplLop5dIWLvBoFpqDuyofuBlFJvg0NpxugwQru3MYp7n8b9N3BFCmYf-zDmmhpKyNVy-k_i2w\/s2048\/Nadal+2017+2.jpg\" imageanchor=\"1\" style=\"margin-left: auto; margin-right: auto;\"><img decoding=\"async\" src=\"https:\/\/blogger.googleusercontent.com\/img\/b\/R29vZ2xl\/AVvXsEhnaGEDb5QRYdMRJW08NERHLTGA4b5ru3nY_wasH6RRbhK_PCYoN22aYlYZ_g1cbplLop5dIWLvBoFpqDuyofuBlFJvg0NpxugwQru3MYp7n8b9N3BFCmYf-zDmmhpKyNVy-k_i2w\/s2048\/Nadal+2017+2.jpg\" \/><\/a><\/td>\n<\/tr>\n<tr>\n<td class=\"tr-caption\" style=\"text-align: center;\">Montando a pista de xeo nesta edici\u00f3n.<\/td>\n<\/tr>\n<\/tbody>\n<\/table>\n<p>&#8212; <\/p>\n<p>Sobre a pista de xeo: <a href=\"http:\/\/ribadeando.blogspot.com.es\/search?q=pista+de+xeo&amp;max-results=20&amp;by-date=true\">http:\/\/ribadeando.blogspot.com.es\/search?q=pista+de+xeo&amp;max-results=20&amp;by-date=true<\/a><\/p>\n","protected":false},"excerpt":{"rendered":"<p>Remata de pechar a segunda tempada da pista de xeo en Ribadeo . O parque deixar\u00e1 xa de estar ocupado despois de ver a montaxe no seu centro dende hai un mes. Agora, din, \u00e9 cousa de botar contas. O ano pasado tivo un d\u00e9ficit de 12 000 \u20ac, asumidos polo concello. Este ano, segundo [&hellip;]<\/p>\n","protected":false},"author":3,"featured_media":0,"comment_status":"open","ping_status":"closed","sticky":false,"template":"","format":"standard","meta":{"activitypub_content_warning":"","activitypub_content_visibility":"","activitypub_max_image_attachments":3,"activitypub_interaction_policy_quote":"anyone","activitypub_status":"federated","footnotes":""},"categories":[1],"tags":[98,79,21,9],"class_list":["post-5607","post","type-post","status-publish","format-standard","hentry","category-sen-categoria","tag-acisa","tag-deporte","tag-economia","tag-sociedade"],"_links":{"self":[{"href":"https:\/\/blogs.amarinha.gal\/ribadeando\/wp-json\/wp\/v2\/posts\/5607","targetHints":{"allow":["GET"]}}],"collection":[{"href":"https:\/\/blogs.amarinha.gal\/ribadeando\/wp-json\/wp\/v2\/posts"}],"about":[{"href":"https:\/\/blogs.amarinha.gal\/ribadeando\/wp-json\/wp\/v2\/types\/post"}],"author":[{"embeddable":true,"href":"https:\/\/blogs.amarinha.gal\/ribadeando\/wp-json\/wp\/v2\/users\/3"}],"replies":[{"embeddable":true,"href":"https:\/\/blogs.amarinha.gal\/ribadeando\/wp-json\/wp\/v2\/comments?post=5607"}],"version-history":[{"count":0,"href":"https:\/\/blogs.amarinha.gal\/ribadeando\/wp-json\/wp\/v2\/posts\/5607\/revisions"}],"wp:attachment":[{"href":"https:\/\/blogs.amarinha.gal\/ribadeando\/wp-json\/wp\/v2\/media?parent=5607"}],"wp:term":[{"taxonomy":"category","embeddable":true,"href":"https:\/\/blogs.amarinha.gal\/ribadeando\/wp-json\/wp\/v2\/categories?post=5607"},{"taxonomy":"post_tag","embeddable":true,"href":"https:\/\/blogs.amarinha.gal\/ribadeando\/wp-json\/wp\/v2\/tags?post=5607"}],"curies":[{"name":"wp","href":"https:\/\/api.w.org\/{rel}","templated":true}]}}